{"id":1013,"date":"2023-11-03T18:25:25","date_gmt":"2023-11-03T21:25:25","guid":{"rendered":"https:\/\/www.icomp.com.br\/camarim\/?p=1013"},"modified":"2025-01-24T17:17:08","modified_gmt":"2025-01-24T20:17:08","slug":"roupa-de-artista-7-dicas-valiosas-sobre-figurino-para-cantor","status":"publish","type":"post","link":"https:\/\/icomp.com.br\/camarim\/roupa-de-artista-7-dicas-valiosas-sobre-figurino-para-cantor\/","title":{"rendered":"Roupa de artista: 7 dicas valiosas sobre figurino para cantor"},"content":{"rendered":"<p><i><span style=\"font-weight: 400;\">Roupa de artista \u00e9 importante sim e eu vou te mostrar o porqu\u00ea!<\/span><\/i><\/p>\n<p><span style=\"font-weight: 400;\">E a\u00ed, cantor! Como vai esse estilo?<\/span><\/p>\n<p><span style=\"font-weight: 400;\">Quem trabalha no mercado da m\u00fasica sabe o quanto \u00e9 importante estar bem vestido. E sempre que necess\u00e1rio olhar para si e dizer: \u201cespelho, espelho meu, existe algu\u00e9m mais bonito do que eu?\u201d \ud83d\ude02<\/span><\/p>\n<p><span style=\"font-weight: 400;\">Isso porque a forma como voc\u00ea se veste muda como o p\u00fablico enxerga o seu show, al\u00e9m de garantir a confian\u00e7a que voc\u00ea precisa na hora de soltar a voz.\u00a0<\/span><\/p>\n<p><span style=\"font-weight: 400;\">Mas, pra ser bem sincero, eu n\u00e3o sou a pessoa mais entendida sobre moda e tend\u00eancias. Por isso, convidei um especialista em se vestir bem: Li Camargo, <\/span><a href=\"https:\/\/www.instagram.com\/naopercaoestilo\/?hl=pt-br\"><b>@naopercaoestilo<\/b><\/a><span style=\"font-weight: 400;\">. Ele j\u00e1 vestiu grandes nomes da m\u00fasica, como Luan Santana, Lucas Lucco, Yasmin Santos e muito mais. Batemos um papo em uma live sobre estilo e roupa de artista.\u00a0<\/span><\/p>\n<p><span style=\"font-weight: 400;\">Aqui, voc\u00ea encontra um resum\u00e3o de tudo que falamos por l\u00e1. Se quiser conferir a <\/span><a href=\"https:\/\/www.instagram.com\/tv\/CDPY4h7D57C\/\"><span style=\"font-weight: 400;\">live completa<\/span><\/a><span style=\"font-weight: 400;\"> que fizemos \u00e9 s\u00f3 clicar no link.\u00a0<\/span><\/p>\n<p><span style=\"font-weight: 400;\">Bora aprender mais sobre <\/span><b>roupa de artista<\/b><span style=\"font-weight: 400;\">\u00a0e ficar na moda? Vou colocar as dicas mais importantes para que voc\u00ea possa seguir e garantir um look daqueles em quaisquer ocasi\u00e3o. Vem comigo!<\/span><\/p>\n<h2><span style=\"font-weight: 400;\">#1 Voc\u00ea tem que se sentir bem<\/span><\/h2>\n<p><span style=\"font-weight: 400;\">De nada adianta estar com a roupa na estica se voc\u00ea n\u00e3o est\u00e1 se sentindo bem. Cada um tem o seu estilo e voc\u00ea precisa seguir a sua personalidade.\u00a0<\/span><\/p>\n<p><span style=\"font-weight: 400;\">Isso porque a roupa errada pode afetar o seu comportamento como um todo, alterando seu humor e confian\u00e7a. Agora, imagina se isso acontece na hora de um trabalho, como uma sess\u00e3o de fotos ou um show importante? Tenho certeza que seria p\u00e9ssimo.\u00a0<\/span><\/p>\n<p><span style=\"font-weight: 400;\">Ent\u00e3o, a primeira dica que eu posso dar \u00e9: sinta-se \u00e0 vontade com seu figurino e garanta que a imagem do espelho \u00e9 realmente quem voc\u00ea \u00e9.\u00a0<\/span><\/p>\n<h2><span style=\"font-weight: 400;\">#2 O g\u00eanero musical (nem sempre) importa<\/span><\/h2>\n<p><span style=\"font-weight: 400;\">Uma das coisas que comentamos na live \u00e9 se o g\u00eanero musical do artista interfere na hora dele se vestir. Voc\u00ea pode at\u00e9 achar o contr\u00e1rio, mas podemos dizer com tranquilidade que nem sempre isso afeta em algo.\u00a0<\/span><\/p>\n<p><span style=\"font-weight: 400;\">Afinal, estamos em pleno s\u00e9culo XXI, n\u00e9? Isso significa que foram incorporadas in\u00fameras tend\u00eancias de roupas e estilos nos g\u00eaneros de m\u00fasicas. No rock, por exemplo, d\u00e1 pra encontrar artistas com diferentes estilos, assim como tamb\u00e9m acontece no sertanejo, gospel e no funk.\u00a0<\/span><\/p>\n<p><span style=\"font-weight: 400;\">Ent\u00e3o, nem sempre o seu estilo musical precisa ser levado em conta na hora de construir o visual. Voc\u00ea pode usar ele como inspira\u00e7\u00e3o, mas n\u00e3o como base.\u00a0<\/span><\/p>\n<h2><span style=\"font-weight: 400;\">#3 Busque boas refer\u00eancias<\/span><\/h2>\n<p><span style=\"font-weight: 400;\">Eu sei que voc\u00ea tem o seu estilo, mas que tal pegar uma coisa aqui e ali para criar a linha criativa do seu vestu\u00e1rio?\u00a0<\/span><\/p>\n<p><span style=\"font-weight: 400;\">Ter boas refer\u00eancias de moda vai te inspirar na hora de criar in\u00fameros visuais, tanto para shows, ensaios fotogr\u00e1ficos e grava\u00e7\u00f5es de clipe e at\u00e9 DVD, por exemplo. Al\u00e9m disso, reunir algumas refer\u00eancias de roupas ajuda a organizar melhor as ideias, definir estilos e orientar conceitos visuais.<\/span><\/p>\n<p><span style=\"font-weight: 400;\">Uma dica \u00e9 usar o Pinterest, rede social que se parece com pins de inspira\u00e7\u00f5es. Voc\u00ea pode criar uma pastinha gratuitamente na plataforma para salvar uma porrada de ideias para diferentes tipos de projetos.\u00a0<\/span><\/p>\n<p><img loading=\"lazy\" decoding=\"async\" class=\"alignnone size-large wp-image-1022\" src=\"https:\/\/www.icomp.com.br\/camarim\/wp-content\/uploads\/2020\/11\/Roupa-de-artista-mulher-1024x678.png\" alt=\"\" width=\"1000\" height=\"662\" srcset=\"https:\/\/icomp.com.br\/camarim\/wp-content\/uploads\/2020\/11\/Roupa-de-artista-mulher-1024x678.png 1024w, https:\/\/icomp.com.br\/camarim\/wp-content\/uploads\/2020\/11\/Roupa-de-artista-mulher-300x199.png 300w, https:\/\/icomp.com.br\/camarim\/wp-content\/uploads\/2020\/11\/Roupa-de-artista-mulher-768x508.png 768w, https:\/\/icomp.com.br\/camarim\/wp-content\/uploads\/2020\/11\/Roupa-de-artista-mulher-453x300.png 453w, https:\/\/icomp.com.br\/camarim\/wp-content\/uploads\/2020\/11\/Roupa-de-artista-mulher.png 1268w\" sizes=\"auto, (max-width: 1000px) 100vw, 1000px\" \/><\/p>\n<p><img loading=\"lazy\" decoding=\"async\" class=\"alignnone size-large wp-image-1021\" src=\"https:\/\/www.icomp.com.br\/camarim\/wp-content\/uploads\/2020\/11\/Roupa-de-artista-homem-1024x678.png\" alt=\"\" width=\"1000\" height=\"662\" srcset=\"https:\/\/icomp.com.br\/camarim\/wp-content\/uploads\/2020\/11\/Roupa-de-artista-homem-1024x678.png 1024w, https:\/\/icomp.com.br\/camarim\/wp-content\/uploads\/2020\/11\/Roupa-de-artista-homem-300x198.png 300w, https:\/\/icomp.com.br\/camarim\/wp-content\/uploads\/2020\/11\/Roupa-de-artista-homem-768x508.png 768w, https:\/\/icomp.com.br\/camarim\/wp-content\/uploads\/2020\/11\/Roupa-de-artista-homem-453x300.png 453w, https:\/\/icomp.com.br\/camarim\/wp-content\/uploads\/2020\/11\/Roupa-de-artista-homem.png 1256w\" sizes=\"auto, (max-width: 1000px) 100vw, 1000px\" \/><\/p>\n<h2><span style=\"font-weight: 400;\">#4 Construa sua pr\u00f3pria identidade<\/span><\/h2>\n<p><span style=\"font-weight: 400;\">Ok, eu falei pra salvar algumas refer\u00eancias na dica anterior, mas nada de sair dando copia e cola nos looks dos outros por a\u00ed, hein?\u00a0<\/span><\/p>\n<p><span style=\"font-weight: 400;\">Todo artista precisa entender que ele \u00e9 \u00fanico! Logo, o visual tamb\u00e9m precisa ser recheado de personalidade e ess\u00eancia. Ent\u00e3o, veja o que voc\u00ea mais gosta, use as refer\u00eancias que encontrou por a\u00ed, mas sem copiar nada de ningu\u00e9m, fechado?<\/span><\/p>\n<p><span style=\"font-weight: 400;\">Sua identidade \u00e9 a sua identidade!\u00a0<\/span><\/p>\n<h2><span style=\"font-weight: 400;\">#5 Leve em conta a ocasi\u00e3o<\/span><\/h2>\n<p><span style=\"font-weight: 400;\">Um show \u00e9 diferente de uma sess\u00e3o de fotos e uma sess\u00e3o de fotos \u00e9 diferente da grava\u00e7\u00e3o de um DVD\u2026 Posso citar diversos outros eventos que s\u00e3o totalmente diferentes um dos outros e que pedem diferentes composi\u00e7\u00f5es de roupas.\u00a0<\/span><\/p>\n<p><span style=\"font-weight: 400;\">Onde eu quero chegar \u00e9 que voc\u00ea deve avaliar o tipo de evento antes de escolher sua roupa de artista. Para n\u00e3o restar d\u00favidas na hora de analisar se a combina\u00e7\u00e3o de pe\u00e7as est\u00e1 funcionando, confira o resultado do visual final em um espelho que pegue o corpo todo.\u00a0<\/span><\/p>\n<p><span style=\"font-weight: 400;\">Eu sei que \u00e0s vezes pode ser cansativo montar um visual novo sempre que tiver um trabalho. Para evitar que isso aconte\u00e7a e que voc\u00ea fique sem ideias, tente pensar no conceito do visual com antecipa\u00e7\u00e3o. Se poss\u00edvel converse com algu\u00e9m que entende do assunto para te ajudar a se programar, o Li Camargo \u00e9 um desses profissionais, aproveite para seguir <\/span><a href=\"http:\/\/instagram.com\/naopercaoestilo\"><span style=\"font-weight: 400;\">@naopercaoestilo<\/span><\/a><span style=\"font-weight: 400;\">.<\/span><\/p>\n<h2><span style=\"font-weight: 400;\">#6 Saiba suas medidas<\/span><\/h2>\n<p><span style=\"font-weight: 400;\">Errar no tamanho \u00e9 um dos erros mais comuns na hora de comprar roupa. Imagina voc\u00ea se apresentando com uma camisa muito apertada ou com aquela cal\u00e7a larga que chega nos joelhos?\u00a0<\/span><\/p>\n<p><span style=\"font-weight: 400;\">Isso poderia pegar mal, n\u00e9?<\/span><\/p>\n<p><span style=\"font-weight: 400;\">Ent\u00e3o, saiba suas medidas corretas e n\u00e3o diminua ou aumente demais os n\u00fameros. \u00c9 claro que se voc\u00ea gosta de uma roupa mais justa ou larga, pode-se fazer pequenos ajustes para que ela fique de acordo com suas prefer\u00eancias. Mas nada de exagerar, bel\u00ea?<\/span><\/p>\n<h2><span style=\"font-weight: 400;\">#7 Contrate quem entende sobre o assunto<\/span><\/h2>\n<p><span style=\"font-weight: 400;\">Uma coisa \u00e9 certa: ningu\u00e9m entende mais de roupa de artista do que um profissional que estudou especialmente para trabalhar com isso. Estou falando de designers de moda, consultores de imagem e estilistas.\u00a0<\/span><\/p>\n<p><span style=\"font-weight: 400;\">Essas pessoas s\u00e3o altamente qualificadas para te ajudar a montar um look especial para qualquer evento. Se tiver como, garanta ajuda desses profissionais ao longo de toda a carreira. Mas, se n\u00e3o der, o que \u00e9 completamente normal, tente contrat\u00e1-los em ocasi\u00f5es especiais, como algum ensaio fotogr\u00e1fico ou grava\u00e7\u00e3o de um videoclipe, por exemplo.\u00a0<\/span><\/p>\n<p><span style=\"font-weight: 400;\">Outro ponto \u00e9 que voc\u00ea n\u00e3o pode ter medo de falar suas prefer\u00eancias no vestu\u00e1rio. Exponha cada detalhe e leve todas as refer\u00eancias na m\u00e3o. O profissional de moda precisa entender sua verdadeira ess\u00eancia.<\/span><\/p>\n<p><span style=\"font-weight: 400;\">Agora que voc\u00ea entendeu um pouco mais sobre <\/span><b>roupa de artista<\/b><span style=\"font-weight: 400;\">, acesse o meu Instagram para conferir outros conte\u00fados sobre imagem art\u00edstica, marketing musical e muitos outros temas relacionados. Vira e mexe estou postando assuntos legais e diferentes para enriquecer sua bagagem de conhecimentos.\u00a0<\/span><\/p>\n<p><span style=\"font-weight: 400;\">Se preferir, tamb\u00e9m podemos marcar uma consultoria para bater um papo mais aprofundado sobre<a href=\"https:\/\/www.icomp.com.br\/camarim\/marketingmusical\/\"> marketing musical<\/a>. Tenho \u00f3timos conselhos pra te dar!<\/span><\/p>\n<p><span style=\"font-weight: 400;\">Valeu e at\u00e9 mais! \ud83d\ude42<\/span><\/p>\n","protected":false},"excerpt":{"rendered":"<p>Roupa de artista \u00e9 importante sim e eu vou te mostrar o porqu\u00ea! E a\u00ed, cantor! Como vai esse estilo? Quem trabalha no mercado da m\u00fasica sabe o quanto \u00e9 importante estar bem vestido. E sempre que necess\u00e1rio olhar para si e dizer: \u201cespelho, espelho meu, existe algu\u00e9m mais bonito do que eu?\u201d \ud83d\ude02 Isso [&hellip;]<\/p>\n","protected":false},"author":10,"featured_media":1015,"comment_status":"open","ping_status":"closed","sticky":false,"template":"","format":"image","meta":{"ocean_post_layout":"","ocean_both_sidebars_style":"","ocean_both_sidebars_content_width":0,"ocean_both_sidebars_sidebars_width":0,"ocean_sidebar":"","ocean_second_sidebar":"","ocean_disable_margins":"enable","ocean_add_body_class":"","ocean_shortcode_before_top_bar":"","ocean_shortcode_after_top_bar":"","ocean_shortcode_before_header":"","ocean_shortcode_after_header":"","ocean_has_shortcode":"","ocean_shortcode_after_title":"","ocean_shortcode_before_footer_widgets":"","ocean_shortcode_after_footer_widgets":"","ocean_shortcode_before_footer_bottom":"","ocean_shortcode_after_footer_bottom":"","ocean_display_top_bar":"default","ocean_display_header":"default","ocean_header_style":"","ocean_center_header_left_menu":"","ocean_custom_header_template":"","ocean_custom_logo":0,"ocean_custom_retina_logo":0,"ocean_custom_logo_max_width":0,"ocean_custom_logo_tablet_max_width":0,"ocean_custom_logo_mobile_max_width":0,"ocean_custom_logo_max_height":0,"ocean_custom_logo_tablet_max_height":0,"ocean_custom_logo_mobile_max_height":0,"ocean_header_custom_menu":"","ocean_menu_typo_font_family":"","ocean_menu_typo_font_subset":"","ocean_menu_typo_font_size":0,"ocean_menu_typo_font_size_tablet":0,"ocean_menu_typo_font_size_mobile":0,"ocean_menu_typo_font_size_unit":"px","ocean_menu_typo_font_weight":"","ocean_menu_typo_font_weight_tablet":"","ocean_menu_typo_font_weight_mobile":"","ocean_menu_typo_transform":"","ocean_menu_typo_transform_tablet":"","ocean_menu_typo_transform_mobile":"","ocean_menu_typo_line_height":0,"ocean_menu_typo_line_height_tablet":0,"ocean_menu_typo_line_height_mobile":0,"ocean_menu_typo_line_height_unit":"","ocean_menu_typo_spacing":0,"ocean_menu_typo_spacing_tablet":0,"ocean_menu_typo_spacing_mobile":0,"ocean_menu_typo_spacing_unit":"","ocean_menu_link_color":"","ocean_menu_link_color_hover":"","ocean_menu_link_color_active":"","ocean_menu_link_background":"","ocean_menu_link_hover_background":"","ocean_menu_link_active_background":"","ocean_menu_social_links_bg":"","ocean_menu_social_hover_links_bg":"","ocean_menu_social_links_color":"","ocean_menu_social_hover_links_color":"","ocean_disable_title":"default","ocean_disable_heading":"default","ocean_post_title":"","ocean_post_subheading":"","ocean_post_title_style":"","ocean_post_title_background_color":"","ocean_post_title_background":0,"ocean_post_title_bg_image_position":"","ocean_post_title_bg_image_attachment":"","ocean_post_title_bg_image_repeat":"","ocean_post_title_bg_image_size":"","ocean_post_title_height":0,"ocean_post_title_bg_overlay":0.5,"ocean_post_title_bg_overlay_color":"","ocean_disable_breadcrumbs":"default","ocean_breadcrumbs_color":"","ocean_breadcrumbs_separator_color":"","ocean_breadcrumbs_links_color":"","ocean_breadcrumbs_links_hover_color":"","ocean_display_footer_widgets":"default","ocean_display_footer_bottom":"default","ocean_custom_footer_template":"","ocean_post_oembed":"","ocean_post_self_hosted_media":"","ocean_post_video_embed":"","ocean_link_format":"","ocean_link_format_target":"self","ocean_quote_format":"","ocean_quote_format_link":"post","ocean_gallery_link_images":"on","ocean_gallery_id":[],"footnotes":""},"categories":[4,106],"tags":[80],"class_list":["post-1013","post","type-post","status-publish","format-image","has-post-thumbnail","hentry","category-marketing-musical","category-venda-de-shows","tag-roupa-de-artista","post_format-post-format-image","entry","has-media"],"yoast_head":"<!-- This site is optimized with the Yoast SEO plugin v27.4 - https:\/\/yoast.com\/product\/yoast-seo-wordpress\/ -->\n<title>Roupa de artista: 7 dicas valiosas sobre figurino para cantor - ICOMP<\/title>\n<meta name=\"description\" content=\"Saiba tudo sobre roupa de artista e figurino com a participa\u00e7\u00e3o de Li Camargo, stylist de diversos cantores e cantoras ao redor do Brasil.\" \/>\n<meta name=\"robots\" content=\"index, follow, max-snippet:-1, max-image-preview:large, max-video-preview:-1\" \/>\n<link rel=\"canonical\" href=\"https:\/\/icomp.com.br\/camarim\/roupa-de-artista-7-dicas-valiosas-sobre-figurino-para-cantor\/\" \/>\n<meta property=\"og:locale\" content=\"pt_BR\" \/>\n<meta property=\"og:type\" content=\"article\" \/>\n<meta property=\"og:title\" content=\"Roupa de artista: 7 dicas valiosas sobre figurino para cantor - ICOMP\" \/>\n<meta property=\"og:description\" content=\"Saiba tudo sobre roupa de artista e figurino com a participa\u00e7\u00e3o de Li Camargo, stylist de diversos cantores e cantoras ao redor do Brasil.\" \/>\n<meta property=\"og:url\" content=\"https:\/\/icomp.com.br\/camarim\/roupa-de-artista-7-dicas-valiosas-sobre-figurino-para-cantor\/\" \/>\n<meta property=\"og:site_name\" content=\"Marketing Musical com Dhiego Bicudo\" \/>\n<meta property=\"article:publisher\" content=\"https:\/\/www.facebook.com\/agenciaicomp\" \/>\n<meta property=\"article:published_time\" content=\"2023-11-03T21:25:25+00:00\" \/>\n<meta property=\"article:modified_time\" content=\"2025-01-24T20:17:08+00:00\" \/>\n<meta property=\"og:image\" content=\"https:\/\/icomp.com.br\/camarim\/wp-content\/uploads\/2020\/11\/camarim-roupa-de-artista.png\" \/>\n\t<meta property=\"og:image:width\" content=\"1920\" \/>\n\t<meta property=\"og:image:height\" content=\"1080\" \/>\n\t<meta property=\"og:image:type\" content=\"image\/png\" \/>\n<meta name=\"author\" content=\"Dhiego Bicudo\" \/>\n<meta name=\"twitter:card\" content=\"summary_large_image\" \/>\n<meta name=\"twitter:label1\" content=\"Escrito por\" \/>\n\t<meta name=\"twitter:data1\" content=\"Dhiego Bicudo\" \/>\n\t<meta name=\"twitter:label2\" content=\"Est. tempo de leitura\" \/>\n\t<meta name=\"twitter:data2\" content=\"5 minutos\" \/>\n<script type=\"application\/ld+json\" class=\"yoast-schema-graph\">{\"@context\":\"https:\\\/\\\/schema.org\",\"@graph\":[{\"@type\":\"Article\",\"@id\":\"https:\\\/\\\/icomp.com.br\\\/camarim\\\/roupa-de-artista-7-dicas-valiosas-sobre-figurino-para-cantor\\\/#article\",\"isPartOf\":{\"@id\":\"https:\\\/\\\/icomp.com.br\\\/camarim\\\/roupa-de-artista-7-dicas-valiosas-sobre-figurino-para-cantor\\\/\"},\"author\":{\"name\":\"Dhiego Bicudo\",\"@id\":\"https:\\\/\\\/icomp.com.br\\\/camarim\\\/#\\\/schema\\\/person\\\/d10a1b1471cde95c3738b4de07287002\"},\"headline\":\"Roupa de artista: 7 dicas valiosas sobre figurino para cantor\",\"datePublished\":\"2023-11-03T21:25:25+00:00\",\"dateModified\":\"2025-01-24T20:17:08+00:00\",\"mainEntityOfPage\":{\"@id\":\"https:\\\/\\\/icomp.com.br\\\/camarim\\\/roupa-de-artista-7-dicas-valiosas-sobre-figurino-para-cantor\\\/\"},\"wordCount\":1104,\"commentCount\":2,\"publisher\":{\"@id\":\"https:\\\/\\\/icomp.com.br\\\/camarim\\\/#organization\"},\"image\":{\"@id\":\"https:\\\/\\\/icomp.com.br\\\/camarim\\\/roupa-de-artista-7-dicas-valiosas-sobre-figurino-para-cantor\\\/#primaryimage\"},\"thumbnailUrl\":\"https:\\\/\\\/icomp.com.br\\\/camarim\\\/wp-content\\\/uploads\\\/2020\\\/11\\\/camarim-roupa-de-artista.png\",\"keywords\":[\"roupa de artista\"],\"articleSection\":[\"Marketing Musical\",\"Venda de Shows\"],\"inLanguage\":\"pt-BR\",\"potentialAction\":[{\"@type\":\"CommentAction\",\"name\":\"Comment\",\"target\":[\"https:\\\/\\\/icomp.com.br\\\/camarim\\\/roupa-de-artista-7-dicas-valiosas-sobre-figurino-para-cantor\\\/#respond\"]}]},{\"@type\":\"WebPage\",\"@id\":\"https:\\\/\\\/icomp.com.br\\\/camarim\\\/roupa-de-artista-7-dicas-valiosas-sobre-figurino-para-cantor\\\/\",\"url\":\"https:\\\/\\\/icomp.com.br\\\/camarim\\\/roupa-de-artista-7-dicas-valiosas-sobre-figurino-para-cantor\\\/\",\"name\":\"Roupa de artista: 7 dicas valiosas sobre figurino para cantor - ICOMP\",\"isPartOf\":{\"@id\":\"https:\\\/\\\/icomp.com.br\\\/camarim\\\/#website\"},\"primaryImageOfPage\":{\"@id\":\"https:\\\/\\\/icomp.com.br\\\/camarim\\\/roupa-de-artista-7-dicas-valiosas-sobre-figurino-para-cantor\\\/#primaryimage\"},\"image\":{\"@id\":\"https:\\\/\\\/icomp.com.br\\\/camarim\\\/roupa-de-artista-7-dicas-valiosas-sobre-figurino-para-cantor\\\/#primaryimage\"},\"thumbnailUrl\":\"https:\\\/\\\/icomp.com.br\\\/camarim\\\/wp-content\\\/uploads\\\/2020\\\/11\\\/camarim-roupa-de-artista.png\",\"datePublished\":\"2023-11-03T21:25:25+00:00\",\"dateModified\":\"2025-01-24T20:17:08+00:00\",\"description\":\"Saiba tudo sobre roupa de artista e figurino com a participa\u00e7\u00e3o de Li Camargo, stylist de diversos cantores e cantoras ao redor do Brasil.\",\"breadcrumb\":{\"@id\":\"https:\\\/\\\/icomp.com.br\\\/camarim\\\/roupa-de-artista-7-dicas-valiosas-sobre-figurino-para-cantor\\\/#breadcrumb\"},\"inLanguage\":\"pt-BR\",\"potentialAction\":[{\"@type\":\"ReadAction\",\"target\":[\"https:\\\/\\\/icomp.com.br\\\/camarim\\\/roupa-de-artista-7-dicas-valiosas-sobre-figurino-para-cantor\\\/\"]}]},{\"@type\":\"ImageObject\",\"inLanguage\":\"pt-BR\",\"@id\":\"https:\\\/\\\/icomp.com.br\\\/camarim\\\/roupa-de-artista-7-dicas-valiosas-sobre-figurino-para-cantor\\\/#primaryimage\",\"url\":\"https:\\\/\\\/icomp.com.br\\\/camarim\\\/wp-content\\\/uploads\\\/2020\\\/11\\\/camarim-roupa-de-artista.png\",\"contentUrl\":\"https:\\\/\\\/icomp.com.br\\\/camarim\\\/wp-content\\\/uploads\\\/2020\\\/11\\\/camarim-roupa-de-artista.png\",\"width\":1920,\"height\":1080,\"caption\":\"roupa de artista\"},{\"@type\":\"BreadcrumbList\",\"@id\":\"https:\\\/\\\/icomp.com.br\\\/camarim\\\/roupa-de-artista-7-dicas-valiosas-sobre-figurino-para-cantor\\\/#breadcrumb\",\"itemListElement\":[{\"@type\":\"ListItem\",\"position\":1,\"name\":\"Home\",\"item\":\"https:\\\/\\\/icomp.com.br\\\/camarim\\\/\"},{\"@type\":\"ListItem\",\"position\":2,\"name\":\"Roupa de artista: 7 dicas valiosas sobre figurino para cantor\"}]},{\"@type\":\"WebSite\",\"@id\":\"https:\\\/\\\/icomp.com.br\\\/camarim\\\/#website\",\"url\":\"https:\\\/\\\/icomp.com.br\\\/camarim\\\/\",\"name\":\"Marketing Musical com Dhiego Bicudo\",\"description\":\"Conhe\u00e7a as estrat\u00e9gias no marketing musical que uso na Ag\u00eancia ICOMP para transformar cantores, duplas e bandas em artistas reconhecidos\",\"publisher\":{\"@id\":\"https:\\\/\\\/icomp.com.br\\\/camarim\\\/#organization\"},\"potentialAction\":[{\"@type\":\"SearchAction\",\"target\":{\"@type\":\"EntryPoint\",\"urlTemplate\":\"https:\\\/\\\/icomp.com.br\\\/camarim\\\/?s={search_term_string}\"},\"query-input\":{\"@type\":\"PropertyValueSpecification\",\"valueRequired\":true,\"valueName\":\"search_term_string\"}}],\"inLanguage\":\"pt-BR\"},{\"@type\":\"Organization\",\"@id\":\"https:\\\/\\\/icomp.com.br\\\/camarim\\\/#organization\",\"name\":\"Marketing Musical com Dhiego Bicudo\",\"url\":\"https:\\\/\\\/icomp.com.br\\\/camarim\\\/\",\"logo\":{\"@type\":\"ImageObject\",\"inLanguage\":\"pt-BR\",\"@id\":\"https:\\\/\\\/icomp.com.br\\\/camarim\\\/#\\\/schema\\\/logo\\\/image\\\/\",\"url\":\"https:\\\/\\\/icomp.com.br\\\/camarim\\\/wp-content\\\/uploads\\\/2017\\\/10\\\/cropped-icone.png\",\"contentUrl\":\"https:\\\/\\\/icomp.com.br\\\/camarim\\\/wp-content\\\/uploads\\\/2017\\\/10\\\/cropped-icone.png\",\"width\":512,\"height\":512,\"caption\":\"Marketing Musical com Dhiego Bicudo\"},\"image\":{\"@id\":\"https:\\\/\\\/icomp.com.br\\\/camarim\\\/#\\\/schema\\\/logo\\\/image\\\/\"},\"sameAs\":[\"https:\\\/\\\/www.facebook.com\\\/agenciaicomp\",\"https:\\\/\\\/www.instagram.com\\\/dhiegobicudo\",\"https:\\\/\\\/www.linkedin.com\\\/in\\\/dhiegobicudo\",\"https:\\\/\\\/www.youtube.com\\\/@TrilhadoCantor\"]},{\"@type\":\"Person\",\"@id\":\"https:\\\/\\\/icomp.com.br\\\/camarim\\\/#\\\/schema\\\/person\\\/d10a1b1471cde95c3738b4de07287002\",\"name\":\"Dhiego Bicudo\",\"image\":{\"@type\":\"ImageObject\",\"inLanguage\":\"pt-BR\",\"@id\":\"https:\\\/\\\/secure.gravatar.com\\\/avatar\\\/199e5081b46939e9add8e7fc06e802eb2f43ff99423ca0ef09d71f21882a5c49?s=96&d=mm&r=g\",\"url\":\"https:\\\/\\\/secure.gravatar.com\\\/avatar\\\/199e5081b46939e9add8e7fc06e802eb2f43ff99423ca0ef09d71f21882a5c49?s=96&d=mm&r=g\",\"contentUrl\":\"https:\\\/\\\/secure.gravatar.com\\\/avatar\\\/199e5081b46939e9add8e7fc06e802eb2f43ff99423ca0ef09d71f21882a5c49?s=96&d=mm&r=g\",\"caption\":\"Dhiego Bicudo\"},\"description\":\"possui muita experi\u00eancia em estrat\u00e9gias de marketing musical para cantores, duplas e bandas na Ag\u00eancia ICOMP\",\"url\":\"https:\\\/\\\/icomp.com.br\\\/camarim\\\/author\\\/d2ecf63ba8a1943f\\\/\"}]}<\/script>\n<!-- \/ Yoast SEO plugin. -->","yoast_head_json":{"title":"Roupa de artista: 7 dicas valiosas sobre figurino para cantor - ICOMP","description":"Saiba tudo sobre roupa de artista e figurino com a participa\u00e7\u00e3o de Li Camargo, stylist de diversos cantores e cantoras ao redor do Brasil.","robots":{"index":"index","follow":"follow","max-snippet":"max-snippet:-1","max-image-preview":"max-image-preview:large","max-video-preview":"max-video-preview:-1"},"canonical":"https:\/\/icomp.com.br\/camarim\/roupa-de-artista-7-dicas-valiosas-sobre-figurino-para-cantor\/","og_locale":"pt_BR","og_type":"article","og_title":"Roupa de artista: 7 dicas valiosas sobre figurino para cantor - ICOMP","og_description":"Saiba tudo sobre roupa de artista e figurino com a participa\u00e7\u00e3o de Li Camargo, stylist de diversos cantores e cantoras ao redor do Brasil.","og_url":"https:\/\/icomp.com.br\/camarim\/roupa-de-artista-7-dicas-valiosas-sobre-figurino-para-cantor\/","og_site_name":"Marketing Musical com Dhiego Bicudo","article_publisher":"https:\/\/www.facebook.com\/agenciaicomp","article_published_time":"2023-11-03T21:25:25+00:00","article_modified_time":"2025-01-24T20:17:08+00:00","og_image":[{"width":1920,"height":1080,"url":"https:\/\/icomp.com.br\/camarim\/wp-content\/uploads\/2020\/11\/camarim-roupa-de-artista.png","type":"image\/png"}],"author":"Dhiego Bicudo","twitter_card":"summary_large_image","twitter_misc":{"Escrito por":"Dhiego Bicudo","Est. tempo de leitura":"5 minutos"},"schema":{"@context":"https:\/\/schema.org","@graph":[{"@type":"Article","@id":"https:\/\/icomp.com.br\/camarim\/roupa-de-artista-7-dicas-valiosas-sobre-figurino-para-cantor\/#article","isPartOf":{"@id":"https:\/\/icomp.com.br\/camarim\/roupa-de-artista-7-dicas-valiosas-sobre-figurino-para-cantor\/"},"author":{"name":"Dhiego Bicudo","@id":"https:\/\/icomp.com.br\/camarim\/#\/schema\/person\/d10a1b1471cde95c3738b4de07287002"},"headline":"Roupa de artista: 7 dicas valiosas sobre figurino para cantor","datePublished":"2023-11-03T21:25:25+00:00","dateModified":"2025-01-24T20:17:08+00:00","mainEntityOfPage":{"@id":"https:\/\/icomp.com.br\/camarim\/roupa-de-artista-7-dicas-valiosas-sobre-figurino-para-cantor\/"},"wordCount":1104,"commentCount":2,"publisher":{"@id":"https:\/\/icomp.com.br\/camarim\/#organization"},"image":{"@id":"https:\/\/icomp.com.br\/camarim\/roupa-de-artista-7-dicas-valiosas-sobre-figurino-para-cantor\/#primaryimage"},"thumbnailUrl":"https:\/\/icomp.com.br\/camarim\/wp-content\/uploads\/2020\/11\/camarim-roupa-de-artista.png","keywords":["roupa de artista"],"articleSection":["Marketing Musical","Venda de Shows"],"inLanguage":"pt-BR","potentialAction":[{"@type":"CommentAction","name":"Comment","target":["https:\/\/icomp.com.br\/camarim\/roupa-de-artista-7-dicas-valiosas-sobre-figurino-para-cantor\/#respond"]}]},{"@type":"WebPage","@id":"https:\/\/icomp.com.br\/camarim\/roupa-de-artista-7-dicas-valiosas-sobre-figurino-para-cantor\/","url":"https:\/\/icomp.com.br\/camarim\/roupa-de-artista-7-dicas-valiosas-sobre-figurino-para-cantor\/","name":"Roupa de artista: 7 dicas valiosas sobre figurino para cantor - ICOMP","isPartOf":{"@id":"https:\/\/icomp.com.br\/camarim\/#website"},"primaryImageOfPage":{"@id":"https:\/\/icomp.com.br\/camarim\/roupa-de-artista-7-dicas-valiosas-sobre-figurino-para-cantor\/#primaryimage"},"image":{"@id":"https:\/\/icomp.com.br\/camarim\/roupa-de-artista-7-dicas-valiosas-sobre-figurino-para-cantor\/#primaryimage"},"thumbnailUrl":"https:\/\/icomp.com.br\/camarim\/wp-content\/uploads\/2020\/11\/camarim-roupa-de-artista.png","datePublished":"2023-11-03T21:25:25+00:00","dateModified":"2025-01-24T20:17:08+00:00","description":"Saiba tudo sobre roupa de artista e figurino com a participa\u00e7\u00e3o de Li Camargo, stylist de diversos cantores e cantoras ao redor do Brasil.","breadcrumb":{"@id":"https:\/\/icomp.com.br\/camarim\/roupa-de-artista-7-dicas-valiosas-sobre-figurino-para-cantor\/#breadcrumb"},"inLanguage":"pt-BR","potentialAction":[{"@type":"ReadAction","target":["https:\/\/icomp.com.br\/camarim\/roupa-de-artista-7-dicas-valiosas-sobre-figurino-para-cantor\/"]}]},{"@type":"ImageObject","inLanguage":"pt-BR","@id":"https:\/\/icomp.com.br\/camarim\/roupa-de-artista-7-dicas-valiosas-sobre-figurino-para-cantor\/#primaryimage","url":"https:\/\/icomp.com.br\/camarim\/wp-content\/uploads\/2020\/11\/camarim-roupa-de-artista.png","contentUrl":"https:\/\/icomp.com.br\/camarim\/wp-content\/uploads\/2020\/11\/camarim-roupa-de-artista.png","width":1920,"height":1080,"caption":"roupa de artista"},{"@type":"BreadcrumbList","@id":"https:\/\/icomp.com.br\/camarim\/roupa-de-artista-7-dicas-valiosas-sobre-figurino-para-cantor\/#breadcrumb","itemListElement":[{"@type":"ListItem","position":1,"name":"Home","item":"https:\/\/icomp.com.br\/camarim\/"},{"@type":"ListItem","position":2,"name":"Roupa de artista: 7 dicas valiosas sobre figurino para cantor"}]},{"@type":"WebSite","@id":"https:\/\/icomp.com.br\/camarim\/#website","url":"https:\/\/icomp.com.br\/camarim\/","name":"Marketing Musical com Dhiego Bicudo","description":"Conhe\u00e7a as estrat\u00e9gias no marketing musical que uso na Ag\u00eancia ICOMP para transformar cantores, duplas e bandas em artistas reconhecidos","publisher":{"@id":"https:\/\/icomp.com.br\/camarim\/#organization"},"potentialAction":[{"@type":"SearchAction","target":{"@type":"EntryPoint","urlTemplate":"https:\/\/icomp.com.br\/camarim\/?s={search_term_string}"},"query-input":{"@type":"PropertyValueSpecification","valueRequired":true,"valueName":"search_term_string"}}],"inLanguage":"pt-BR"},{"@type":"Organization","@id":"https:\/\/icomp.com.br\/camarim\/#organization","name":"Marketing Musical com Dhiego Bicudo","url":"https:\/\/icomp.com.br\/camarim\/","logo":{"@type":"ImageObject","inLanguage":"pt-BR","@id":"https:\/\/icomp.com.br\/camarim\/#\/schema\/logo\/image\/","url":"https:\/\/icomp.com.br\/camarim\/wp-content\/uploads\/2017\/10\/cropped-icone.png","contentUrl":"https:\/\/icomp.com.br\/camarim\/wp-content\/uploads\/2017\/10\/cropped-icone.png","width":512,"height":512,"caption":"Marketing Musical com Dhiego Bicudo"},"image":{"@id":"https:\/\/icomp.com.br\/camarim\/#\/schema\/logo\/image\/"},"sameAs":["https:\/\/www.facebook.com\/agenciaicomp","https:\/\/www.instagram.com\/dhiegobicudo","https:\/\/www.linkedin.com\/in\/dhiegobicudo","https:\/\/www.youtube.com\/@TrilhadoCantor"]},{"@type":"Person","@id":"https:\/\/icomp.com.br\/camarim\/#\/schema\/person\/d10a1b1471cde95c3738b4de07287002","name":"Dhiego Bicudo","image":{"@type":"ImageObject","inLanguage":"pt-BR","@id":"https:\/\/secure.gravatar.com\/avatar\/199e5081b46939e9add8e7fc06e802eb2f43ff99423ca0ef09d71f21882a5c49?s=96&d=mm&r=g","url":"https:\/\/secure.gravatar.com\/avatar\/199e5081b46939e9add8e7fc06e802eb2f43ff99423ca0ef09d71f21882a5c49?s=96&d=mm&r=g","contentUrl":"https:\/\/secure.gravatar.com\/avatar\/199e5081b46939e9add8e7fc06e802eb2f43ff99423ca0ef09d71f21882a5c49?s=96&d=mm&r=g","caption":"Dhiego Bicudo"},"description":"possui muita experi\u00eancia em estrat\u00e9gias de marketing musical para cantores, duplas e bandas na Ag\u00eancia ICOMP","url":"https:\/\/icomp.com.br\/camarim\/author\/d2ecf63ba8a1943f\/"}]}},"_links":{"self":[{"href":"https:\/\/icomp.com.br\/camarim\/wp-json\/wp\/v2\/posts\/1013","targetHints":{"allow":["GET"]}}],"collection":[{"href":"https:\/\/icomp.com.br\/camarim\/wp-json\/wp\/v2\/posts"}],"about":[{"href":"https:\/\/icomp.com.br\/camarim\/wp-json\/wp\/v2\/types\/post"}],"author":[{"embeddable":true,"href":"https:\/\/icomp.com.br\/camarim\/wp-json\/wp\/v2\/users\/10"}],"replies":[{"embeddable":true,"href":"https:\/\/icomp.com.br\/camarim\/wp-json\/wp\/v2\/comments?post=1013"}],"version-history":[{"count":0,"href":"https:\/\/icomp.com.br\/camarim\/wp-json\/wp\/v2\/posts\/1013\/revisions"}],"wp:featuredmedia":[{"embeddable":true,"href":"https:\/\/icomp.com.br\/camarim\/wp-json\/wp\/v2\/media\/1015"}],"wp:attachment":[{"href":"https:\/\/icomp.com.br\/camarim\/wp-json\/wp\/v2\/media?parent=1013"}],"wp:term":[{"taxonomy":"category","embeddable":true,"href":"https:\/\/icomp.com.br\/camarim\/wp-json\/wp\/v2\/categories?post=1013"},{"taxonomy":"post_tag","embeddable":true,"href":"https:\/\/icomp.com.br\/camarim\/wp-json\/wp\/v2\/tags?post=1013"}],"curies":[{"name":"wp","href":"https:\/\/api.w.org\/{rel}","templated":true}]}}