{"id":1026,"date":"2023-02-18T10:18:13","date_gmt":"2023-02-18T13:18:13","guid":{"rendered":"https:\/\/www.icomp.com.br\/camarim\/?p=1026"},"modified":"2025-01-24T17:32:27","modified_gmt":"2025-01-24T20:32:27","slug":"contratos-artisticos-tudo-o-que-voce-precisa-saber-sobre-o-assunto","status":"publish","type":"post","link":"https:\/\/icomp.com.br\/camarim\/contratos-artisticos-tudo-o-que-voce-precisa-saber-sobre-o-assunto\/","title":{"rendered":"Contratos art\u00edsticos: tudo o que voc\u00ea precisa saber sobre o assunto"},"content":{"rendered":"<p><span style=\"font-weight: 400;\">O assunto de hoje \u00e9 importante, principalmente pra voc\u00ea que deseja crescer e ganhar dinheiro no mercado musical. Eu estou falando dos <strong>contratos art\u00edsticos<\/strong> e suas obriga\u00e7\u00f5es para artistas e empres\u00e1rios.\u00a0<\/span><\/p>\n<p><span style=\"font-weight: 400;\">Esses documentos servem para deixar claro tudo que envolve as partes de um neg\u00f3cio na m\u00fasica. Afinal, todo projeto art\u00edstico \u00e9 essencialmente uma atividade empresarial, onde tem riscos, responsabilidades e objetivos.\u00a0<\/span><\/p>\n<p><span style=\"font-weight: 400;\">Quando um artista entra nesse meio, ele precisa ter em mente todas as informa\u00e7\u00f5es frescas na cabe\u00e7a. Pois um \u00fanico contrato pode mudar totalmente a carreira de qualquer cantor, dupla ou banda.\u00a0<\/span><\/p>\n<p><span style=\"font-weight: 400;\">Para que voc\u00ea possa entender melhor sobre isso, convidei meu amigo Pedro Vale, p\u00f3s graduado em Direito de Contratos pela Funda\u00e7\u00e3o Get\u00falio Vargas (FGV) e s\u00f3cio do Escrit\u00f3rio Oliveira, Vale, Securato &amp; Abdul Ahad Advogados.\u00a0<\/span><\/p>\n<p><span style=\"font-weight: 400;\">N\u00f3s batemos um papo via <a href=\"https:\/\/www.instagram.com\/tv\/CA_IlWTDWhq\/\">live no Instagram que est\u00e1 salva no meu IGTV<\/a>. Voc\u00ea pode assistir a conversa completa por l\u00e1 ou continuar a leitura deste conte\u00fado, onde passo um resumo das informa\u00e7\u00f5es que comentamos por l\u00e1.\u00a0<\/span><\/p>\n<p><span style=\"font-weight: 400;\">Vale a pena conferir o conte\u00fado para entender mais sobre <strong>contratos art\u00edsticos<\/strong> e suas in\u00fameras caracter\u00edsticas. O Pedro \u00e9 um especialista no assunto e contou todos os detalhes que pessoas do ramo art\u00edstico precisam saber antes de se jogar no mundo da m\u00fasica.\u00a0<\/span><\/p>\n<p><span style=\"font-weight: 400;\">Se voc\u00ea ficou curioso, continue a leitura do conte\u00fado que vamos explicar tudo o que voc\u00ea precisa saber. Confere a\u00ed:<\/span><\/p>\n<h2><span style=\"font-weight: 400;\">Afinal, qual a import\u00e2ncia dos contratos nas negocia\u00e7\u00f5es art\u00edsticas?<\/span><\/h2>\n<p>&nbsp;<\/p>\n<p><span style=\"font-weight: 400;\">A ess\u00eancia de um contrato (art\u00edstico ou n\u00e3o) \u00e9 estabelecer direitos e deveres entre as partes que acordam algum tipo de neg\u00f3cio. Esse documento \u00e9 a pe\u00e7a essencial em uma rela\u00e7\u00e3o empresarial, tornando-a segura e saud\u00e1vel em todos os aspectos, j\u00e1 que possui cl\u00e1usulas que precisam ser seguidas.\u00a0<\/span><\/p>\n<p><span style=\"font-weight: 400;\">No mundo da m\u00fasica, n\u00e3o \u00e9 diferente &#8211;\u00a0 o alicerce jur\u00eddico serve como um resguardo das obriga\u00e7\u00f5es, regras, garantias, direitos e deveres entre as partes. Isso tamb\u00e9m envolve quest\u00f5es de marca, divis\u00e3o de lucros e at\u00e9 multas, caso alguma das partes n\u00e3o cumpra o que foi definido no contrato.\u00a0<\/span><\/p>\n<p><span style=\"font-weight: 400;\">Em outras palavras: o contrato art\u00edstico \u00e9 a principal ferramenta para se fechar uma parceria ou um neg\u00f3cio no mundo do entretenimento. E se voc\u00ea ou seu empres\u00e1rio descumprir alguma das regras\u2026 Xiii, vai dar ruim!<\/span><\/p>\n<h2><span style=\"font-weight: 400;\">Conhe\u00e7a as diferen\u00e7as entre contrato de empresariamento e contrato de agenciamento<\/span><\/h2>\n<p>&nbsp;<\/p>\n<p><span style=\"font-weight: 400;\">Ser cantor \u00e9 um neg\u00f3cio, certo? Isso porque a m\u00fasica \u00e9 uma atividade que visa o lucro e que tem obrigatoriedades a serem cumpridas, assim como qualquer outra empresa. Esque\u00e7a aquela coisa de: eu te ajudo aqui e voc\u00ea me ajuda ali. \u00c9 necess\u00e1rio a cria\u00e7\u00e3o do contrato art\u00edstico para evitar qualquer tipo de problema.<\/span><\/p>\n<p><span style=\"font-weight: 400;\">\u00c9 nessa hora que entram os contratos de empresariamento e agenciamento. <\/span><i><span style=\"font-weight: 400;\">\u201cEita, Dhiego! Do que voc\u00ea est\u00e1 falando?\u201d. <\/span><\/i><span style=\"font-weight: 400;\">Relaxa! Vou explicar tudo o que voc\u00ea precisa saber aqui em baixo:<\/span><\/p>\n<h3><span style=\"font-weight: 400;\">Contratos art\u00edsticos de empresariamento<\/span><\/h3>\n<p>&nbsp;<\/p>\n<p><span style=\"font-weight: 400;\">Entre os tipos de <strong>contratos art\u00edsticos<\/strong>, um que merece destaque \u00e9 o de empresariamento. <a href=\"https:\/\/conteudo.icomp.com.br\/contrato-para-empresariar-um-cantor\" target=\"_blank\" rel=\"noopener\">Neste modelo<\/a>, existe uma rela\u00e7\u00e3o de sociedade entre o artista e o empres\u00e1rio, com divis\u00e3o de resultados e compartilhamento de responsabilidades.\u00a0<\/span><\/p>\n<p><span style=\"font-weight: 400;\">Dependendo do contrato de empresariamento, \u00e9 definido uma gest\u00e3o 360 de carreira &#8211; ou seja, uma sociedade com uni\u00e3o de esfor\u00e7os onde o artista canta e o empres\u00e1rio administra e faz gest\u00e3o da carreira.\u00a0<\/span><\/p>\n<p><span style=\"font-weight: 400;\">Quando bem feito, organizado e segmentado, o contrato de empresariamento costuma ser bem saud\u00e1vel para ambas as partes, j\u00e1 que oferece divis\u00e3o equilibrada tanto para o artista quanto para o empres\u00e1rio.\u00a0<\/span><\/p>\n<p>Este \u00e9 o tipo mais comum de contrato art\u00edstico e inclusive n\u00f3s temos um modelo pra voc\u00ea <a href=\"https:\/\/conteudo.icomp.com.br\/contrato-para-empresariar-um-cantor\" target=\"_blank\" rel=\"noopener\">baixar gr\u00e1tis aqui nesse link<\/a>.<\/p>\n<p>Mas eu preciso te informar que\u00a0esse modelo de contrato n\u00e3o exclui a necessidade de ter um advogado ou uma\u00a0assessoria jur\u00eddica\u00a0te auxiliando,\u00a0ok? At\u00e9 porque esse \u00e9 um modelo padr\u00e3o e cada negocia\u00e7\u00e3o tem suas condi\u00e7\u00f5es e peculiaridades.<\/p>\n<p>Contudo, se voc\u00ea n\u00e3o tem condi\u00e7\u00f5es para contratar um advogado agora, isso j\u00e1 \u00e9 melhor que nada.<\/p>\n<p>Agora vamos ver os demais tipos de contratos no mundo da m\u00fasica.<\/p>\n<h3><span style=\"font-weight: 400;\">Contrato de agenciamento<\/span><\/h3>\n<p><span style=\"font-weight: 400;\">O contrato de agenciamento se refere exclusivamente \u00e0 venda de shows. Neste caso, s\u00f3 se recebe quando acontece a venda do servi\u00e7o.\u00a0<\/span><\/p>\n<p><span style=\"font-weight: 400;\">Neste caso, o empres\u00e1rio que opta pelo contrato de agenciamento \u00e9 como se fosse o agenda do artista, onde a obriga\u00e7\u00e3o principal \u00e9 vender os shows, sem envolver uma gest\u00e3o trabalhista, como acontece no <a href=\"https:\/\/conteudo.icomp.com.br\/contrato-para-empresariar-um-cantor\" target=\"_blank\" rel=\"noopener\">contrato de empresariamento.\u00a0<\/a><\/span><\/p>\n<p><span style=\"font-weight: 400;\">Geralmente, \u00e9 acordado um percentual de ganho para o empres\u00e1rio e artista. Por exemplo: 60% para o artista e 40% para o empres\u00e1rio.\u00a0<\/span><\/p>\n<p><span style=\"font-weight: 400;\">Tamb\u00e9m \u00e9 comum artistas fazerem os dois tipos de contratos, em ag\u00eancias diferentes, dependendo do modelo de gest\u00e3o de carreira que ele escolheu.\u00a0<\/span><\/p>\n<p><span style=\"font-weight: 400;\">Deu pra sacar? Se quiser marcar uma consultoria comigo, estou dispon\u00edvel para conversarmos sobre esses detalhes.\u00a0\u00a0<\/span><\/p>\n<p>[maxbutton id=&#8221;1&#8243; ]<\/p>\n<p>&nbsp;<\/p>\n<p><span style=\"font-weight: 400;\">Agora que voc\u00ea j\u00e1 sabe um pouco mais sobre <strong>contratos art\u00edsticos<\/strong>, aproveite e baixe nosso modelo de contrato para empresariar um cantor, dupla ou banda. \u00c9 gr\u00e1tis e j\u00e1 vai te ajudar a come\u00e7ar a ter mais seguran\u00e7a nas negocia\u00e7\u00f5es.\u00a0<\/span><\/p>\n<p><a href=\"https:\/\/conteudo.icomp.com.br\/contrato-para-empresariar-um-cantor\" target=\"_blank\" rel=\"noopener\"><strong>Clique aqui para baixar gr\u00e1tis um modelo de contrato art\u00edstico\u00a0<\/strong><\/a><\/p>\n<p><span style=\"font-weight: 400;\"><a href=\"https:\/\/www.icomp.com.br\/camarim\/\">Aqui, no meu blog<\/a>, voc\u00ea vai encontrar tudo que \u00e9 necess\u00e1rio para fazer sua carreira decolar! Pode contar comigo para o que precisar, beleza?<\/span><\/p>\n<p><span style=\"font-weight: 400;\">Tamo junto e at\u00e9 a pr\u00f3xima!<\/span><\/p>\n","protected":false},"excerpt":{"rendered":"<p>O assunto de hoje \u00e9 importante, principalmente pra voc\u00ea que deseja crescer e ganhar dinheiro no mercado musical. Eu estou falando dos contratos art\u00edsticos e suas obriga\u00e7\u00f5es para artistas e empres\u00e1rios.\u00a0 Esses documentos servem para deixar claro tudo que envolve as partes de um neg\u00f3cio na m\u00fasica. Afinal, todo projeto art\u00edstico \u00e9 essencialmente uma atividade [&hellip;]<\/p>\n","protected":false},"author":10,"featured_media":1027,"comment_status":"closed","ping_status":"closed","sticky":false,"template":"","format":"image","meta":{"ocean_post_layout":"","ocean_both_sidebars_style":"","ocean_both_sidebars_content_width":0,"ocean_both_sidebars_sidebars_width":0,"ocean_sidebar":"","ocean_second_sidebar":"","ocean_disable_margins":"enable","ocean_add_body_class":"","ocean_shortcode_before_top_bar":"","ocean_shortcode_after_top_bar":"","ocean_shortcode_before_header":"","ocean_shortcode_after_header":"","ocean_has_shortcode":"","ocean_shortcode_after_title":"","ocean_shortcode_before_footer_widgets":"","ocean_shortcode_after_footer_widgets":"","ocean_shortcode_before_footer_bottom":"","ocean_shortcode_after_footer_bottom":"","ocean_display_top_bar":"default","ocean_display_header":"default","ocean_header_style":"","ocean_center_header_left_menu":"","ocean_custom_header_template":"","ocean_custom_logo":0,"ocean_custom_retina_logo":0,"ocean_custom_logo_max_width":0,"ocean_custom_logo_tablet_max_width":0,"ocean_custom_logo_mobile_max_width":0,"ocean_custom_logo_max_height":0,"ocean_custom_logo_tablet_max_height":0,"ocean_custom_logo_mobile_max_height":0,"ocean_header_custom_menu":"","ocean_menu_typo_font_family":"","ocean_menu_typo_font_subset":"","ocean_menu_typo_font_size":0,"ocean_menu_typo_font_size_tablet":0,"ocean_menu_typo_font_size_mobile":0,"ocean_menu_typo_font_size_unit":"px","ocean_menu_typo_font_weight":"","ocean_menu_typo_font_weight_tablet":"","ocean_menu_typo_font_weight_mobile":"","ocean_menu_typo_transform":"","ocean_menu_typo_transform_tablet":"","ocean_menu_typo_transform_mobile":"","ocean_menu_typo_line_height":0,"ocean_menu_typo_line_height_tablet":0,"ocean_menu_typo_line_height_mobile":0,"ocean_menu_typo_line_height_unit":"","ocean_menu_typo_spacing":0,"ocean_menu_typo_spacing_tablet":0,"ocean_menu_typo_spacing_mobile":0,"ocean_menu_typo_spacing_unit":"","ocean_menu_link_color":"","ocean_menu_link_color_hover":"","ocean_menu_link_color_active":"","ocean_menu_link_background":"","ocean_menu_link_hover_background":"","ocean_menu_link_active_background":"","ocean_menu_social_links_bg":"","ocean_menu_social_hover_links_bg":"","ocean_menu_social_links_color":"","ocean_menu_social_hover_links_color":"","ocean_disable_title":"default","ocean_disable_heading":"default","ocean_post_title":"","ocean_post_subheading":"","ocean_post_title_style":"","ocean_post_title_background_color":"","ocean_post_title_background":0,"ocean_post_title_bg_image_position":"","ocean_post_title_bg_image_attachment":"","ocean_post_title_bg_image_repeat":"","ocean_post_title_bg_image_size":"","ocean_post_title_height":0,"ocean_post_title_bg_overlay":0.5,"ocean_post_title_bg_overlay_color":"","ocean_disable_breadcrumbs":"default","ocean_breadcrumbs_color":"","ocean_breadcrumbs_separator_color":"","ocean_breadcrumbs_links_color":"","ocean_breadcrumbs_links_hover_color":"","ocean_display_footer_widgets":"default","ocean_display_footer_bottom":"default","ocean_custom_footer_template":"","ocean_post_oembed":"","ocean_post_self_hosted_media":"","ocean_post_video_embed":"","ocean_link_format":"","ocean_link_format_target":"self","ocean_quote_format":"","ocean_quote_format_link":"post","ocean_gallery_link_images":"on","ocean_gallery_id":[],"footnotes":""},"categories":[107,110],"tags":[92,81],"class_list":["post-1026","post","type-post","status-publish","format-image","has-post-thumbnail","hentry","category-gestao-de-carreira-musical","category-material-de-divulgacao-do-cantor","tag-contrato-para-empresariar-cantor","tag-contratos-artisticos","post_format-post-format-image","entry","has-media"],"yoast_head":"<!-- This site is optimized with the Yoast SEO plugin v27.4 - https:\/\/yoast.com\/product\/yoast-seo-wordpress\/ -->\n<title>Contratos art\u00edsticos: tudo o que voc\u00ea precisa saber sobre o assunto<\/title>\n<meta name=\"description\" content=\"Vai se profissionalizar no mundo da m\u00fasica? Confira esse conte\u00fado sobre contratos art\u00edsticos e fique preparado para os pr\u00f3ximos desafios.\" \/>\n<meta name=\"robots\" content=\"index, follow, max-snippet:-1, max-image-preview:large, max-video-preview:-1\" \/>\n<link rel=\"canonical\" href=\"https:\/\/icomp.com.br\/camarim\/contratos-artisticos-tudo-o-que-voce-precisa-saber-sobre-o-assunto\/\" \/>\n<meta property=\"og:locale\" content=\"pt_BR\" \/>\n<meta property=\"og:type\" content=\"article\" \/>\n<meta property=\"og:title\" content=\"Contratos art\u00edsticos: tudo o que voc\u00ea precisa saber sobre o assunto\" \/>\n<meta property=\"og:description\" content=\"Vai se profissionalizar no mundo da m\u00fasica? Confira esse conte\u00fado sobre contratos art\u00edsticos e fique preparado para os pr\u00f3ximos desafios.\" \/>\n<meta property=\"og:url\" content=\"https:\/\/icomp.com.br\/camarim\/contratos-artisticos-tudo-o-que-voce-precisa-saber-sobre-o-assunto\/\" \/>\n<meta property=\"og:site_name\" content=\"Marketing Musical com Dhiego Bicudo\" \/>\n<meta property=\"article:publisher\" content=\"https:\/\/www.facebook.com\/agenciaicomp\" \/>\n<meta property=\"article:published_time\" content=\"2023-02-18T13:18:13+00:00\" \/>\n<meta property=\"article:modified_time\" content=\"2025-01-24T20:32:27+00:00\" \/>\n<meta property=\"og:image\" content=\"https:\/\/icomp.com.br\/camarim\/wp-content\/uploads\/2020\/11\/camarim-contratos-artisticos.jpg\" \/>\n\t<meta property=\"og:image:width\" content=\"1920\" \/>\n\t<meta property=\"og:image:height\" content=\"1281\" \/>\n\t<meta property=\"og:image:type\" content=\"image\/jpeg\" \/>\n<meta name=\"author\" content=\"Dhiego Bicudo\" \/>\n<meta name=\"twitter:card\" content=\"summary_large_image\" \/>\n<meta name=\"twitter:label1\" content=\"Escrito por\" \/>\n\t<meta name=\"twitter:data1\" content=\"Dhiego Bicudo\" \/>\n\t<meta name=\"twitter:label2\" content=\"Est. tempo de leitura\" \/>\n\t<meta name=\"twitter:data2\" content=\"5 minutos\" \/>\n<script type=\"application\/ld+json\" class=\"yoast-schema-graph\">{\"@context\":\"https:\\\/\\\/schema.org\",\"@graph\":[{\"@type\":\"Article\",\"@id\":\"https:\\\/\\\/icomp.com.br\\\/camarim\\\/contratos-artisticos-tudo-o-que-voce-precisa-saber-sobre-o-assunto\\\/#article\",\"isPartOf\":{\"@id\":\"https:\\\/\\\/icomp.com.br\\\/camarim\\\/contratos-artisticos-tudo-o-que-voce-precisa-saber-sobre-o-assunto\\\/\"},\"author\":{\"name\":\"Dhiego Bicudo\",\"@id\":\"https:\\\/\\\/icomp.com.br\\\/camarim\\\/#\\\/schema\\\/person\\\/d10a1b1471cde95c3738b4de07287002\"},\"headline\":\"Contratos art\u00edsticos: tudo o que voc\u00ea precisa saber sobre o assunto\",\"datePublished\":\"2023-02-18T13:18:13+00:00\",\"dateModified\":\"2025-01-24T20:32:27+00:00\",\"mainEntityOfPage\":{\"@id\":\"https:\\\/\\\/icomp.com.br\\\/camarim\\\/contratos-artisticos-tudo-o-que-voce-precisa-saber-sobre-o-assunto\\\/\"},\"wordCount\":955,\"publisher\":{\"@id\":\"https:\\\/\\\/icomp.com.br\\\/camarim\\\/#organization\"},\"image\":{\"@id\":\"https:\\\/\\\/icomp.com.br\\\/camarim\\\/contratos-artisticos-tudo-o-que-voce-precisa-saber-sobre-o-assunto\\\/#primaryimage\"},\"thumbnailUrl\":\"https:\\\/\\\/icomp.com.br\\\/camarim\\\/wp-content\\\/uploads\\\/2020\\\/11\\\/camarim-contratos-artisticos.jpg\",\"keywords\":[\"contrato para empresariar cantor\",\"Contratos art\u00edsticos\"],\"articleSection\":[\"Gest\u00e3o de Carreira Musical\",\"Material de Divulga\u00e7\u00e3o do Cantor\"],\"inLanguage\":\"pt-BR\"},{\"@type\":\"WebPage\",\"@id\":\"https:\\\/\\\/icomp.com.br\\\/camarim\\\/contratos-artisticos-tudo-o-que-voce-precisa-saber-sobre-o-assunto\\\/\",\"url\":\"https:\\\/\\\/icomp.com.br\\\/camarim\\\/contratos-artisticos-tudo-o-que-voce-precisa-saber-sobre-o-assunto\\\/\",\"name\":\"Contratos art\u00edsticos: tudo o que voc\u00ea precisa saber sobre o assunto\",\"isPartOf\":{\"@id\":\"https:\\\/\\\/icomp.com.br\\\/camarim\\\/#website\"},\"primaryImageOfPage\":{\"@id\":\"https:\\\/\\\/icomp.com.br\\\/camarim\\\/contratos-artisticos-tudo-o-que-voce-precisa-saber-sobre-o-assunto\\\/#primaryimage\"},\"image\":{\"@id\":\"https:\\\/\\\/icomp.com.br\\\/camarim\\\/contratos-artisticos-tudo-o-que-voce-precisa-saber-sobre-o-assunto\\\/#primaryimage\"},\"thumbnailUrl\":\"https:\\\/\\\/icomp.com.br\\\/camarim\\\/wp-content\\\/uploads\\\/2020\\\/11\\\/camarim-contratos-artisticos.jpg\",\"datePublished\":\"2023-02-18T13:18:13+00:00\",\"dateModified\":\"2025-01-24T20:32:27+00:00\",\"description\":\"Vai se profissionalizar no mundo da m\u00fasica? Confira esse conte\u00fado sobre contratos art\u00edsticos e fique preparado para os pr\u00f3ximos desafios.\",\"breadcrumb\":{\"@id\":\"https:\\\/\\\/icomp.com.br\\\/camarim\\\/contratos-artisticos-tudo-o-que-voce-precisa-saber-sobre-o-assunto\\\/#breadcrumb\"},\"inLanguage\":\"pt-BR\",\"potentialAction\":[{\"@type\":\"ReadAction\",\"target\":[\"https:\\\/\\\/icomp.com.br\\\/camarim\\\/contratos-artisticos-tudo-o-que-voce-precisa-saber-sobre-o-assunto\\\/\"]}]},{\"@type\":\"ImageObject\",\"inLanguage\":\"pt-BR\",\"@id\":\"https:\\\/\\\/icomp.com.br\\\/camarim\\\/contratos-artisticos-tudo-o-que-voce-precisa-saber-sobre-o-assunto\\\/#primaryimage\",\"url\":\"https:\\\/\\\/icomp.com.br\\\/camarim\\\/wp-content\\\/uploads\\\/2020\\\/11\\\/camarim-contratos-artisticos.jpg\",\"contentUrl\":\"https:\\\/\\\/icomp.com.br\\\/camarim\\\/wp-content\\\/uploads\\\/2020\\\/11\\\/camarim-contratos-artisticos.jpg\",\"width\":1920,\"height\":1281,\"caption\":\"Contratos art\u00edsticos\"},{\"@type\":\"BreadcrumbList\",\"@id\":\"https:\\\/\\\/icomp.com.br\\\/camarim\\\/contratos-artisticos-tudo-o-que-voce-precisa-saber-sobre-o-assunto\\\/#breadcrumb\",\"itemListElement\":[{\"@type\":\"ListItem\",\"position\":1,\"name\":\"Home\",\"item\":\"https:\\\/\\\/icomp.com.br\\\/camarim\\\/\"},{\"@type\":\"ListItem\",\"position\":2,\"name\":\"Contratos art\u00edsticos: tudo o que voc\u00ea precisa saber sobre o assunto\"}]},{\"@type\":\"WebSite\",\"@id\":\"https:\\\/\\\/icomp.com.br\\\/camarim\\\/#website\",\"url\":\"https:\\\/\\\/icomp.com.br\\\/camarim\\\/\",\"name\":\"Marketing Musical com Dhiego Bicudo\",\"description\":\"Conhe\u00e7a as estrat\u00e9gias no marketing musical que uso na Ag\u00eancia ICOMP para transformar cantores, duplas e bandas em artistas reconhecidos\",\"publisher\":{\"@id\":\"https:\\\/\\\/icomp.com.br\\\/camarim\\\/#organization\"},\"potentialAction\":[{\"@type\":\"SearchAction\",\"target\":{\"@type\":\"EntryPoint\",\"urlTemplate\":\"https:\\\/\\\/icomp.com.br\\\/camarim\\\/?s={search_term_string}\"},\"query-input\":{\"@type\":\"PropertyValueSpecification\",\"valueRequired\":true,\"valueName\":\"search_term_string\"}}],\"inLanguage\":\"pt-BR\"},{\"@type\":\"Organization\",\"@id\":\"https:\\\/\\\/icomp.com.br\\\/camarim\\\/#organization\",\"name\":\"Marketing Musical com Dhiego Bicudo\",\"url\":\"https:\\\/\\\/icomp.com.br\\\/camarim\\\/\",\"logo\":{\"@type\":\"ImageObject\",\"inLanguage\":\"pt-BR\",\"@id\":\"https:\\\/\\\/icomp.com.br\\\/camarim\\\/#\\\/schema\\\/logo\\\/image\\\/\",\"url\":\"https:\\\/\\\/icomp.com.br\\\/camarim\\\/wp-content\\\/uploads\\\/2017\\\/10\\\/cropped-icone.png\",\"contentUrl\":\"https:\\\/\\\/icomp.com.br\\\/camarim\\\/wp-content\\\/uploads\\\/2017\\\/10\\\/cropped-icone.png\",\"width\":512,\"height\":512,\"caption\":\"Marketing Musical com Dhiego Bicudo\"},\"image\":{\"@id\":\"https:\\\/\\\/icomp.com.br\\\/camarim\\\/#\\\/schema\\\/logo\\\/image\\\/\"},\"sameAs\":[\"https:\\\/\\\/www.facebook.com\\\/agenciaicomp\",\"https:\\\/\\\/www.instagram.com\\\/dhiegobicudo\",\"https:\\\/\\\/www.linkedin.com\\\/in\\\/dhiegobicudo\",\"https:\\\/\\\/www.youtube.com\\\/@TrilhadoCantor\"]},{\"@type\":\"Person\",\"@id\":\"https:\\\/\\\/icomp.com.br\\\/camarim\\\/#\\\/schema\\\/person\\\/d10a1b1471cde95c3738b4de07287002\",\"name\":\"Dhiego Bicudo\",\"image\":{\"@type\":\"ImageObject\",\"inLanguage\":\"pt-BR\",\"@id\":\"https:\\\/\\\/secure.gravatar.com\\\/avatar\\\/199e5081b46939e9add8e7fc06e802eb2f43ff99423ca0ef09d71f21882a5c49?s=96&d=mm&r=g\",\"url\":\"https:\\\/\\\/secure.gravatar.com\\\/avatar\\\/199e5081b46939e9add8e7fc06e802eb2f43ff99423ca0ef09d71f21882a5c49?s=96&d=mm&r=g\",\"contentUrl\":\"https:\\\/\\\/secure.gravatar.com\\\/avatar\\\/199e5081b46939e9add8e7fc06e802eb2f43ff99423ca0ef09d71f21882a5c49?s=96&d=mm&r=g\",\"caption\":\"Dhiego Bicudo\"},\"description\":\"possui muita experi\u00eancia em estrat\u00e9gias de marketing musical para cantores, duplas e bandas na Ag\u00eancia ICOMP\",\"url\":\"https:\\\/\\\/icomp.com.br\\\/camarim\\\/author\\\/d2ecf63ba8a1943f\\\/\"}]}<\/script>\n<!-- \/ Yoast SEO plugin. -->","yoast_head_json":{"title":"Contratos art\u00edsticos: tudo o que voc\u00ea precisa saber sobre o assunto","description":"Vai se profissionalizar no mundo da m\u00fasica? Confira esse conte\u00fado sobre contratos art\u00edsticos e fique preparado para os pr\u00f3ximos desafios.","robots":{"index":"index","follow":"follow","max-snippet":"max-snippet:-1","max-image-preview":"max-image-preview:large","max-video-preview":"max-video-preview:-1"},"canonical":"https:\/\/icomp.com.br\/camarim\/contratos-artisticos-tudo-o-que-voce-precisa-saber-sobre-o-assunto\/","og_locale":"pt_BR","og_type":"article","og_title":"Contratos art\u00edsticos: tudo o que voc\u00ea precisa saber sobre o assunto","og_description":"Vai se profissionalizar no mundo da m\u00fasica? Confira esse conte\u00fado sobre contratos art\u00edsticos e fique preparado para os pr\u00f3ximos desafios.","og_url":"https:\/\/icomp.com.br\/camarim\/contratos-artisticos-tudo-o-que-voce-precisa-saber-sobre-o-assunto\/","og_site_name":"Marketing Musical com Dhiego Bicudo","article_publisher":"https:\/\/www.facebook.com\/agenciaicomp","article_published_time":"2023-02-18T13:18:13+00:00","article_modified_time":"2025-01-24T20:32:27+00:00","og_image":[{"width":1920,"height":1281,"url":"https:\/\/icomp.com.br\/camarim\/wp-content\/uploads\/2020\/11\/camarim-contratos-artisticos.jpg","type":"image\/jpeg"}],"author":"Dhiego Bicudo","twitter_card":"summary_large_image","twitter_misc":{"Escrito por":"Dhiego Bicudo","Est. tempo de leitura":"5 minutos"},"schema":{"@context":"https:\/\/schema.org","@graph":[{"@type":"Article","@id":"https:\/\/icomp.com.br\/camarim\/contratos-artisticos-tudo-o-que-voce-precisa-saber-sobre-o-assunto\/#article","isPartOf":{"@id":"https:\/\/icomp.com.br\/camarim\/contratos-artisticos-tudo-o-que-voce-precisa-saber-sobre-o-assunto\/"},"author":{"name":"Dhiego Bicudo","@id":"https:\/\/icomp.com.br\/camarim\/#\/schema\/person\/d10a1b1471cde95c3738b4de07287002"},"headline":"Contratos art\u00edsticos: tudo o que voc\u00ea precisa saber sobre o assunto","datePublished":"2023-02-18T13:18:13+00:00","dateModified":"2025-01-24T20:32:27+00:00","mainEntityOfPage":{"@id":"https:\/\/icomp.com.br\/camarim\/contratos-artisticos-tudo-o-que-voce-precisa-saber-sobre-o-assunto\/"},"wordCount":955,"publisher":{"@id":"https:\/\/icomp.com.br\/camarim\/#organization"},"image":{"@id":"https:\/\/icomp.com.br\/camarim\/contratos-artisticos-tudo-o-que-voce-precisa-saber-sobre-o-assunto\/#primaryimage"},"thumbnailUrl":"https:\/\/icomp.com.br\/camarim\/wp-content\/uploads\/2020\/11\/camarim-contratos-artisticos.jpg","keywords":["contrato para empresariar cantor","Contratos art\u00edsticos"],"articleSection":["Gest\u00e3o de Carreira Musical","Material de Divulga\u00e7\u00e3o do Cantor"],"inLanguage":"pt-BR"},{"@type":"WebPage","@id":"https:\/\/icomp.com.br\/camarim\/contratos-artisticos-tudo-o-que-voce-precisa-saber-sobre-o-assunto\/","url":"https:\/\/icomp.com.br\/camarim\/contratos-artisticos-tudo-o-que-voce-precisa-saber-sobre-o-assunto\/","name":"Contratos art\u00edsticos: tudo o que voc\u00ea precisa saber sobre o assunto","isPartOf":{"@id":"https:\/\/icomp.com.br\/camarim\/#website"},"primaryImageOfPage":{"@id":"https:\/\/icomp.com.br\/camarim\/contratos-artisticos-tudo-o-que-voce-precisa-saber-sobre-o-assunto\/#primaryimage"},"image":{"@id":"https:\/\/icomp.com.br\/camarim\/contratos-artisticos-tudo-o-que-voce-precisa-saber-sobre-o-assunto\/#primaryimage"},"thumbnailUrl":"https:\/\/icomp.com.br\/camarim\/wp-content\/uploads\/2020\/11\/camarim-contratos-artisticos.jpg","datePublished":"2023-02-18T13:18:13+00:00","dateModified":"2025-01-24T20:32:27+00:00","description":"Vai se profissionalizar no mundo da m\u00fasica? Confira esse conte\u00fado sobre contratos art\u00edsticos e fique preparado para os pr\u00f3ximos desafios.","breadcrumb":{"@id":"https:\/\/icomp.com.br\/camarim\/contratos-artisticos-tudo-o-que-voce-precisa-saber-sobre-o-assunto\/#breadcrumb"},"inLanguage":"pt-BR","potentialAction":[{"@type":"ReadAction","target":["https:\/\/icomp.com.br\/camarim\/contratos-artisticos-tudo-o-que-voce-precisa-saber-sobre-o-assunto\/"]}]},{"@type":"ImageObject","inLanguage":"pt-BR","@id":"https:\/\/icomp.com.br\/camarim\/contratos-artisticos-tudo-o-que-voce-precisa-saber-sobre-o-assunto\/#primaryimage","url":"https:\/\/icomp.com.br\/camarim\/wp-content\/uploads\/2020\/11\/camarim-contratos-artisticos.jpg","contentUrl":"https:\/\/icomp.com.br\/camarim\/wp-content\/uploads\/2020\/11\/camarim-contratos-artisticos.jpg","width":1920,"height":1281,"caption":"Contratos art\u00edsticos"},{"@type":"BreadcrumbList","@id":"https:\/\/icomp.com.br\/camarim\/contratos-artisticos-tudo-o-que-voce-precisa-saber-sobre-o-assunto\/#breadcrumb","itemListElement":[{"@type":"ListItem","position":1,"name":"Home","item":"https:\/\/icomp.com.br\/camarim\/"},{"@type":"ListItem","position":2,"name":"Contratos art\u00edsticos: tudo o que voc\u00ea precisa saber sobre o assunto"}]},{"@type":"WebSite","@id":"https:\/\/icomp.com.br\/camarim\/#website","url":"https:\/\/icomp.com.br\/camarim\/","name":"Marketing Musical com Dhiego Bicudo","description":"Conhe\u00e7a as estrat\u00e9gias no marketing musical que uso na Ag\u00eancia ICOMP para transformar cantores, duplas e bandas em artistas reconhecidos","publisher":{"@id":"https:\/\/icomp.com.br\/camarim\/#organization"},"potentialAction":[{"@type":"SearchAction","target":{"@type":"EntryPoint","urlTemplate":"https:\/\/icomp.com.br\/camarim\/?s={search_term_string}"},"query-input":{"@type":"PropertyValueSpecification","valueRequired":true,"valueName":"search_term_string"}}],"inLanguage":"pt-BR"},{"@type":"Organization","@id":"https:\/\/icomp.com.br\/camarim\/#organization","name":"Marketing Musical com Dhiego Bicudo","url":"https:\/\/icomp.com.br\/camarim\/","logo":{"@type":"ImageObject","inLanguage":"pt-BR","@id":"https:\/\/icomp.com.br\/camarim\/#\/schema\/logo\/image\/","url":"https:\/\/icomp.com.br\/camarim\/wp-content\/uploads\/2017\/10\/cropped-icone.png","contentUrl":"https:\/\/icomp.com.br\/camarim\/wp-content\/uploads\/2017\/10\/cropped-icone.png","width":512,"height":512,"caption":"Marketing Musical com Dhiego Bicudo"},"image":{"@id":"https:\/\/icomp.com.br\/camarim\/#\/schema\/logo\/image\/"},"sameAs":["https:\/\/www.facebook.com\/agenciaicomp","https:\/\/www.instagram.com\/dhiegobicudo","https:\/\/www.linkedin.com\/in\/dhiegobicudo","https:\/\/www.youtube.com\/@TrilhadoCantor"]},{"@type":"Person","@id":"https:\/\/icomp.com.br\/camarim\/#\/schema\/person\/d10a1b1471cde95c3738b4de07287002","name":"Dhiego Bicudo","image":{"@type":"ImageObject","inLanguage":"pt-BR","@id":"https:\/\/secure.gravatar.com\/avatar\/199e5081b46939e9add8e7fc06e802eb2f43ff99423ca0ef09d71f21882a5c49?s=96&d=mm&r=g","url":"https:\/\/secure.gravatar.com\/avatar\/199e5081b46939e9add8e7fc06e802eb2f43ff99423ca0ef09d71f21882a5c49?s=96&d=mm&r=g","contentUrl":"https:\/\/secure.gravatar.com\/avatar\/199e5081b46939e9add8e7fc06e802eb2f43ff99423ca0ef09d71f21882a5c49?s=96&d=mm&r=g","caption":"Dhiego Bicudo"},"description":"possui muita experi\u00eancia em estrat\u00e9gias de marketing musical para cantores, duplas e bandas na Ag\u00eancia ICOMP","url":"https:\/\/icomp.com.br\/camarim\/author\/d2ecf63ba8a1943f\/"}]}},"_links":{"self":[{"href":"https:\/\/icomp.com.br\/camarim\/wp-json\/wp\/v2\/posts\/1026","targetHints":{"allow":["GET"]}}],"collection":[{"href":"https:\/\/icomp.com.br\/camarim\/wp-json\/wp\/v2\/posts"}],"about":[{"href":"https:\/\/icomp.com.br\/camarim\/wp-json\/wp\/v2\/types\/post"}],"author":[{"embeddable":true,"href":"https:\/\/icomp.com.br\/camarim\/wp-json\/wp\/v2\/users\/10"}],"replies":[{"embeddable":true,"href":"https:\/\/icomp.com.br\/camarim\/wp-json\/wp\/v2\/comments?post=1026"}],"version-history":[{"count":0,"href":"https:\/\/icomp.com.br\/camarim\/wp-json\/wp\/v2\/posts\/1026\/revisions"}],"wp:featuredmedia":[{"embeddable":true,"href":"https:\/\/icomp.com.br\/camarim\/wp-json\/wp\/v2\/media\/1027"}],"wp:attachment":[{"href":"https:\/\/icomp.com.br\/camarim\/wp-json\/wp\/v2\/media?parent=1026"}],"wp:term":[{"taxonomy":"category","embeddable":true,"href":"https:\/\/icomp.com.br\/camarim\/wp-json\/wp\/v2\/categories?post=1026"},{"taxonomy":"post_tag","embeddable":true,"href":"https:\/\/icomp.com.br\/camarim\/wp-json\/wp\/v2\/tags?post=1026"}],"curies":[{"name":"wp","href":"https:\/\/api.w.org\/{rel}","templated":true}]}}