{"id":1057,"date":"2023-02-10T15:38:42","date_gmt":"2023-02-10T18:38:42","guid":{"rendered":"https:\/\/www.icomp.com.br\/camarim\/?p=1057"},"modified":"2025-01-24T17:24:38","modified_gmt":"2025-01-24T20:24:38","slug":"saiba-tudo-sobre-fotografia-na-musica-e-pose-de-artista","status":"publish","type":"post","link":"https:\/\/icomp.com.br\/camarim\/saiba-tudo-sobre-fotografia-na-musica-e-pose-de-artista\/","title":{"rendered":"Saiba tudo sobre fotografia na m\u00fasica e pose de artista"},"content":{"rendered":"<p><span style=\"font-weight: 400;\">O papo de hoje \u00e9: fotografia na m\u00fasica! E a\u00ed? Como est\u00e1 sua foto de divulga\u00e7\u00e3o?<\/span><\/p>\n<p><b>Fotografia na m\u00fasica<\/b><span style=\"font-weight: 400;\">\u00a0\u00e9 algo essencial para a carreira de qualquer cantor e artista. Isso porque a identidade visual \u00e9 t\u00e3o importante quanto a identidade art\u00edstica e musical <\/span><span style=\"font-weight: 400;\">\u2013<\/span><span style=\"font-weight: 400;\"> ambas v\u00e3o mostrar sua personalidade e a dire\u00e7\u00e3o do seu trabalho.\u00a0<\/span><\/p>\n<p><span style=\"font-weight: 400;\">Isso sem falar que um clique eterniza os melhores momentos de uma carreira, n\u00e9? Shows, festas, capas de singles e \u00e1lbuns e por a\u00ed vai.\u00a0<\/span><\/p>\n<p><span style=\"font-weight: 400;\">Mas a pergunta que n\u00e3o quer calar \u00e9: voc\u00ea sabe como fazer pose de artista? E mais: sabe o que envolve um processo fotogr\u00e1fico? Muitos acham que \u00e9 s\u00f3 chamar o conhecido que tem uma c\u00e2mera, mas a fotografia na m\u00fasica tem muitos outros detalhes.<\/span><\/p>\n<p><span style=\"font-weight: 400;\">Para falar melhor sobre isso, convidei um profissional que entende muito do assunto: Marcel Bianchi, fot\u00f3grafo de m\u00fasica que j\u00e1 trabalhou com grandes nomes da ind\u00fastria, como Lucas Lucco, Marcos e Belutti e Naiara Azevedo. Ele tem muitas ideias, dicas e experi\u00eancias para trocar sobre fotografia na m\u00fasica. Se voc\u00ea quiser conferir a <\/span><a href=\"https:\/\/www.instagram.com\/tv\/CDR9jHQDpgY\/\"><span style=\"font-weight: 400;\">live<\/span><\/a><span style=\"font-weight: 400;\"> completa que fizemos no Instagram \u00e9 s\u00f3 <\/span><a href=\"https:\/\/www.instagram.com\/tv\/CDR9jHQDpgY\/\"><span style=\"font-weight: 400;\">clicar aqui<\/span><\/a><span style=\"font-weight: 400;\">.\u00a0<\/span><\/p>\n<p><span style=\"font-weight: 400;\">Este conte\u00fado \u00e9 s\u00f3 um recorte de tudo que falamos l\u00e1, beleza?<\/span><\/p>\n<p><span style=\"font-weight: 400;\">Conhecimento \u00e9 algo que soma pra todo mundo! Ent\u00e3o, vamos aprender mais sobre fotografia na m\u00fasica e pose de artista? Acompanha aqui comigo!<\/span><\/p>\n<h2><b>Pense em sua estrat\u00e9gia de marketing<\/b><\/h2>\n<p><span style=\"font-weight: 400;\">Antes de contratar um fot\u00f3grafo para registrar suas fotos \u00e9 importante analisar sua estrat\u00e9gia de marketing. Voc\u00ea tem uma, n\u00e9? (Se n\u00e3o tiver j\u00e1 <\/span><a href=\"https:\/\/conteudo.icomp.com.br\/orcamento\"><span style=\"font-weight: 400;\">pede um or\u00e7amento para este servi\u00e7o aqui<\/span><\/a><span style=\"font-weight: 400;\">).\u00a0<\/span><\/p>\n<p><span style=\"font-weight: 400;\">Isso porque o planejamento musical tem diversas etapas. Por exemplo: se voc\u00ea estiver no in\u00edcio da carreira, talvez valha a pena usar o dinheiro para uma fotografia pontual, aquelas no est\u00fadio mesmo, com a luz de recorte e fundo branco, essa \u00e9 a sua prioridade. Mas se a sua carreira j\u00e1 est\u00e1 fluindo bem, organize com o fot\u00f3grafo para fazer fotos com objetos de cena e at\u00e9 em loca\u00e7\u00f5es externas para divulga\u00e7\u00e3o do seu pr\u00f3ximo projeto, capa de \u00e1lbum ou alguns materiais mais qualificados para divulgar nas m\u00eddias sociais. \ud83d\ude01<\/span><\/p>\n<p><span style=\"font-weight: 400;\">\u00c9 sempre bom avaliar seu marketing musical na hora de fechar investimentos como esse. Afinal, tudo precisa ter um planejamento quando o assunto \u00e9\u00a0 desenvolvimento de carreira na m\u00fasica.\u00a0<\/span><\/p>\n<p><span style=\"font-weight: 400;\">E, olha, se voc\u00ea ainda n\u00e3o pensou em marketing musical, recomendo que n\u00e3o perca tempo! Isso \u00e9 fundamental para dar os primeiros passos na m\u00fasica. Se quiser, posso te ajudar com isso. Entre em contato comigo para combinarmos um <\/span><a href=\"http:\/\/conteudo.icomp.com.br\/consultoria\"><span style=\"font-weight: 400;\">bate-papo<\/span><\/a><span style=\"font-weight: 400;\">, combinado?\u00a0<\/span><\/p>\n<h2><b>Tenha um norte de onde voc\u00ea quer chegar<\/b><\/h2>\n<p><span style=\"font-weight: 400;\">De nada adianta ter um planejamento de marketing, mas n\u00e3o saber onde se quer chegar com as fotos que precisa. Beleza, voc\u00ea sabe que elas v\u00e3o para as m\u00eddias sociais ou para a divulga\u00e7\u00e3o do seu novo clipe, por exemplo, mas a pergunta \u00e9: que mensagem voc\u00ea quer passar com as fotografias? E para quem?\u00a0<\/span><\/p>\n<p><span style=\"font-weight: 400;\">\u00c9 importante que voc\u00ea tenha todas essas respostas na ponta da l\u00edngua, para garantir que o trabalho saia da forma que voc\u00ea imaginou e para que a equipe entenda todos os seus objetivos.\u00a0<\/span><\/p>\n<p><span style=\"font-weight: 400;\">Algo muito importante em todo trabalho visual (fotografia, filmes, moda etc) s\u00e3o as refer\u00eancias. S\u00e3o elas que v\u00e3o direcionar o seu trabalho para algum lugar. Ent\u00e3o, mantenha sempre uma pastinha no celular com ideias interessantes que voc\u00ea viu por a\u00ed. O pr\u00f3prio Instagram permite salvar conte\u00fados em pastas, ent\u00e3o, n\u00e3o deixe de usar essa funcionalidade a seu favor. E ah, o Pinterest tamb\u00e9m \u00e9 maravilhoso para pesquisa de refer\u00eancias visuais, desde as poses, os cen\u00e1rios e at\u00e9 espie os figurinos.\u00a0<\/span><\/p>\n<h2><b>Tenha ideias e originalidade<\/b><\/h2>\n<p><span style=\"font-weight: 400;\">Entenda, refer\u00eancia \u00e9 uma coisa. C\u00f3pia \u00e9 outra, combinado?<\/span><\/p>\n<p><span style=\"font-weight: 400;\">Nada de ir querendo copiar tudo o que outro artista j\u00e1 faz! \u00c9 importante pensar em coisas novas e desenvolver projetos com originalidade. Al\u00e9m disso, \u00e9 importante saber explicar para a equipe suas ideias para que o trabalho tenha sua personalidade e ess\u00eancia.\u00a0<\/span><\/p>\n<p><span style=\"font-weight: 400;\">Tenha boas ideias, mas deixe a liberdade de cria\u00e7\u00e3o fluir durante todo o desenvolvimento das fotos. Nunca v\u00e1 com ideias fixas e imut\u00e1veis. Cria\u00e7\u00e3o \u00e9 um neg\u00f3cio que pode mudar de uma hora para outra.\u00a0<\/span><\/p>\n<h2><b>Troque uma ideia com a equipe<\/b><\/h2>\n<p><span style=\"font-weight: 400;\">O Marcel Bianchi me contou na live que seus projetos fotogr\u00e1ficos sempre tem uma pr\u00e9-produ\u00e7\u00e3o, onde ele escuta as ideias do artista e tamb\u00e9m alinha alguns pontos importantes do trabalho.\u00a0<\/span><\/p>\n<p><span style=\"font-weight: 400;\">Isso mostra que trocar uma ideia com a equipe que vai te fotografar faz toda a diferen\u00e7a para que voc\u00ea fique mais \u00e0 vontade e para que as fotos saiam da maneira que voc\u00ea espera.\u00a0<\/span><\/p>\n<p><span style=\"font-weight: 400;\">No mundo da publicidade, isso \u00e9 chamado de briefing <\/span><span style=\"font-weight: 400;\">\u2013<\/span><span style=\"font-weight: 400;\"> um conjunto de informa\u00e7\u00f5es para o desenvolvimento de um trabalho. Voc\u00ea pode fazer isso pessoalmente, mas recomendo com anteced\u00eancia, antes de encontrar a equipe de fotografia.<\/span><\/p>\n<p><span style=\"font-weight: 400;\">\u00c9 sempre bacana ouvir hist\u00f3rias e trocar experi\u00eancias!<\/span><\/p>\n<h2><b>Escute o direcionamento do fotogr\u00e1fo<\/b><\/h2>\n<p><span style=\"font-weight: 400;\">Todo mundo \u00e9 fotog\u00eanico. O que acontece \u00e9 que algumas pessoas s\u00e3o bem fotografadas e outras n\u00e3o.\u00a0<\/span><\/p>\n<p><span style=\"font-weight: 400;\">Por isso, \u00e9 t\u00e3o importante escutar os direcionamentos do fot\u00f3grafo: vira mais pro lado, ajeita essa postura, levanta a cabe\u00e7a, olha para aquele lado\u2026 Isso vai ajudar a capturar o seu melhor \u00e2ngulo e a fazer diferentes enquadramentos para as fotos.\u00a0<\/span><\/p>\n<p><span style=\"font-weight: 400;\">Nada de ficar achando ruim o que o fot\u00f3grafo diz. Afinal, quem entende mais sobre o assunto: voc\u00ea ou ele? \ud83d\udc40<\/span><\/p>\n<p><span style=\"font-weight: 400;\">Al\u00e9m disso, \u00e9 sempre v\u00e1lido parar um pouquinho para olhar as fotos que est\u00e3o sendo feitas. Assim, voc\u00ea consegue ver o que est\u00e1 ficando bom e o que ainda precisa melhorar.\u00a0<\/span><\/p>\n<h2><b>Fotografia \u00e9 pra sempre<\/b><\/h2>\n<p><span style=\"font-weight: 400;\">Pode parecer clich\u00ea, mas se tem uma coisa que \u00e9 muito verdade \u00e9 que fotografias s\u00e3o a eterniza\u00e7\u00e3o de um momento.\u00a0<\/span><\/p>\n<p><span style=\"font-weight: 400;\">Pense que voc\u00ea vai rever aquelas fotos daqui 20 anos e vai lembrar de tudo que aconteceu na sua vida durante aquele per\u00edodo. A fotografia na m\u00fasica serve exatamente para isso!<\/span><\/p>\n<p><span style=\"font-weight: 400;\">Ent\u00e3o, mesmo se o tempo passar ou voc\u00ea mudar o seu estilo, pense que aquelas fotos fizeram parte de um momento importante da sua vida e que elas sa\u00edram da forma que deveriam.\u00a0<\/span><\/p>\n<p><span style=\"font-weight: 400;\">Na minha opini\u00e3o, eternizar as lembran\u00e7as \u00e9 algo fundamental para qualquer profiss\u00e3o.\u00a0<\/span><\/p>\n<p><span style=\"font-weight: 400;\">Espero que depois desse papo voc\u00ea esteja enxergando a <\/span><b>fotografia na m\u00fasica<\/b><span style=\"font-weight: 400;\">\u00a0com outros olhos. Aproveite para navegar pelo meu blog e conferir outras dicas para sua carreira musical!<\/span><\/p>\n<p><span style=\"font-weight: 400;\">Se quiser prolongar o papo, <\/span><a href=\"http:\/\/conteudo.icomp.com.br\/consultoria\"><span style=\"font-weight: 400;\">marque uma consultoria comigo<\/span><\/a><span style=\"font-weight: 400;\">. Tenho v\u00e1rias dicas para dar sobre marketing musical e trajet\u00f3ria no mundo da m\u00fasica!<\/span><\/p>\n<p><span style=\"font-weight: 400;\">Valeu e at\u00e9 a pr\u00f3xima!<\/span><\/p>\n","protected":false},"excerpt":{"rendered":"<p>O papo de hoje \u00e9: fotografia na m\u00fasica! E a\u00ed? Como est\u00e1 sua foto de divulga\u00e7\u00e3o? Fotografia na m\u00fasica\u00a0\u00e9 algo essencial para a carreira de qualquer cantor e artista. Isso porque a identidade visual \u00e9 t\u00e3o importante quanto a identidade art\u00edstica e musical \u2013 ambas v\u00e3o mostrar sua personalidade e a dire\u00e7\u00e3o do seu trabalho.\u00a0 [&hellip;]<\/p>\n","protected":false},"author":10,"featured_media":1060,"comment_status":"closed","ping_status":"closed","sticky":false,"template":"","format":"standard","meta":{"ocean_post_layout":"","ocean_both_sidebars_style":"","ocean_both_sidebars_content_width":0,"ocean_both_sidebars_sidebars_width":0,"ocean_sidebar":"","ocean_second_sidebar":"","ocean_disable_margins":"enable","ocean_add_body_class":"","ocean_shortcode_before_top_bar":"","ocean_shortcode_after_top_bar":"","ocean_shortcode_before_header":"","ocean_shortcode_after_header":"","ocean_has_shortcode":"","ocean_shortcode_after_title":"","ocean_shortcode_before_footer_widgets":"","ocean_shortcode_after_footer_widgets":"","ocean_shortcode_before_footer_bottom":"","ocean_shortcode_after_footer_bottom":"","ocean_display_top_bar":"default","ocean_display_header":"default","ocean_header_style":"","ocean_center_header_left_menu":"","ocean_custom_header_template":"","ocean_custom_logo":0,"ocean_custom_retina_logo":0,"ocean_custom_logo_max_width":0,"ocean_custom_logo_tablet_max_width":0,"ocean_custom_logo_mobile_max_width":0,"ocean_custom_logo_max_height":0,"ocean_custom_logo_tablet_max_height":0,"ocean_custom_logo_mobile_max_height":0,"ocean_header_custom_menu":"","ocean_menu_typo_font_family":"","ocean_menu_typo_font_subset":"","ocean_menu_typo_font_size":0,"ocean_menu_typo_font_size_tablet":0,"ocean_menu_typo_font_size_mobile":0,"ocean_menu_typo_font_size_unit":"px","ocean_menu_typo_font_weight":"","ocean_menu_typo_font_weight_tablet":"","ocean_menu_typo_font_weight_mobile":"","ocean_menu_typo_transform":"","ocean_menu_typo_transform_tablet":"","ocean_menu_typo_transform_mobile":"","ocean_menu_typo_line_height":0,"ocean_menu_typo_line_height_tablet":0,"ocean_menu_typo_line_height_mobile":0,"ocean_menu_typo_line_height_unit":"","ocean_menu_typo_spacing":0,"ocean_menu_typo_spacing_tablet":0,"ocean_menu_typo_spacing_mobile":0,"ocean_menu_typo_spacing_unit":"","ocean_menu_link_color":"","ocean_menu_link_color_hover":"","ocean_menu_link_color_active":"","ocean_menu_link_background":"","ocean_menu_link_hover_background":"","ocean_menu_link_active_background":"","ocean_menu_social_links_bg":"","ocean_menu_social_hover_links_bg":"","ocean_menu_social_links_color":"","ocean_menu_social_hover_links_color":"","ocean_disable_title":"default","ocean_disable_heading":"default","ocean_post_title":"","ocean_post_subheading":"","ocean_post_title_style":"","ocean_post_title_background_color":"","ocean_post_title_background":0,"ocean_post_title_bg_image_position":"","ocean_post_title_bg_image_attachment":"","ocean_post_title_bg_image_repeat":"","ocean_post_title_bg_image_size":"","ocean_post_title_height":0,"ocean_post_title_bg_overlay":0.5,"ocean_post_title_bg_overlay_color":"","ocean_disable_breadcrumbs":"default","ocean_breadcrumbs_color":"","ocean_breadcrumbs_separator_color":"","ocean_breadcrumbs_links_color":"","ocean_breadcrumbs_links_hover_color":"","ocean_display_footer_widgets":"default","ocean_display_footer_bottom":"default","ocean_custom_footer_template":"","ocean_post_oembed":"","ocean_post_self_hosted_media":"","ocean_post_video_embed":"","ocean_link_format":"","ocean_link_format_target":"self","ocean_quote_format":"","ocean_quote_format_link":"post","ocean_gallery_link_images":"on","ocean_gallery_id":[],"footnotes":""},"categories":[4],"tags":[83],"class_list":["post-1057","post","type-post","status-publish","format-standard","has-post-thumbnail","hentry","category-marketing-musical","tag-fotografia-na-musica","entry","has-media"],"yoast_head":"<!-- This site is optimized with the Yoast SEO plugin v27.4 - https:\/\/yoast.com\/product\/yoast-seo-wordpress\/ -->\n<title>Saiba tudo sobre fotografia na m\u00fasica e pose de artista - Dhiego Bicudo<\/title>\n<meta name=\"description\" content=\"Fotografia na m\u00fasica \u00e9 sua identidade visual. Ent\u00e3o, leia dicas valiosas sobre o assunto e aprenda como fazer bonito na divulga\u00e7\u00e3o da carreira.\" \/>\n<meta name=\"robots\" content=\"index, follow, max-snippet:-1, max-image-preview:large, max-video-preview:-1\" \/>\n<link rel=\"canonical\" href=\"https:\/\/icomp.com.br\/camarim\/saiba-tudo-sobre-fotografia-na-musica-e-pose-de-artista\/\" \/>\n<meta property=\"og:locale\" content=\"pt_BR\" \/>\n<meta property=\"og:type\" content=\"article\" \/>\n<meta property=\"og:title\" content=\"Saiba tudo sobre fotografia na m\u00fasica e pose de artista - Dhiego Bicudo\" \/>\n<meta property=\"og:description\" content=\"Fotografia na m\u00fasica \u00e9 sua identidade visual. Ent\u00e3o, leia dicas valiosas sobre o assunto e aprenda como fazer bonito na divulga\u00e7\u00e3o da carreira.\" \/>\n<meta property=\"og:url\" content=\"https:\/\/icomp.com.br\/camarim\/saiba-tudo-sobre-fotografia-na-musica-e-pose-de-artista\/\" \/>\n<meta property=\"og:site_name\" content=\"Marketing Musical com Dhiego Bicudo\" \/>\n<meta property=\"article:publisher\" content=\"https:\/\/www.facebook.com\/agenciaicomp\" \/>\n<meta property=\"article:published_time\" content=\"2023-02-10T18:38:42+00:00\" \/>\n<meta property=\"article:modified_time\" content=\"2025-01-24T20:24:38+00:00\" \/>\n<meta property=\"og:image\" content=\"https:\/\/icomp.com.br\/camarim\/wp-content\/uploads\/2021\/02\/icomp-camarim-fotografia-na-musica.jpg\" \/>\n\t<meta property=\"og:image:width\" content=\"1920\" \/>\n\t<meta property=\"og:image:height\" content=\"1281\" \/>\n\t<meta property=\"og:image:type\" content=\"image\/jpeg\" \/>\n<meta name=\"author\" content=\"Dhiego Bicudo\" \/>\n<meta name=\"twitter:card\" content=\"summary_large_image\" \/>\n<meta name=\"twitter:label1\" content=\"Escrito por\" \/>\n\t<meta name=\"twitter:data1\" content=\"Dhiego Bicudo\" \/>\n\t<meta name=\"twitter:label2\" content=\"Est. tempo de leitura\" \/>\n\t<meta name=\"twitter:data2\" content=\"6 minutos\" \/>\n<script type=\"application\/ld+json\" class=\"yoast-schema-graph\">{\"@context\":\"https:\\\/\\\/schema.org\",\"@graph\":[{\"@type\":\"Article\",\"@id\":\"https:\\\/\\\/icomp.com.br\\\/camarim\\\/saiba-tudo-sobre-fotografia-na-musica-e-pose-de-artista\\\/#article\",\"isPartOf\":{\"@id\":\"https:\\\/\\\/icomp.com.br\\\/camarim\\\/saiba-tudo-sobre-fotografia-na-musica-e-pose-de-artista\\\/\"},\"author\":{\"name\":\"Dhiego Bicudo\",\"@id\":\"https:\\\/\\\/icomp.com.br\\\/camarim\\\/#\\\/schema\\\/person\\\/d10a1b1471cde95c3738b4de07287002\"},\"headline\":\"Saiba tudo sobre fotografia na m\u00fasica e pose de artista\",\"datePublished\":\"2023-02-10T18:38:42+00:00\",\"dateModified\":\"2025-01-24T20:24:38+00:00\",\"mainEntityOfPage\":{\"@id\":\"https:\\\/\\\/icomp.com.br\\\/camarim\\\/saiba-tudo-sobre-fotografia-na-musica-e-pose-de-artista\\\/\"},\"wordCount\":1145,\"publisher\":{\"@id\":\"https:\\\/\\\/icomp.com.br\\\/camarim\\\/#organization\"},\"image\":{\"@id\":\"https:\\\/\\\/icomp.com.br\\\/camarim\\\/saiba-tudo-sobre-fotografia-na-musica-e-pose-de-artista\\\/#primaryimage\"},\"thumbnailUrl\":\"https:\\\/\\\/icomp.com.br\\\/camarim\\\/wp-content\\\/uploads\\\/2021\\\/02\\\/icomp-camarim-fotografia-na-musica.jpg\",\"keywords\":[\"fotografia na m\u00fasica\"],\"articleSection\":[\"Marketing Musical\"],\"inLanguage\":\"pt-BR\"},{\"@type\":\"WebPage\",\"@id\":\"https:\\\/\\\/icomp.com.br\\\/camarim\\\/saiba-tudo-sobre-fotografia-na-musica-e-pose-de-artista\\\/\",\"url\":\"https:\\\/\\\/icomp.com.br\\\/camarim\\\/saiba-tudo-sobre-fotografia-na-musica-e-pose-de-artista\\\/\",\"name\":\"Saiba tudo sobre fotografia na m\u00fasica e pose de artista - Dhiego Bicudo\",\"isPartOf\":{\"@id\":\"https:\\\/\\\/icomp.com.br\\\/camarim\\\/#website\"},\"primaryImageOfPage\":{\"@id\":\"https:\\\/\\\/icomp.com.br\\\/camarim\\\/saiba-tudo-sobre-fotografia-na-musica-e-pose-de-artista\\\/#primaryimage\"},\"image\":{\"@id\":\"https:\\\/\\\/icomp.com.br\\\/camarim\\\/saiba-tudo-sobre-fotografia-na-musica-e-pose-de-artista\\\/#primaryimage\"},\"thumbnailUrl\":\"https:\\\/\\\/icomp.com.br\\\/camarim\\\/wp-content\\\/uploads\\\/2021\\\/02\\\/icomp-camarim-fotografia-na-musica.jpg\",\"datePublished\":\"2023-02-10T18:38:42+00:00\",\"dateModified\":\"2025-01-24T20:24:38+00:00\",\"description\":\"Fotografia na m\u00fasica \u00e9 sua identidade visual. Ent\u00e3o, leia dicas valiosas sobre o assunto e aprenda como fazer bonito na divulga\u00e7\u00e3o da carreira.\",\"breadcrumb\":{\"@id\":\"https:\\\/\\\/icomp.com.br\\\/camarim\\\/saiba-tudo-sobre-fotografia-na-musica-e-pose-de-artista\\\/#breadcrumb\"},\"inLanguage\":\"pt-BR\",\"potentialAction\":[{\"@type\":\"ReadAction\",\"target\":[\"https:\\\/\\\/icomp.com.br\\\/camarim\\\/saiba-tudo-sobre-fotografia-na-musica-e-pose-de-artista\\\/\"]}]},{\"@type\":\"ImageObject\",\"inLanguage\":\"pt-BR\",\"@id\":\"https:\\\/\\\/icomp.com.br\\\/camarim\\\/saiba-tudo-sobre-fotografia-na-musica-e-pose-de-artista\\\/#primaryimage\",\"url\":\"https:\\\/\\\/icomp.com.br\\\/camarim\\\/wp-content\\\/uploads\\\/2021\\\/02\\\/icomp-camarim-fotografia-na-musica.jpg\",\"contentUrl\":\"https:\\\/\\\/icomp.com.br\\\/camarim\\\/wp-content\\\/uploads\\\/2021\\\/02\\\/icomp-camarim-fotografia-na-musica.jpg\",\"width\":1920,\"height\":1281,\"caption\":\"fotografia na m\u00fasica\"},{\"@type\":\"BreadcrumbList\",\"@id\":\"https:\\\/\\\/icomp.com.br\\\/camarim\\\/saiba-tudo-sobre-fotografia-na-musica-e-pose-de-artista\\\/#breadcrumb\",\"itemListElement\":[{\"@type\":\"ListItem\",\"position\":1,\"name\":\"Home\",\"item\":\"https:\\\/\\\/icomp.com.br\\\/camarim\\\/\"},{\"@type\":\"ListItem\",\"position\":2,\"name\":\"Saiba tudo sobre fotografia na m\u00fasica e pose de artista\"}]},{\"@type\":\"WebSite\",\"@id\":\"https:\\\/\\\/icomp.com.br\\\/camarim\\\/#website\",\"url\":\"https:\\\/\\\/icomp.com.br\\\/camarim\\\/\",\"name\":\"Marketing Musical com Dhiego Bicudo\",\"description\":\"Conhe\u00e7a as estrat\u00e9gias no marketing musical que uso na Ag\u00eancia ICOMP para transformar cantores, duplas e bandas em artistas reconhecidos\",\"publisher\":{\"@id\":\"https:\\\/\\\/icomp.com.br\\\/camarim\\\/#organization\"},\"potentialAction\":[{\"@type\":\"SearchAction\",\"target\":{\"@type\":\"EntryPoint\",\"urlTemplate\":\"https:\\\/\\\/icomp.com.br\\\/camarim\\\/?s={search_term_string}\"},\"query-input\":{\"@type\":\"PropertyValueSpecification\",\"valueRequired\":true,\"valueName\":\"search_term_string\"}}],\"inLanguage\":\"pt-BR\"},{\"@type\":\"Organization\",\"@id\":\"https:\\\/\\\/icomp.com.br\\\/camarim\\\/#organization\",\"name\":\"Marketing Musical com Dhiego Bicudo\",\"url\":\"https:\\\/\\\/icomp.com.br\\\/camarim\\\/\",\"logo\":{\"@type\":\"ImageObject\",\"inLanguage\":\"pt-BR\",\"@id\":\"https:\\\/\\\/icomp.com.br\\\/camarim\\\/#\\\/schema\\\/logo\\\/image\\\/\",\"url\":\"https:\\\/\\\/icomp.com.br\\\/camarim\\\/wp-content\\\/uploads\\\/2017\\\/10\\\/cropped-icone.png\",\"contentUrl\":\"https:\\\/\\\/icomp.com.br\\\/camarim\\\/wp-content\\\/uploads\\\/2017\\\/10\\\/cropped-icone.png\",\"width\":512,\"height\":512,\"caption\":\"Marketing Musical com Dhiego Bicudo\"},\"image\":{\"@id\":\"https:\\\/\\\/icomp.com.br\\\/camarim\\\/#\\\/schema\\\/logo\\\/image\\\/\"},\"sameAs\":[\"https:\\\/\\\/www.facebook.com\\\/agenciaicomp\",\"https:\\\/\\\/www.instagram.com\\\/dhiegobicudo\",\"https:\\\/\\\/www.linkedin.com\\\/in\\\/dhiegobicudo\",\"https:\\\/\\\/www.youtube.com\\\/@TrilhadoCantor\"]},{\"@type\":\"Person\",\"@id\":\"https:\\\/\\\/icomp.com.br\\\/camarim\\\/#\\\/schema\\\/person\\\/d10a1b1471cde95c3738b4de07287002\",\"name\":\"Dhiego Bicudo\",\"image\":{\"@type\":\"ImageObject\",\"inLanguage\":\"pt-BR\",\"@id\":\"https:\\\/\\\/secure.gravatar.com\\\/avatar\\\/199e5081b46939e9add8e7fc06e802eb2f43ff99423ca0ef09d71f21882a5c49?s=96&d=mm&r=g\",\"url\":\"https:\\\/\\\/secure.gravatar.com\\\/avatar\\\/199e5081b46939e9add8e7fc06e802eb2f43ff99423ca0ef09d71f21882a5c49?s=96&d=mm&r=g\",\"contentUrl\":\"https:\\\/\\\/secure.gravatar.com\\\/avatar\\\/199e5081b46939e9add8e7fc06e802eb2f43ff99423ca0ef09d71f21882a5c49?s=96&d=mm&r=g\",\"caption\":\"Dhiego Bicudo\"},\"description\":\"possui muita experi\u00eancia em estrat\u00e9gias de marketing musical para cantores, duplas e bandas na Ag\u00eancia ICOMP\",\"url\":\"https:\\\/\\\/icomp.com.br\\\/camarim\\\/author\\\/d2ecf63ba8a1943f\\\/\"}]}<\/script>\n<!-- \/ Yoast SEO plugin. -->","yoast_head_json":{"title":"Saiba tudo sobre fotografia na m\u00fasica e pose de artista - Dhiego Bicudo","description":"Fotografia na m\u00fasica \u00e9 sua identidade visual. Ent\u00e3o, leia dicas valiosas sobre o assunto e aprenda como fazer bonito na divulga\u00e7\u00e3o da carreira.","robots":{"index":"index","follow":"follow","max-snippet":"max-snippet:-1","max-image-preview":"max-image-preview:large","max-video-preview":"max-video-preview:-1"},"canonical":"https:\/\/icomp.com.br\/camarim\/saiba-tudo-sobre-fotografia-na-musica-e-pose-de-artista\/","og_locale":"pt_BR","og_type":"article","og_title":"Saiba tudo sobre fotografia na m\u00fasica e pose de artista - Dhiego Bicudo","og_description":"Fotografia na m\u00fasica \u00e9 sua identidade visual. Ent\u00e3o, leia dicas valiosas sobre o assunto e aprenda como fazer bonito na divulga\u00e7\u00e3o da carreira.","og_url":"https:\/\/icomp.com.br\/camarim\/saiba-tudo-sobre-fotografia-na-musica-e-pose-de-artista\/","og_site_name":"Marketing Musical com Dhiego Bicudo","article_publisher":"https:\/\/www.facebook.com\/agenciaicomp","article_published_time":"2023-02-10T18:38:42+00:00","article_modified_time":"2025-01-24T20:24:38+00:00","og_image":[{"width":1920,"height":1281,"url":"https:\/\/icomp.com.br\/camarim\/wp-content\/uploads\/2021\/02\/icomp-camarim-fotografia-na-musica.jpg","type":"image\/jpeg"}],"author":"Dhiego Bicudo","twitter_card":"summary_large_image","twitter_misc":{"Escrito por":"Dhiego Bicudo","Est. tempo de leitura":"6 minutos"},"schema":{"@context":"https:\/\/schema.org","@graph":[{"@type":"Article","@id":"https:\/\/icomp.com.br\/camarim\/saiba-tudo-sobre-fotografia-na-musica-e-pose-de-artista\/#article","isPartOf":{"@id":"https:\/\/icomp.com.br\/camarim\/saiba-tudo-sobre-fotografia-na-musica-e-pose-de-artista\/"},"author":{"name":"Dhiego Bicudo","@id":"https:\/\/icomp.com.br\/camarim\/#\/schema\/person\/d10a1b1471cde95c3738b4de07287002"},"headline":"Saiba tudo sobre fotografia na m\u00fasica e pose de artista","datePublished":"2023-02-10T18:38:42+00:00","dateModified":"2025-01-24T20:24:38+00:00","mainEntityOfPage":{"@id":"https:\/\/icomp.com.br\/camarim\/saiba-tudo-sobre-fotografia-na-musica-e-pose-de-artista\/"},"wordCount":1145,"publisher":{"@id":"https:\/\/icomp.com.br\/camarim\/#organization"},"image":{"@id":"https:\/\/icomp.com.br\/camarim\/saiba-tudo-sobre-fotografia-na-musica-e-pose-de-artista\/#primaryimage"},"thumbnailUrl":"https:\/\/icomp.com.br\/camarim\/wp-content\/uploads\/2021\/02\/icomp-camarim-fotografia-na-musica.jpg","keywords":["fotografia na m\u00fasica"],"articleSection":["Marketing Musical"],"inLanguage":"pt-BR"},{"@type":"WebPage","@id":"https:\/\/icomp.com.br\/camarim\/saiba-tudo-sobre-fotografia-na-musica-e-pose-de-artista\/","url":"https:\/\/icomp.com.br\/camarim\/saiba-tudo-sobre-fotografia-na-musica-e-pose-de-artista\/","name":"Saiba tudo sobre fotografia na m\u00fasica e pose de artista - Dhiego Bicudo","isPartOf":{"@id":"https:\/\/icomp.com.br\/camarim\/#website"},"primaryImageOfPage":{"@id":"https:\/\/icomp.com.br\/camarim\/saiba-tudo-sobre-fotografia-na-musica-e-pose-de-artista\/#primaryimage"},"image":{"@id":"https:\/\/icomp.com.br\/camarim\/saiba-tudo-sobre-fotografia-na-musica-e-pose-de-artista\/#primaryimage"},"thumbnailUrl":"https:\/\/icomp.com.br\/camarim\/wp-content\/uploads\/2021\/02\/icomp-camarim-fotografia-na-musica.jpg","datePublished":"2023-02-10T18:38:42+00:00","dateModified":"2025-01-24T20:24:38+00:00","description":"Fotografia na m\u00fasica \u00e9 sua identidade visual. Ent\u00e3o, leia dicas valiosas sobre o assunto e aprenda como fazer bonito na divulga\u00e7\u00e3o da carreira.","breadcrumb":{"@id":"https:\/\/icomp.com.br\/camarim\/saiba-tudo-sobre-fotografia-na-musica-e-pose-de-artista\/#breadcrumb"},"inLanguage":"pt-BR","potentialAction":[{"@type":"ReadAction","target":["https:\/\/icomp.com.br\/camarim\/saiba-tudo-sobre-fotografia-na-musica-e-pose-de-artista\/"]}]},{"@type":"ImageObject","inLanguage":"pt-BR","@id":"https:\/\/icomp.com.br\/camarim\/saiba-tudo-sobre-fotografia-na-musica-e-pose-de-artista\/#primaryimage","url":"https:\/\/icomp.com.br\/camarim\/wp-content\/uploads\/2021\/02\/icomp-camarim-fotografia-na-musica.jpg","contentUrl":"https:\/\/icomp.com.br\/camarim\/wp-content\/uploads\/2021\/02\/icomp-camarim-fotografia-na-musica.jpg","width":1920,"height":1281,"caption":"fotografia na m\u00fasica"},{"@type":"BreadcrumbList","@id":"https:\/\/icomp.com.br\/camarim\/saiba-tudo-sobre-fotografia-na-musica-e-pose-de-artista\/#breadcrumb","itemListElement":[{"@type":"ListItem","position":1,"name":"Home","item":"https:\/\/icomp.com.br\/camarim\/"},{"@type":"ListItem","position":2,"name":"Saiba tudo sobre fotografia na m\u00fasica e pose de artista"}]},{"@type":"WebSite","@id":"https:\/\/icomp.com.br\/camarim\/#website","url":"https:\/\/icomp.com.br\/camarim\/","name":"Marketing Musical com Dhiego Bicudo","description":"Conhe\u00e7a as estrat\u00e9gias no marketing musical que uso na Ag\u00eancia ICOMP para transformar cantores, duplas e bandas em artistas reconhecidos","publisher":{"@id":"https:\/\/icomp.com.br\/camarim\/#organization"},"potentialAction":[{"@type":"SearchAction","target":{"@type":"EntryPoint","urlTemplate":"https:\/\/icomp.com.br\/camarim\/?s={search_term_string}"},"query-input":{"@type":"PropertyValueSpecification","valueRequired":true,"valueName":"search_term_string"}}],"inLanguage":"pt-BR"},{"@type":"Organization","@id":"https:\/\/icomp.com.br\/camarim\/#organization","name":"Marketing Musical com Dhiego Bicudo","url":"https:\/\/icomp.com.br\/camarim\/","logo":{"@type":"ImageObject","inLanguage":"pt-BR","@id":"https:\/\/icomp.com.br\/camarim\/#\/schema\/logo\/image\/","url":"https:\/\/icomp.com.br\/camarim\/wp-content\/uploads\/2017\/10\/cropped-icone.png","contentUrl":"https:\/\/icomp.com.br\/camarim\/wp-content\/uploads\/2017\/10\/cropped-icone.png","width":512,"height":512,"caption":"Marketing Musical com Dhiego Bicudo"},"image":{"@id":"https:\/\/icomp.com.br\/camarim\/#\/schema\/logo\/image\/"},"sameAs":["https:\/\/www.facebook.com\/agenciaicomp","https:\/\/www.instagram.com\/dhiegobicudo","https:\/\/www.linkedin.com\/in\/dhiegobicudo","https:\/\/www.youtube.com\/@TrilhadoCantor"]},{"@type":"Person","@id":"https:\/\/icomp.com.br\/camarim\/#\/schema\/person\/d10a1b1471cde95c3738b4de07287002","name":"Dhiego Bicudo","image":{"@type":"ImageObject","inLanguage":"pt-BR","@id":"https:\/\/secure.gravatar.com\/avatar\/199e5081b46939e9add8e7fc06e802eb2f43ff99423ca0ef09d71f21882a5c49?s=96&d=mm&r=g","url":"https:\/\/secure.gravatar.com\/avatar\/199e5081b46939e9add8e7fc06e802eb2f43ff99423ca0ef09d71f21882a5c49?s=96&d=mm&r=g","contentUrl":"https:\/\/secure.gravatar.com\/avatar\/199e5081b46939e9add8e7fc06e802eb2f43ff99423ca0ef09d71f21882a5c49?s=96&d=mm&r=g","caption":"Dhiego Bicudo"},"description":"possui muita experi\u00eancia em estrat\u00e9gias de marketing musical para cantores, duplas e bandas na Ag\u00eancia ICOMP","url":"https:\/\/icomp.com.br\/camarim\/author\/d2ecf63ba8a1943f\/"}]}},"_links":{"self":[{"href":"https:\/\/icomp.com.br\/camarim\/wp-json\/wp\/v2\/posts\/1057","targetHints":{"allow":["GET"]}}],"collection":[{"href":"https:\/\/icomp.com.br\/camarim\/wp-json\/wp\/v2\/posts"}],"about":[{"href":"https:\/\/icomp.com.br\/camarim\/wp-json\/wp\/v2\/types\/post"}],"author":[{"embeddable":true,"href":"https:\/\/icomp.com.br\/camarim\/wp-json\/wp\/v2\/users\/10"}],"replies":[{"embeddable":true,"href":"https:\/\/icomp.com.br\/camarim\/wp-json\/wp\/v2\/comments?post=1057"}],"version-history":[{"count":0,"href":"https:\/\/icomp.com.br\/camarim\/wp-json\/wp\/v2\/posts\/1057\/revisions"}],"wp:featuredmedia":[{"embeddable":true,"href":"https:\/\/icomp.com.br\/camarim\/wp-json\/wp\/v2\/media\/1060"}],"wp:attachment":[{"href":"https:\/\/icomp.com.br\/camarim\/wp-json\/wp\/v2\/media?parent=1057"}],"wp:term":[{"taxonomy":"category","embeddable":true,"href":"https:\/\/icomp.com.br\/camarim\/wp-json\/wp\/v2\/categories?post=1057"},{"taxonomy":"post_tag","embeddable":true,"href":"https:\/\/icomp.com.br\/camarim\/wp-json\/wp\/v2\/tags?post=1057"}],"curies":[{"name":"wp","href":"https:\/\/api.w.org\/{rel}","templated":true}]}}