{"id":1068,"date":"2025-01-31T11:26:00","date_gmt":"2025-01-31T14:26:00","guid":{"rendered":"https:\/\/www.icomp.com.br\/camarim\/?p=1068"},"modified":"2025-06-20T17:56:36","modified_gmt":"2025-06-20T20:56:36","slug":"como-lancar-musica-o-ano-inteiro-desafio-35-musicas-em-1-ano","status":"publish","type":"post","link":"https:\/\/icomp.com.br\/camarim\/como-lancar-musica-o-ano-inteiro-desafio-35-musicas-em-1-ano\/","title":{"rendered":"Como lan\u00e7ar m\u00fasica o ano inteiro: desafio 35 m\u00fasicas em 1 ano"},"content":{"rendered":"<p><em><span style=\"font-weight: 400;\">Al\u00f4, cantor! Vamos falar sobre <\/span><b>lan\u00e7ar m\u00fasica<\/b><span style=\"font-weight: 400;\">?<\/span><\/em><\/p>\n<p><span style=\"font-weight: 400;\">O assunto de hoje \u00e9 o cronograma de lan\u00e7amentos. Essa estrat\u00e9gia \u00e9 valiosa para aumentar a audi\u00eancia em suas m\u00fasicas e construir um cat\u00e1logo s\u00f3lido com o tempo e, ainda, eliminar rejei\u00e7\u00f5es a respeito do seu projeto.\u00a0<\/span><\/p>\n<p><span style=\"font-weight: 400;\"><strong>Mas, antes de come\u00e7ar a explicar, quero refor\u00e7ar que esse cronograma de lan\u00e7amentos exige bastante trabalho, hein?<\/strong> N\u00e3o vai achando que\u00a0 lan\u00e7ar uma m\u00fasica aqui ou um videoclipe ali \u00e9 o suficiente&#8230; Estamos falando de um planejamento de 12 meses com mais de 30 m\u00fasicas de repert\u00f3rio e ao menos 2 m\u00fasicas in\u00e9ditas lan\u00e7adas para sua audi\u00eancia.\u00a0<\/span><\/p>\n<p><span style=\"font-weight: 400;\">E a\u00ed, t\u00e1 preparado pra esse trampo todo?<\/span><\/p>\n<p><span style=\"font-weight: 400;\">Eu espero que sim, pois a m\u00fasica \u00e9 seu ganha p\u00e3o e voc\u00ea precisa ser conhecido por isso.\u00a0<\/span><\/p>\n<p><span style=\"font-weight: 400;\">Ent\u00e3o, vamos saber como lan\u00e7ar m\u00fasica da maneira certa e fazer sucesso? Acompanhe as etapas que fa\u00e7o como sugest\u00e3o.\u00a0<\/span><\/p>\n<h2><span style=\"font-weight: 400;\">Do que voc\u00ea vai precisar?<\/span><\/h2>\n<p><span style=\"font-weight: 400;\">Olha, n\u00e3o tem muito segredo na hora de montar um cronograma de lan\u00e7amentos. O importante \u00e9 escolher materiais bem simples que permitam enxergar os pr\u00f3ximos passos do seu trabalho.\u00a0<\/span><\/p>\n<p><span style=\"font-weight: 400;\">O que voc\u00ea mais vai precisar durante a constru\u00e7\u00e3o do seu planejamento, \u00e9:<\/span><\/p>\n<ul>\n<li style=\"font-weight: 400;\" aria-level=\"1\"><strong>Folha de sulfite A4 ou cartolina grande;\u00a0<\/strong><\/li>\n<li style=\"font-weight: 400;\" aria-level=\"1\"><strong>L\u00e1pis, caneta e uma r\u00e9gua;<\/strong><\/li>\n<li style=\"font-weight: 400;\" aria-level=\"1\"><strong>Planilha no computador (caso prefira fazer digitalmente);<\/strong><\/li>\n<li style=\"font-weight: 400;\" aria-level=\"1\"><strong>Muita disposi\u00e7\u00e3o.\u00a0<\/strong><\/li>\n<\/ul>\n<p><span style=\"font-weight: 400;\">Tudo isso vai ajudar a organizar melhor seus lan\u00e7amentos de maneira clara e objetiva. Mas vale refor\u00e7ar que voc\u00ea deve ter muita disposi\u00e7\u00e3o para montar tudo da maneira certa, combinado? Desistir n\u00e3o \u00e9 com a gente!<\/span><\/p>\n<h2><span style=\"font-weight: 400;\">Criando o seu cronograma de lan\u00e7amentos<\/span><\/h2>\n<p><span style=\"font-weight: 400;\">Chegou o momento de organizar o seu cronograma de lan\u00e7amentos. T\u00e1 preparado? Pois existem muitos pontos importantes para entender a partir daqui.\u00a0<\/span><\/p>\n<p><span style=\"font-weight: 400;\">Vamos l\u00e1: no meu cronograma de lan\u00e7amentos vou usar como refer\u00eancia um per\u00edodo de 12 meses. Por qu\u00ea? Porque eu quero que voc\u00ea trabalhe por pelo menos um ano sem parar.\u00a0<\/span><\/p>\n<p><span style=\"font-weight: 400;\">Muitos artistas se empolgam com o primeiro lan\u00e7amento nas plataformas como Spotify, Deezer e Apple Music e depois n\u00e3o lan\u00e7am mais nada, sem contar o canal do YouTube pausado por sei l\u00e1 quanto tempo. Gente, isso \u00e9 ruim demais pra sua imagem. Imagina s\u00f3: algu\u00e9m pesquisando por artistas semelhantes no YouTube, percebe seu canal\u00a0 e ao ver que voc\u00ea n\u00e3o lan\u00e7a nada a quatro meses? Logo j\u00e1 pensa: desistiu! E isso nunca vai criar recorr\u00eancia no p\u00fablico e nem mostrar consist\u00eancia.\u00a0<\/span><\/p>\n<p><span style=\"font-weight: 400;\">Por isso, vamos nos planejar para um ano inteiro de trabalho e colocar a m\u00e3o na massa!<\/span><\/p>\n<p><span style=\"font-weight: 400;\">O cronograma para lan\u00e7ar m\u00fasicas precisa ter quatro colunas e tr\u00eas linhas. Se organize dessa maneira colocando em cada quadrado o m\u00eas e o n\u00famero de lan\u00e7amentos que voc\u00ea vai fazer. Pinte dois quadrados de amarelo para representar os meses de lan\u00e7amento de m\u00fasicas in\u00e9ditas.\u00a0<\/span><\/p>\n<p><span style=\"font-weight: 400;\">Saca s\u00f3, por onde pode seguir ainda neste ano! <span class=\"cqiun4t2 khvhiq1o r5qsrrlp i5tg98hk iqx13udk przvwfww qiohso4h gfz4du6o r7fjleex nz2484kf svot0ezm dcnh1tix sxl192xd t3g6t33p\"><span class=\"\">\ud83d\udc47<\/span><\/span><span class=\"cqiun4t2 khvhiq1o r5qsrrlp i5tg98hk iqx13udk przvwfww qiohso4h gfz4du6o r7fjleex nz2484kf svot0ezm dcnh1tix sxl192xd t3g6t33p\"><span class=\"\">\ud83d\udc40<\/span><\/span><\/span><\/p>\n<table style=\"height: 558px; width: 100%; border-style: solid; border-color: #000000; background-color: #eeeeee;\" border=\"1\" cellspacing=\"5\" cellpadding=\"5\">\n<tbody>\n<tr style=\"height: 150px;\">\n<td style=\"width: 26.0714%; height: 170px;\"><em><strong>MAR<br \/>\n<\/strong><\/em>1 m\u00fasica<\/td>\n<td style=\"width: 24.2857%; height: 170px;\"><em><strong>ABR<br \/>\n<\/strong><\/em>2 m\u00fasicas<\/td>\n<td style=\"width: 25%; height: 170px;\"><em><strong>MAIO<br \/>\n<\/strong><\/em>2 m\u00fasicas<\/td>\n<td style=\"width: 23.2143%; height: 170px;\"><em><strong>JUN<br \/>\n<\/strong><\/em>4 m\u00fasicas<\/td>\n<\/tr>\n<tr style=\"height: 144px;\">\n<td style=\"width: 26.0714%; height: 191px; background-color: #fff021;\"><em><strong><span style=\"color: #000000;\">JUL<br \/>\n<\/span><\/strong><\/em><b>1 lan\u00e7amento in\u00e9dito <\/b><span style=\"font-weight: 400; color: #000000;\">+ 2 m\u00fasicas<\/span><\/td>\n<td style=\"width: 24.2857%; height: 191px;\"><em><strong>AGO<br \/>\n<\/strong><\/em>2 m\u00fasicas<\/td>\n<td style=\"width: 25%; height: 191px;\"><em><strong>SET<br \/>\n<\/strong><\/em>4 m\u00fasicas<\/td>\n<td style=\"width: 23.2143%; height: 191px;\"><em><strong>OUT<br \/>\n<\/strong><\/em>4 m\u00fasicas<\/td>\n<\/tr>\n<tr style=\"height: 198px;\">\n<td style=\"width: 26.0714%; height: 197px; background-color: #fff021;\"><em><strong><span style=\"color: #000000;\">NOV<br \/>\n<\/span><\/strong><\/em><b>1 lan\u00e7amento in\u00e9dito <\/b><span style=\"font-weight: 400; color: #000000;\">+ 2 m\u00fasicas<\/span><\/td>\n<td style=\"width: 24.2857%; height: 197px;\"><em><strong>DEZ<br \/>\n<\/strong><\/em>2 m\u00fasicas<\/td>\n<td style=\"width: 25%; height: 197px;\"><em><strong>JAN<br \/>\n<\/strong><\/em>4 m\u00fasicas<\/td>\n<td style=\"width: 23.2143%; height: 197px;\"><em><strong>FEV<br \/>\n<\/strong><\/em>4 <span style=\"font-weight: 400;\">m\u00fasicas<\/span><\/td>\n<\/tr>\n<\/tbody>\n<\/table>\n<p><span style=\"font-weight: 400;\">Repare que no cronograma acima eu comecei a lan\u00e7ar m\u00fasica agora mesmo, em mar\u00e7o, mas voc\u00ea pode ajustar \u00e0 partir do m\u00eas que come\u00e7ar a trabalhar e na hora que come\u00e7ar, tenha disciplina para fazer ao menos, um ano.<\/span><\/p>\n<p><span style=\"font-weight: 400;\">No total, ser\u00e3o 2 lan\u00e7amentos in\u00e9ditos + 33 m\u00fasicas para aquecer o p\u00fablico e criar recorr\u00eancia com seu trabalho. Se fizer mais, \u00f3timo! O importante \u00e9 ser persistente.\u00a0\u00a0<\/span><\/p>\n<h3><span style=\"font-weight: 400;\">Gravando os conte\u00fados para lan\u00e7ar<\/span><\/h3>\n<p><span style=\"font-weight: 400;\">Olha, se tem uma coisa que eu n\u00e3o quero ouvir s\u00e3o desculpinhas!<\/span><\/p>\n<p><i><span style=\"font-weight: 400;\">&#8220;Ai, Dhiego, n\u00e3o tenho roupa pra usar nas grava\u00e7\u00f5es&#8221;<\/span><\/i><span style=\"font-weight: 400;\">, <\/span><i><span style=\"font-weight: 400;\">&#8220;Vixe, n\u00e3o tenho um equipamento legal<\/span><\/i><span style=\"font-weight: 400;\">, <\/span><i><span style=\"font-weight: 400;\">&#8220;Como vou fazer a produ\u00e7\u00e3o sozinho&#8221;<\/span><\/i><span style=\"font-weight: 400;\">?<\/span><\/p>\n<p><span style=\"font-weight: 400;\">Cara, esse tipo de pensamento s\u00f3 vai atrasar o seu cronograma de lan\u00e7amentos. \u00c9 preciso honrar o compromisso de lan\u00e7ar m\u00fasica, seja nas plataformas de streaming, seja no YouTube ou em outras m\u00eddias sociais.\u00a0<\/span><\/p>\n<p><span style=\"font-weight: 400;\">Ent\u00e3o, capriche na produ\u00e7\u00e3o dos seus lan\u00e7amentos in\u00e9ditos e, nas outras 33 m\u00fasicas voc\u00ea pode gravar remix, covers, <\/span><i><span style=\"font-weight: 400;\">acappella<\/span><\/i><span style=\"font-weight: 400;\">, voz e viol\u00e3o ou outros estilos que a galera goste. V\u00e1 sempre naquela m\u00fasica que te represente e que valorize sua voz.\u00a0<\/span><\/p>\n<p><span style=\"font-weight: 400;\">Ah, e nada de ficar quebrando a cabe\u00e7a com a produ\u00e7\u00e3o, viu? Se for um v\u00eddeo para o <a href=\"https:\/\/www.youtube.com\/\"><strong>YouTube<\/strong><\/a> \u00e9 legal preparar o cen\u00e1rio e cuidar do look. N\u00e3o tem roupa? Pegue emprestado de algu\u00e9m! N\u00e3o tem lugar pra gravar? V\u00e1 at\u00e9 a casa de um amigo que tenha uma parede legal ou procure espa\u00e7os fora de casa.<\/span><\/p>\n<p><span style=\"font-weight: 400;\">Tudo isso pode ser bem cansativo, mas todos esses conte\u00fados ser\u00e3o importantes para engajar novos ouvintes e atrair diferentes seguidores.\u00a0<\/span><\/p>\n<p><span style=\"font-weight: 400;\">Eu posso fazer esse trabalho por voc\u00ea e dar todos os direcionamentos poss\u00edveis. Voc\u00ea pode agendar comigo uma <\/span><a href=\"https:\/\/conteudo.icomp.com.br\/consultoria\"><span style=\"font-weight: 400;\">consultoria de marketing musical<\/span><\/a><span style=\"font-weight: 400;\">.\u00a0<\/span><\/p>\n<h2><strong>Lan\u00e7ou? Hora de divulgar!<\/strong><\/h2>\n<p><span style=\"font-weight: 400;\">Agora que o lan\u00e7amento foi feito, \u00e9 hora de correr atr\u00e1s da divulga\u00e7\u00e3o do seu trabalho. Afinal, ele n\u00e3o ser\u00e1 descoberto sozinho, n\u00e9?\u00a0<\/span><\/p>\n<p><span style=\"font-weight: 400;\">As m\u00eddias sociais que v\u00e3o atrair uma audi\u00eancia s\u00e3o o Instagram e o TikTok <\/span><span style=\"font-weight: 400;\">\u2013<\/span><span style=\"font-weight: 400;\"> as mais famosas\u00a0 entre os artistas e que n\u00e3o param de crescer. Sugiro que voc\u00ea chame a aten\u00e7\u00e3o inicialmente e direcione os primeiros\u00a0 esfor\u00e7os por l\u00e1, mas s\u00e3o no Youtube e nos aplicativos de m\u00fasica, principalmente o Spotify onde as pessoas v\u00e3o medir seus resultados nas visualiza\u00e7\u00f5es e nos ouvintes mensais, ent\u00e3o, por gentileza se organize financeiramente para investir nisso e n\u00e3o fique apenas nos grupos de WhatsApp enviando links do seu projeto pois n\u00e3o \u00e9 l\u00e1 que sua audi\u00eancia vai crescer! E assim, n\u00e3o ignore a sua p\u00e1gina no Facebook e espie as audi\u00eancias em blogs e influenciadores que combinem com o seu p\u00fablico.\u00a0<\/span><\/p>\n<p><span style=\"font-weight: 400;\">Para o Insta, a minha dica \u00e9 ir nas pessoas que te seguem e gerar uma conversa com cada uma delas. Por exemplo:<\/span><i><span style=\"font-weight: 400;\"> &#8220;Oi, Fulano! Vi que voc\u00ea me acompanha a um tempo e gostaria que voc\u00ea visse o novo trabalho que acabei de lan\u00e7ar&#8221;<\/span><\/i><span style=\"font-weight: 400;\">.\u00a0 Pronto!<\/span><\/p>\n<p><span style=\"font-weight: 400;\">Isso vai criar CONEX\u00c3O com o seu p\u00fablico e um engajamento org\u00e2nico sempre que voc\u00ea lan\u00e7ar algo. Se colocar isso em pr\u00e1tica desde o primeiro m\u00eas, quando chegar no lan\u00e7amento in\u00e9dito, voc\u00ea ter\u00e1 uma base mais forte de seguidores que te acompanham. Deu pra sacar?<\/span><\/p>\n<p><span style=\"font-weight: 400;\">Ent\u00e3o, n\u00e3o se esque\u00e7a de criar conversas genu\u00ednas com as pessoas que te seguem. Ser simp\u00e1tico, chamar os seguidores pelo nome e criar empatia s\u00e3o pontos importantes na hora de divulgar sua m\u00fasica. Nada de ficar copiando e colando aqueles links padronizados, viu?\u00a0<\/span><\/p>\n<p><span style=\"font-weight: 400;\">Lembre-se sempre: conex\u00e3o gera engajamento e engajamento aumenta as chances do seu trabalho ser reconhecido.<\/span><\/p>\n<h2><span style=\"font-weight: 400;\">Por que lan\u00e7ar 35 m\u00fasicas ao ano?<\/span><\/h2>\n<p><span style=\"font-weight: 400;\">Lan\u00e7ar m\u00fasicas durante o ano todo vai mostrar comprometimento com o trabalho. Quem faz grandes pausas, acaba deixando de lado a oportunidade de conquistar mais pessoas.\u00a0<\/span><\/p>\n<p><span style=\"font-weight: 400;\">O desafio de lan\u00e7ar 35 m\u00fasicas ao ano \u00e9 bacana pois permite que os inscritos criem uma playlist apenas com m\u00fasicas suas e\/ou com suas interpreta\u00e7\u00f5es. \u00d3, s\u00f3 de mar\u00e7o a julho: s\u00e3o 12 m\u00fasicas para os seus ouvintes, incluindo um lan\u00e7amento in\u00e9dito. \u00c9 isso que chamo de comprometimento!\u00a0<\/span><\/p>\n<p><span style=\"font-weight: 400;\">Os covers ou qualquer outro estilo que a galera goste v\u00e3o servir para esquentar o p\u00fablico para a sua m\u00fasica autoral e\/ou libera\u00e7\u00e3o. Ser\u00e3o diferentes oportunidades para conversar com os seus seguidores!<\/span><\/p>\n<p><span style=\"font-weight: 400;\">Ent\u00e3o, pare de inseguran\u00e7a e perfeccionismo, achando que \u00e9 necess\u00e1rio grandes investimentos para lan\u00e7ar m\u00fasica. Com esse cronograma voc\u00ea vai trabalhar muito, mas ter\u00e1 o reconhecimento que merece.\u00a0<\/span><\/p>\n<p><span style=\"font-weight: 400;\">No Instagram, eu fiz uma live completa sobre <\/span><b>lan\u00e7ar m\u00fasica<\/b><span style=\"font-weight: 400;\">\u00a0+ dicas importantes para cuidar do seu cronograma de lan\u00e7amentos. Procure por <a href=\"https:\/\/www.instagram.com\/dhiegobicudo\/\"><strong>@dhiegobicudo<\/strong><\/a> ou <\/span><strong><a href=\"https:\/\/www.instagram.com\/tv\/CH9CvBHjRvK\/\">clique aqui<\/a><\/strong><span style=\"font-weight: 400;\"> para assistir. L\u00e1 tem um acervo bem legal de conte\u00fados para sua carreira.\u00a0<\/span><\/p>\n<p><span style=\"font-weight: 400;\">At\u00e9 a pr\u00f3xima \ud83d\ude09<\/span><\/p>\n","protected":false},"excerpt":{"rendered":"<p>Al\u00f4, cantor! Vamos falar sobre lan\u00e7ar m\u00fasica? O assunto de hoje \u00e9 o cronograma de lan\u00e7amentos. Essa estrat\u00e9gia \u00e9 valiosa para aumentar a audi\u00eancia em suas m\u00fasicas e construir um cat\u00e1logo s\u00f3lido com o tempo e, ainda, eliminar rejei\u00e7\u00f5es a respeito do seu projeto.\u00a0 Mas, antes de come\u00e7ar a explicar, quero refor\u00e7ar que esse cronograma [&hellip;]<\/p>\n","protected":false},"author":10,"featured_media":1070,"comment_status":"closed","ping_status":"closed","sticky":false,"template":"","format":"image","meta":{"ocean_post_layout":"","ocean_both_sidebars_style":"","ocean_both_sidebars_content_width":0,"ocean_both_sidebars_sidebars_width":0,"ocean_sidebar":"","ocean_second_sidebar":"","ocean_disable_margins":"enable","ocean_add_body_class":"","ocean_shortcode_before_top_bar":"","ocean_shortcode_after_top_bar":"","ocean_shortcode_before_header":"","ocean_shortcode_after_header":"","ocean_has_shortcode":"","ocean_shortcode_after_title":"","ocean_shortcode_before_footer_widgets":"","ocean_shortcode_after_footer_widgets":"","ocean_shortcode_before_footer_bottom":"","ocean_shortcode_after_footer_bottom":"","ocean_display_top_bar":"default","ocean_display_header":"default","ocean_header_style":"","ocean_center_header_left_menu":"","ocean_custom_header_template":"","ocean_custom_logo":0,"ocean_custom_retina_logo":0,"ocean_custom_logo_max_width":0,"ocean_custom_logo_tablet_max_width":0,"ocean_custom_logo_mobile_max_width":0,"ocean_custom_logo_max_height":0,"ocean_custom_logo_tablet_max_height":0,"ocean_custom_logo_mobile_max_height":0,"ocean_header_custom_menu":"","ocean_menu_typo_font_family":"","ocean_menu_typo_font_subset":"","ocean_menu_typo_font_size":0,"ocean_menu_typo_font_size_tablet":0,"ocean_menu_typo_font_size_mobile":0,"ocean_menu_typo_font_size_unit":"px","ocean_menu_typo_font_weight":"","ocean_menu_typo_font_weight_tablet":"","ocean_menu_typo_font_weight_mobile":"","ocean_menu_typo_transform":"","ocean_menu_typo_transform_tablet":"","ocean_menu_typo_transform_mobile":"","ocean_menu_typo_line_height":0,"ocean_menu_typo_line_height_tablet":0,"ocean_menu_typo_line_height_mobile":0,"ocean_menu_typo_line_height_unit":"","ocean_menu_typo_spacing":0,"ocean_menu_typo_spacing_tablet":0,"ocean_menu_typo_spacing_mobile":0,"ocean_menu_typo_spacing_unit":"","ocean_menu_link_color":"","ocean_menu_link_color_hover":"","ocean_menu_link_color_active":"","ocean_menu_link_background":"","ocean_menu_link_hover_background":"","ocean_menu_link_active_background":"","ocean_menu_social_links_bg":"","ocean_menu_social_hover_links_bg":"","ocean_menu_social_links_color":"","ocean_menu_social_hover_links_color":"","ocean_disable_title":"default","ocean_disable_heading":"default","ocean_post_title":"","ocean_post_subheading":"","ocean_post_title_style":"","ocean_post_title_background_color":"","ocean_post_title_background":0,"ocean_post_title_bg_image_position":"","ocean_post_title_bg_image_attachment":"","ocean_post_title_bg_image_repeat":"","ocean_post_title_bg_image_size":"","ocean_post_title_height":0,"ocean_post_title_bg_overlay":0.5,"ocean_post_title_bg_overlay_color":"","ocean_disable_breadcrumbs":"default","ocean_breadcrumbs_color":"","ocean_breadcrumbs_separator_color":"","ocean_breadcrumbs_links_color":"","ocean_breadcrumbs_links_hover_color":"","ocean_display_footer_widgets":"default","ocean_display_footer_bottom":"default","ocean_custom_footer_template":"","ocean_post_oembed":"","ocean_post_self_hosted_media":"","ocean_post_video_embed":"","ocean_link_format":"","ocean_link_format_target":"self","ocean_quote_format":"","ocean_quote_format_link":"post","ocean_gallery_link_images":"on","ocean_gallery_id":[],"footnotes":""},"categories":[105],"tags":[85],"class_list":["post-1068","post","type-post","status-publish","format-image","has-post-thumbnail","hentry","category-lancamento-musical","tag-lancar-musica","post_format-post-format-image","entry","has-media"],"yoast_head":"<!-- This site is optimized with the Yoast SEO plugin v27.4 - https:\/\/yoast.com\/product\/yoast-seo-wordpress\/ -->\n<title>Como planejar e lan\u00e7ar m\u00fasica o ano inteiro?<\/title>\n<meta name=\"description\" content=\"Lan\u00e7ar m\u00fasica o ano todo ficou mais f\u00e1cil com esse cronograma de lan\u00e7amentos. Acesse e conhe\u00e7a essas dicas da Ag\u00eancia ICOMP.\" \/>\n<meta name=\"robots\" content=\"index, follow, max-snippet:-1, max-image-preview:large, max-video-preview:-1\" \/>\n<link rel=\"canonical\" href=\"https:\/\/icomp.com.br\/camarim\/como-lancar-musica-o-ano-inteiro-desafio-35-musicas-em-1-ano\/\" \/>\n<meta property=\"og:locale\" content=\"pt_BR\" \/>\n<meta property=\"og:type\" content=\"article\" \/>\n<meta property=\"og:title\" content=\"Como planejar e lan\u00e7ar m\u00fasica o ano inteiro?\" \/>\n<meta property=\"og:description\" content=\"Lan\u00e7ar m\u00fasica o ano todo ficou mais f\u00e1cil com esse cronograma de lan\u00e7amentos. Acesse e conhe\u00e7a essas dicas da Ag\u00eancia ICOMP.\" \/>\n<meta property=\"og:url\" content=\"https:\/\/icomp.com.br\/camarim\/como-lancar-musica-o-ano-inteiro-desafio-35-musicas-em-1-ano\/\" \/>\n<meta property=\"og:site_name\" content=\"Marketing Musical com Dhiego Bicudo\" \/>\n<meta property=\"article:publisher\" content=\"https:\/\/www.facebook.com\/agenciaicomp\" \/>\n<meta property=\"article:published_time\" content=\"2025-01-31T14:26:00+00:00\" \/>\n<meta property=\"article:modified_time\" content=\"2025-06-20T20:56:36+00:00\" \/>\n<meta property=\"og:image\" content=\"https:\/\/icomp.com.br\/camarim\/wp-content\/uploads\/2021\/03\/icomp-camarim-cronogramamusicas.jpg\" \/>\n\t<meta property=\"og:image:width\" content=\"1920\" \/>\n\t<meta property=\"og:image:height\" content=\"1281\" \/>\n\t<meta property=\"og:image:type\" content=\"image\/jpeg\" \/>\n<meta name=\"author\" content=\"Dhiego Bicudo\" \/>\n<meta name=\"twitter:card\" content=\"summary_large_image\" \/>\n<meta name=\"twitter:label1\" content=\"Escrito por\" \/>\n\t<meta name=\"twitter:data1\" content=\"Dhiego Bicudo\" \/>\n\t<meta name=\"twitter:label2\" content=\"Est. tempo de leitura\" \/>\n\t<meta name=\"twitter:data2\" content=\"8 minutos\" \/>\n<script type=\"application\/ld+json\" class=\"yoast-schema-graph\">{\"@context\":\"https:\\\/\\\/schema.org\",\"@graph\":[{\"@type\":\"Article\",\"@id\":\"https:\\\/\\\/icomp.com.br\\\/camarim\\\/como-lancar-musica-o-ano-inteiro-desafio-35-musicas-em-1-ano\\\/#article\",\"isPartOf\":{\"@id\":\"https:\\\/\\\/icomp.com.br\\\/camarim\\\/como-lancar-musica-o-ano-inteiro-desafio-35-musicas-em-1-ano\\\/\"},\"author\":{\"name\":\"Dhiego Bicudo\",\"@id\":\"https:\\\/\\\/icomp.com.br\\\/camarim\\\/#\\\/schema\\\/person\\\/d10a1b1471cde95c3738b4de07287002\"},\"headline\":\"Como lan\u00e7ar m\u00fasica o ano inteiro: desafio 35 m\u00fasicas em 1 ano\",\"datePublished\":\"2025-01-31T14:26:00+00:00\",\"dateModified\":\"2025-06-20T20:56:36+00:00\",\"mainEntityOfPage\":{\"@id\":\"https:\\\/\\\/icomp.com.br\\\/camarim\\\/como-lancar-musica-o-ano-inteiro-desafio-35-musicas-em-1-ano\\\/\"},\"wordCount\":1422,\"publisher\":{\"@id\":\"https:\\\/\\\/icomp.com.br\\\/camarim\\\/#organization\"},\"image\":{\"@id\":\"https:\\\/\\\/icomp.com.br\\\/camarim\\\/como-lancar-musica-o-ano-inteiro-desafio-35-musicas-em-1-ano\\\/#primaryimage\"},\"thumbnailUrl\":\"https:\\\/\\\/icomp.com.br\\\/camarim\\\/wp-content\\\/uploads\\\/2021\\\/03\\\/icomp-camarim-cronogramamusicas.jpg\",\"keywords\":[\"lan\u00e7ar m\u00fasica\"],\"articleSection\":[\"Lan\u00e7amento Musical\"],\"inLanguage\":\"pt-BR\"},{\"@type\":\"WebPage\",\"@id\":\"https:\\\/\\\/icomp.com.br\\\/camarim\\\/como-lancar-musica-o-ano-inteiro-desafio-35-musicas-em-1-ano\\\/\",\"url\":\"https:\\\/\\\/icomp.com.br\\\/camarim\\\/como-lancar-musica-o-ano-inteiro-desafio-35-musicas-em-1-ano\\\/\",\"name\":\"Como planejar e lan\u00e7ar m\u00fasica o ano inteiro?\",\"isPartOf\":{\"@id\":\"https:\\\/\\\/icomp.com.br\\\/camarim\\\/#website\"},\"primaryImageOfPage\":{\"@id\":\"https:\\\/\\\/icomp.com.br\\\/camarim\\\/como-lancar-musica-o-ano-inteiro-desafio-35-musicas-em-1-ano\\\/#primaryimage\"},\"image\":{\"@id\":\"https:\\\/\\\/icomp.com.br\\\/camarim\\\/como-lancar-musica-o-ano-inteiro-desafio-35-musicas-em-1-ano\\\/#primaryimage\"},\"thumbnailUrl\":\"https:\\\/\\\/icomp.com.br\\\/camarim\\\/wp-content\\\/uploads\\\/2021\\\/03\\\/icomp-camarim-cronogramamusicas.jpg\",\"datePublished\":\"2025-01-31T14:26:00+00:00\",\"dateModified\":\"2025-06-20T20:56:36+00:00\",\"description\":\"Lan\u00e7ar m\u00fasica o ano todo ficou mais f\u00e1cil com esse cronograma de lan\u00e7amentos. Acesse e conhe\u00e7a essas dicas da Ag\u00eancia ICOMP.\",\"breadcrumb\":{\"@id\":\"https:\\\/\\\/icomp.com.br\\\/camarim\\\/como-lancar-musica-o-ano-inteiro-desafio-35-musicas-em-1-ano\\\/#breadcrumb\"},\"inLanguage\":\"pt-BR\",\"potentialAction\":[{\"@type\":\"ReadAction\",\"target\":[\"https:\\\/\\\/icomp.com.br\\\/camarim\\\/como-lancar-musica-o-ano-inteiro-desafio-35-musicas-em-1-ano\\\/\"]}]},{\"@type\":\"ImageObject\",\"inLanguage\":\"pt-BR\",\"@id\":\"https:\\\/\\\/icomp.com.br\\\/camarim\\\/como-lancar-musica-o-ano-inteiro-desafio-35-musicas-em-1-ano\\\/#primaryimage\",\"url\":\"https:\\\/\\\/icomp.com.br\\\/camarim\\\/wp-content\\\/uploads\\\/2021\\\/03\\\/icomp-camarim-cronogramamusicas.jpg\",\"contentUrl\":\"https:\\\/\\\/icomp.com.br\\\/camarim\\\/wp-content\\\/uploads\\\/2021\\\/03\\\/icomp-camarim-cronogramamusicas.jpg\",\"width\":1920,\"height\":1281,\"caption\":\"lan\u00e7ar m\u00fasica\"},{\"@type\":\"BreadcrumbList\",\"@id\":\"https:\\\/\\\/icomp.com.br\\\/camarim\\\/como-lancar-musica-o-ano-inteiro-desafio-35-musicas-em-1-ano\\\/#breadcrumb\",\"itemListElement\":[{\"@type\":\"ListItem\",\"position\":1,\"name\":\"Home\",\"item\":\"https:\\\/\\\/icomp.com.br\\\/camarim\\\/\"},{\"@type\":\"ListItem\",\"position\":2,\"name\":\"Como lan\u00e7ar m\u00fasica o ano inteiro: desafio 35 m\u00fasicas em 1 ano\"}]},{\"@type\":\"WebSite\",\"@id\":\"https:\\\/\\\/icomp.com.br\\\/camarim\\\/#website\",\"url\":\"https:\\\/\\\/icomp.com.br\\\/camarim\\\/\",\"name\":\"Marketing Musical com Dhiego Bicudo\",\"description\":\"Conhe\u00e7a as estrat\u00e9gias no marketing musical que uso na Ag\u00eancia ICOMP para transformar cantores, duplas e bandas em artistas reconhecidos\",\"publisher\":{\"@id\":\"https:\\\/\\\/icomp.com.br\\\/camarim\\\/#organization\"},\"potentialAction\":[{\"@type\":\"SearchAction\",\"target\":{\"@type\":\"EntryPoint\",\"urlTemplate\":\"https:\\\/\\\/icomp.com.br\\\/camarim\\\/?s={search_term_string}\"},\"query-input\":{\"@type\":\"PropertyValueSpecification\",\"valueRequired\":true,\"valueName\":\"search_term_string\"}}],\"inLanguage\":\"pt-BR\"},{\"@type\":\"Organization\",\"@id\":\"https:\\\/\\\/icomp.com.br\\\/camarim\\\/#organization\",\"name\":\"Marketing Musical com Dhiego Bicudo\",\"url\":\"https:\\\/\\\/icomp.com.br\\\/camarim\\\/\",\"logo\":{\"@type\":\"ImageObject\",\"inLanguage\":\"pt-BR\",\"@id\":\"https:\\\/\\\/icomp.com.br\\\/camarim\\\/#\\\/schema\\\/logo\\\/image\\\/\",\"url\":\"https:\\\/\\\/icomp.com.br\\\/camarim\\\/wp-content\\\/uploads\\\/2017\\\/10\\\/cropped-icone.png\",\"contentUrl\":\"https:\\\/\\\/icomp.com.br\\\/camarim\\\/wp-content\\\/uploads\\\/2017\\\/10\\\/cropped-icone.png\",\"width\":512,\"height\":512,\"caption\":\"Marketing Musical com Dhiego Bicudo\"},\"image\":{\"@id\":\"https:\\\/\\\/icomp.com.br\\\/camarim\\\/#\\\/schema\\\/logo\\\/image\\\/\"},\"sameAs\":[\"https:\\\/\\\/www.facebook.com\\\/agenciaicomp\",\"https:\\\/\\\/www.instagram.com\\\/dhiegobicudo\",\"https:\\\/\\\/www.linkedin.com\\\/in\\\/dhiegobicudo\",\"https:\\\/\\\/www.youtube.com\\\/@TrilhadoCantor\"]},{\"@type\":\"Person\",\"@id\":\"https:\\\/\\\/icomp.com.br\\\/camarim\\\/#\\\/schema\\\/person\\\/d10a1b1471cde95c3738b4de07287002\",\"name\":\"Dhiego Bicudo\",\"image\":{\"@type\":\"ImageObject\",\"inLanguage\":\"pt-BR\",\"@id\":\"https:\\\/\\\/secure.gravatar.com\\\/avatar\\\/199e5081b46939e9add8e7fc06e802eb2f43ff99423ca0ef09d71f21882a5c49?s=96&d=mm&r=g\",\"url\":\"https:\\\/\\\/secure.gravatar.com\\\/avatar\\\/199e5081b46939e9add8e7fc06e802eb2f43ff99423ca0ef09d71f21882a5c49?s=96&d=mm&r=g\",\"contentUrl\":\"https:\\\/\\\/secure.gravatar.com\\\/avatar\\\/199e5081b46939e9add8e7fc06e802eb2f43ff99423ca0ef09d71f21882a5c49?s=96&d=mm&r=g\",\"caption\":\"Dhiego Bicudo\"},\"description\":\"possui muita experi\u00eancia em estrat\u00e9gias de marketing musical para cantores, duplas e bandas na Ag\u00eancia ICOMP\",\"url\":\"https:\\\/\\\/icomp.com.br\\\/camarim\\\/author\\\/d2ecf63ba8a1943f\\\/\"}]}<\/script>\n<!-- \/ Yoast SEO plugin. -->","yoast_head_json":{"title":"Como planejar e lan\u00e7ar m\u00fasica o ano inteiro?","description":"Lan\u00e7ar m\u00fasica o ano todo ficou mais f\u00e1cil com esse cronograma de lan\u00e7amentos. Acesse e conhe\u00e7a essas dicas da Ag\u00eancia ICOMP.","robots":{"index":"index","follow":"follow","max-snippet":"max-snippet:-1","max-image-preview":"max-image-preview:large","max-video-preview":"max-video-preview:-1"},"canonical":"https:\/\/icomp.com.br\/camarim\/como-lancar-musica-o-ano-inteiro-desafio-35-musicas-em-1-ano\/","og_locale":"pt_BR","og_type":"article","og_title":"Como planejar e lan\u00e7ar m\u00fasica o ano inteiro?","og_description":"Lan\u00e7ar m\u00fasica o ano todo ficou mais f\u00e1cil com esse cronograma de lan\u00e7amentos. Acesse e conhe\u00e7a essas dicas da Ag\u00eancia ICOMP.","og_url":"https:\/\/icomp.com.br\/camarim\/como-lancar-musica-o-ano-inteiro-desafio-35-musicas-em-1-ano\/","og_site_name":"Marketing Musical com Dhiego Bicudo","article_publisher":"https:\/\/www.facebook.com\/agenciaicomp","article_published_time":"2025-01-31T14:26:00+00:00","article_modified_time":"2025-06-20T20:56:36+00:00","og_image":[{"width":1920,"height":1281,"url":"https:\/\/icomp.com.br\/camarim\/wp-content\/uploads\/2021\/03\/icomp-camarim-cronogramamusicas.jpg","type":"image\/jpeg"}],"author":"Dhiego Bicudo","twitter_card":"summary_large_image","twitter_misc":{"Escrito por":"Dhiego Bicudo","Est. tempo de leitura":"8 minutos"},"schema":{"@context":"https:\/\/schema.org","@graph":[{"@type":"Article","@id":"https:\/\/icomp.com.br\/camarim\/como-lancar-musica-o-ano-inteiro-desafio-35-musicas-em-1-ano\/#article","isPartOf":{"@id":"https:\/\/icomp.com.br\/camarim\/como-lancar-musica-o-ano-inteiro-desafio-35-musicas-em-1-ano\/"},"author":{"name":"Dhiego Bicudo","@id":"https:\/\/icomp.com.br\/camarim\/#\/schema\/person\/d10a1b1471cde95c3738b4de07287002"},"headline":"Como lan\u00e7ar m\u00fasica o ano inteiro: desafio 35 m\u00fasicas em 1 ano","datePublished":"2025-01-31T14:26:00+00:00","dateModified":"2025-06-20T20:56:36+00:00","mainEntityOfPage":{"@id":"https:\/\/icomp.com.br\/camarim\/como-lancar-musica-o-ano-inteiro-desafio-35-musicas-em-1-ano\/"},"wordCount":1422,"publisher":{"@id":"https:\/\/icomp.com.br\/camarim\/#organization"},"image":{"@id":"https:\/\/icomp.com.br\/camarim\/como-lancar-musica-o-ano-inteiro-desafio-35-musicas-em-1-ano\/#primaryimage"},"thumbnailUrl":"https:\/\/icomp.com.br\/camarim\/wp-content\/uploads\/2021\/03\/icomp-camarim-cronogramamusicas.jpg","keywords":["lan\u00e7ar m\u00fasica"],"articleSection":["Lan\u00e7amento Musical"],"inLanguage":"pt-BR"},{"@type":"WebPage","@id":"https:\/\/icomp.com.br\/camarim\/como-lancar-musica-o-ano-inteiro-desafio-35-musicas-em-1-ano\/","url":"https:\/\/icomp.com.br\/camarim\/como-lancar-musica-o-ano-inteiro-desafio-35-musicas-em-1-ano\/","name":"Como planejar e lan\u00e7ar m\u00fasica o ano inteiro?","isPartOf":{"@id":"https:\/\/icomp.com.br\/camarim\/#website"},"primaryImageOfPage":{"@id":"https:\/\/icomp.com.br\/camarim\/como-lancar-musica-o-ano-inteiro-desafio-35-musicas-em-1-ano\/#primaryimage"},"image":{"@id":"https:\/\/icomp.com.br\/camarim\/como-lancar-musica-o-ano-inteiro-desafio-35-musicas-em-1-ano\/#primaryimage"},"thumbnailUrl":"https:\/\/icomp.com.br\/camarim\/wp-content\/uploads\/2021\/03\/icomp-camarim-cronogramamusicas.jpg","datePublished":"2025-01-31T14:26:00+00:00","dateModified":"2025-06-20T20:56:36+00:00","description":"Lan\u00e7ar m\u00fasica o ano todo ficou mais f\u00e1cil com esse cronograma de lan\u00e7amentos. Acesse e conhe\u00e7a essas dicas da Ag\u00eancia ICOMP.","breadcrumb":{"@id":"https:\/\/icomp.com.br\/camarim\/como-lancar-musica-o-ano-inteiro-desafio-35-musicas-em-1-ano\/#breadcrumb"},"inLanguage":"pt-BR","potentialAction":[{"@type":"ReadAction","target":["https:\/\/icomp.com.br\/camarim\/como-lancar-musica-o-ano-inteiro-desafio-35-musicas-em-1-ano\/"]}]},{"@type":"ImageObject","inLanguage":"pt-BR","@id":"https:\/\/icomp.com.br\/camarim\/como-lancar-musica-o-ano-inteiro-desafio-35-musicas-em-1-ano\/#primaryimage","url":"https:\/\/icomp.com.br\/camarim\/wp-content\/uploads\/2021\/03\/icomp-camarim-cronogramamusicas.jpg","contentUrl":"https:\/\/icomp.com.br\/camarim\/wp-content\/uploads\/2021\/03\/icomp-camarim-cronogramamusicas.jpg","width":1920,"height":1281,"caption":"lan\u00e7ar m\u00fasica"},{"@type":"BreadcrumbList","@id":"https:\/\/icomp.com.br\/camarim\/como-lancar-musica-o-ano-inteiro-desafio-35-musicas-em-1-ano\/#breadcrumb","itemListElement":[{"@type":"ListItem","position":1,"name":"Home","item":"https:\/\/icomp.com.br\/camarim\/"},{"@type":"ListItem","position":2,"name":"Como lan\u00e7ar m\u00fasica o ano inteiro: desafio 35 m\u00fasicas em 1 ano"}]},{"@type":"WebSite","@id":"https:\/\/icomp.com.br\/camarim\/#website","url":"https:\/\/icomp.com.br\/camarim\/","name":"Marketing Musical com Dhiego Bicudo","description":"Conhe\u00e7a as estrat\u00e9gias no marketing musical que uso na Ag\u00eancia ICOMP para transformar cantores, duplas e bandas em artistas reconhecidos","publisher":{"@id":"https:\/\/icomp.com.br\/camarim\/#organization"},"potentialAction":[{"@type":"SearchAction","target":{"@type":"EntryPoint","urlTemplate":"https:\/\/icomp.com.br\/camarim\/?s={search_term_string}"},"query-input":{"@type":"PropertyValueSpecification","valueRequired":true,"valueName":"search_term_string"}}],"inLanguage":"pt-BR"},{"@type":"Organization","@id":"https:\/\/icomp.com.br\/camarim\/#organization","name":"Marketing Musical com Dhiego Bicudo","url":"https:\/\/icomp.com.br\/camarim\/","logo":{"@type":"ImageObject","inLanguage":"pt-BR","@id":"https:\/\/icomp.com.br\/camarim\/#\/schema\/logo\/image\/","url":"https:\/\/icomp.com.br\/camarim\/wp-content\/uploads\/2017\/10\/cropped-icone.png","contentUrl":"https:\/\/icomp.com.br\/camarim\/wp-content\/uploads\/2017\/10\/cropped-icone.png","width":512,"height":512,"caption":"Marketing Musical com Dhiego Bicudo"},"image":{"@id":"https:\/\/icomp.com.br\/camarim\/#\/schema\/logo\/image\/"},"sameAs":["https:\/\/www.facebook.com\/agenciaicomp","https:\/\/www.instagram.com\/dhiegobicudo","https:\/\/www.linkedin.com\/in\/dhiegobicudo","https:\/\/www.youtube.com\/@TrilhadoCantor"]},{"@type":"Person","@id":"https:\/\/icomp.com.br\/camarim\/#\/schema\/person\/d10a1b1471cde95c3738b4de07287002","name":"Dhiego Bicudo","image":{"@type":"ImageObject","inLanguage":"pt-BR","@id":"https:\/\/secure.gravatar.com\/avatar\/199e5081b46939e9add8e7fc06e802eb2f43ff99423ca0ef09d71f21882a5c49?s=96&d=mm&r=g","url":"https:\/\/secure.gravatar.com\/avatar\/199e5081b46939e9add8e7fc06e802eb2f43ff99423ca0ef09d71f21882a5c49?s=96&d=mm&r=g","contentUrl":"https:\/\/secure.gravatar.com\/avatar\/199e5081b46939e9add8e7fc06e802eb2f43ff99423ca0ef09d71f21882a5c49?s=96&d=mm&r=g","caption":"Dhiego Bicudo"},"description":"possui muita experi\u00eancia em estrat\u00e9gias de marketing musical para cantores, duplas e bandas na Ag\u00eancia ICOMP","url":"https:\/\/icomp.com.br\/camarim\/author\/d2ecf63ba8a1943f\/"}]}},"_links":{"self":[{"href":"https:\/\/icomp.com.br\/camarim\/wp-json\/wp\/v2\/posts\/1068","targetHints":{"allow":["GET"]}}],"collection":[{"href":"https:\/\/icomp.com.br\/camarim\/wp-json\/wp\/v2\/posts"}],"about":[{"href":"https:\/\/icomp.com.br\/camarim\/wp-json\/wp\/v2\/types\/post"}],"author":[{"embeddable":true,"href":"https:\/\/icomp.com.br\/camarim\/wp-json\/wp\/v2\/users\/10"}],"replies":[{"embeddable":true,"href":"https:\/\/icomp.com.br\/camarim\/wp-json\/wp\/v2\/comments?post=1068"}],"version-history":[{"count":0,"href":"https:\/\/icomp.com.br\/camarim\/wp-json\/wp\/v2\/posts\/1068\/revisions"}],"wp:featuredmedia":[{"embeddable":true,"href":"https:\/\/icomp.com.br\/camarim\/wp-json\/wp\/v2\/media\/1070"}],"wp:attachment":[{"href":"https:\/\/icomp.com.br\/camarim\/wp-json\/wp\/v2\/media?parent=1068"}],"wp:term":[{"taxonomy":"category","embeddable":true,"href":"https:\/\/icomp.com.br\/camarim\/wp-json\/wp\/v2\/categories?post=1068"},{"taxonomy":"post_tag","embeddable":true,"href":"https:\/\/icomp.com.br\/camarim\/wp-json\/wp\/v2\/tags?post=1068"}],"curies":[{"name":"wp","href":"https:\/\/api.w.org\/{rel}","templated":true}]}}