{"id":1201,"date":"2024-09-01T18:44:13","date_gmt":"2024-09-01T21:44:13","guid":{"rendered":"https:\/\/www.icomp.com.br\/camarim\/?p=1201"},"modified":"2025-01-24T16:44:41","modified_gmt":"2025-01-24T19:44:41","slug":"o-que-postar-no-instagram","status":"publish","type":"post","link":"https:\/\/icomp.com.br\/camarim\/o-que-postar-no-instagram\/","title":{"rendered":"O que postar no Instagram de um cantor, dupla ou banda?"},"content":{"rendered":"<p><span style=\"font-weight: 400;\">Tenho recebido v\u00e1rios e-mails pedindo o que postar no Instagram de cantores, duplas e bandas, por isso resolvi compilar as dicas de divulga\u00e7\u00e3o mais importantes e pr\u00e1ticas neste conte\u00fado. <\/span><\/p>\n<p><span style=\"font-weight: 400;\">Independente do momento da carreira do artista, uma coisa \u00e9 fato: ele precisa cuidar muito bem das m\u00eddias sociais. O Instagram \u00e9 ponto de partida de muitos cantores, afinal todo mundo j\u00e1 tem intimidade com ele, \u00a0mas como se diferenciar em meio a tantos perfis? \ud83e\udd14<\/span><\/p>\n<p><span style=\"font-weight: 400;\">Bem, eu j\u00e1 expliquei <a href=\"http:\/\/www.icomp.com.br\/camarim\/divulgarbanda\/\" target=\"_blank\" rel=\"noopener\">nesse conte\u00fado<\/a> que um cantor, dupla ou banda precisa ter um site, justamente para n\u00e3o ficar divulgando apenas suas m\u00eddias sociais e suas plataformas digitais, pois esta pode perder audi\u00eancia em qualquer momento e voc\u00ea divide aten\u00e7\u00e3o com muitos outros querendo o seu lugar, n\u00e3o \u00e9?<\/span><\/p>\n<p><span style=\"font-weight: 400;\">Por\u00e9m, n\u00e3o podemos ignorar o alcance do Instagram, se bem cuidado ele ajuda muito o artista a ganhar mais visibilidade. Muitas vezes \u00e9 a \u00fanica ferramenta que o artista tem e \u00e9 capaz de atualizar, ent\u00e3o vamos come\u00e7ar por ele.\u00a0 E depois dele, ir ao app vizinho, n\u00e9!<\/span><\/p>\n<h2><b>Ficar contando os Seguidores ou criar Engajamento? <\/b><\/h2>\n<p><span style=\"font-weight: 400;\">Normalmente, aqui na ag\u00eancia os projetos com gest\u00e3o de m\u00eddias sociais tem objetivos diferentes, mas eles costumam alternar entre aumentar a base de f\u00e3s ou melhorar o engajamento. O que isso significa? Bem, se um perfil\u00a0 de cantor tem poucos seguidores n\u00f3s vamos investir em estrat\u00e9gias para tornar o cantor mais conhecido e atrair mais pessoas para conhecer seu projeto.\u00a0 \u00c9 o primeiro indicador que vai conhecer: <strong>alcance<\/strong>.<\/span><\/p>\n<p><span style=\"font-weight: 400;\">Mas existem muitos casos em que o cantor j\u00e1 possui muitos seguidores (pelo amor de Deus, n\u00e3o vai &#8216;<em>comprar<\/em> <em>seguidores reais&#8217;<\/em>, n\u00e9) no perfil, por\u00e9m, com poucas intera\u00e7\u00f5es em suas publica\u00e7\u00f5es. Ali\u00e1s uma das coisas que eu analiso primeiro em um perfil \u00e9 como as pessoas est\u00e3o comentando as publica\u00e7\u00f5es. <\/span><\/p>\n<p><span style=\"font-weight: 400;\">Se os seus conte\u00fados s\u00e3o curtidos por poucas pessoas e essas pessoas ainda s\u00e3o os seus amigos, voc\u00ea n\u00e3o acha que est\u00e1 perdendo tempo fazendo publica\u00e7\u00f5es que ningu\u00e9m est\u00e1 vendo?<\/span><\/p>\n<p><span style=\"font-weight: 400;\">H\u00e1 projetos em que trabalhamos em cima dos dois objetivos, com estrat\u00e9gias paralelas para aumentar os f\u00e3s quanto para incentiv\u00e1-los a participar de uma conversa.\u00a0<\/span><\/p>\n<h2><b>Responder os Seguidores<\/b><\/h2>\n<p>A primeira coisa que voc\u00ea precisa entender sobre o Instagram \u00e9 que ele \u00e9 uma ferramenta de relacionamento. N\u00e3o \u00e9 s\u00f3 postar e sumir. \u00c9 preciso conversar com as pessoas, comentando, conversando no direct e principalmente respondendo elas.<\/p>\n<p><span style=\"font-weight: 400;\">Depois de conseguir a participa\u00e7\u00e3o dos seguidores no perfil, voc\u00ea n\u00e3o pode deixar que eles fiquem no v\u00e1cuo. \u00c9 preciso reagir e responder a todas as intera\u00e7\u00f5es recebidas, nem que seja uma rea\u00e7\u00e3o no coment\u00e1rio\/elogio do seu f\u00e3. Ningu\u00e9m gosta de ficar falando sozinho e se voc\u00ea n\u00e3o responde, certamente essa pessoa n\u00e3o ir\u00e1 mais interagir. \u00c9 preciso responder todos os contatos no direct e movimentar o perfil. Voc\u00ea deve passar uma percep\u00e7\u00e3o de simpatia na rede, para que os f\u00e3s se aproximem cada vez mais e haja empatia com o cantor. Essa \u00e9 uma das dicas de divulga\u00e7\u00e3o mais b\u00e1sicas e tamb\u00e9m uma das mais esquecidas por pregui\u00e7a, em muitas das vezes.\u00a0<\/span><\/p>\n<h2><b>Ter um Cronograma. Manter uma Frequ\u00eancia<\/b><\/h2>\n<p><span style=\"font-weight: 400;\">Esse \u00e9 um trabalho de consist\u00eancia! \u00a0Publicar apenas 1 conte\u00fado por semana n\u00e3o ir\u00e1 fazer seu seguidor se lembrar sempre de voc\u00ea. Nas m\u00eddias sociais a concorr\u00eancia por conte\u00fado \u00e9 muito grande, por isso voc\u00ea precisa ser muito interessante para manter as pessoas engajadas. Aqui na ICOMP \u00a0a frequ\u00eancia m\u00ednima que fazemos para nossos artistas \u00e9 de 1 post no feed a cada 2 dias, ou seja, no m\u00ednimo dia sim dia n\u00e3o. J\u00e1 nos stories o artista movimenta diariamente com os bastidores do trabalho e do cotidiano dele e n\u00f3s orientamos o que ele deve compartilhar.\u00a0<\/span><\/p>\n<p><span style=\"font-weight: 400;\">Se voc\u00ea n\u00e3o consegue dar conta de responder tudo sozinho, talvez precise <a href=\"http:\/\/conteudo.icomp.com.br\/consultoria\" target=\"_blank\" rel=\"noopener\">contratar uma ajuda especializada<\/a> para fazer isso, pois o seu tempo investido nesse trabalho pode n\u00e3o compensar, pois voc\u00ea poderia estar cuidando de assuntos que s\u00f3 voc\u00ea pode fazer, como por exemplo os ensaios com a banda. <\/span><\/p>\n<p><span style=\"font-weight: 400;\">Se decidir contratar <a href=\"http:\/\/www.icomp.com.br\/camarim\/divulgar-musica\/\">leia esse post para escolher o fornecedor certo<\/a> pra voc\u00ea!\u00a0<\/span><\/p>\n<h2><b>Cria\u00e7\u00e3o e Produ\u00e7\u00e3o dos Conte\u00fados<\/b><\/h2>\n<p><span style=\"font-weight: 400;\">Sabemos o quanto \u00e9 importante ter uma produ\u00e7\u00e3o art\u00edstica nos shows, n\u00e3o \u00e9? Estar com figurino, cen\u00e1rio e efeitos especiais incr\u00edveis para surpreender os f\u00e3s. Pois \u00e9, tamb\u00e9m n\u00e3o abrimos m\u00e3o da cria\u00e7\u00e3o e produ\u00e7\u00e3o nos posts. Ter artes bonitas e bem produzidas \u00e9 imprescind\u00edvel para comunicar uma boa imagem do cantor e encantar seus seguidores. <\/span><\/p>\n<p><span style=\"font-weight: 400;\">Aqui na ICOMP \u00e9 muito comum a gente receber v\u00e1rios contatos de f\u00e3s dos artistas pedindo a arte que fizemos para usar como fundo de tela do computador ou do celular. Sem falar no n\u00famero de seguidores que repostam o que a gente faz para os artistas. As suas artes est\u00e3o nesse n\u00edvel de desejo e encantamento?<\/span><\/p>\n<p>Mas, orientar na produ\u00e7\u00e3o dos conte\u00fados aut\u00eanticos e org\u00e2nicos oxigenam o perfil deixando mais pr\u00f3ximo das pessoas.<\/p>\n<h2><b>Planejamento de Conte\u00fados <\/b><\/h2>\n<p><span style=\"font-weight: 400;\">Antes de come\u00e7ar qualquer trabalho com m\u00eddias sociais, n\u00f3s enviamos um question\u00e1rio levantando informa\u00e7\u00f5es importantes do cantor, seus h\u00e1bitos e rotinas, marcos importantes e outros conte\u00fados que n\u00e3o podem passar batido. <\/span><\/p>\n<p><span style=\"font-weight: 400;\">Com todas as informa\u00e7\u00f5es em m\u00e3os, come\u00e7amos a montar um calend\u00e1rio de conte\u00fados para as publica\u00e7\u00f5es do artista. \u00c9 uma esp\u00e9cie de <a href=\"https:\/\/conteudo.icomp.com.br\/calendariodamusica\" target=\"_blank\" rel=\"noopener\">calend\u00e1rio da m\u00fasica<\/a>, onde j\u00e1 temos as datas importantes do segmento e organizamos o que ser\u00e1 publicado em cada dia. Mesmo o cronograma sendo anual, n\u00f3s adiantamos no m\u00e1ximo ao planejamento para que os conte\u00fados n\u00e3o fiquem engessados at\u00e9 o fim do ano. <\/span><span style=\"font-weight: 400;\">Fazemos isso, porque sempre aparecem novas ideias e oportunidades que o planejamento precisa estar flex\u00edvel para aproveitar, como novos shows e mudan\u00e7a da agenda.\u00a0<\/span><\/p>\n<p>Ali\u00e1s, n\u00f3s compartilhamos <a href=\"https:\/\/conteudo.icomp.com.br\/calendariodamusica\" target=\"_blank\" rel=\"noopener\">esse nosso calend\u00e1rio da m\u00fasica<\/a> com datas especiais do setor da m\u00fasica, voc\u00ea j\u00e1 viu? Pode ser um bom ponto de partida para o seu planejamento.<\/p>\n<h2><b>Agora! Agarre essas Dicas de Conte\u00fados: O que postar no Instagram de cantores, duplas ou bandas<\/b><\/h2>\n<p><span style=\"font-weight: 400;\">Aqui eu estou citando para voc\u00ea algumas dicas para divulga\u00e7\u00e3o de conte\u00fados que voc\u00ea pode construir, mas fique atento para escolher o \u00a0que realmente funciona para o seu estilo e regi\u00e3o. <\/span><\/p>\n<ul>\n<li style=\"font-weight: 400;\"><span style=\"font-weight: 400;\">Divulgar a m\u00fasica de trabalho com mais \u00eanfase<\/span><\/li>\n<li style=\"font-weight: 400;\"><span style=\"font-weight: 400;\">Divulgar as plataformas digitais como Spotify, Deezer, Apple Music separadamente com artes animadas<\/span><\/li>\n<li style=\"font-weight: 400;\"><span style=\"font-weight: 400;\">Fotos e v\u00eddeos de dia a dia com conte\u00fados pessoais que o artista postaria nas contas pessoais<\/span><\/li>\n<li style=\"font-weight: 400;\"><span style=\"font-weight: 400;\">Mostrar a hist\u00f3ria do artista, intera\u00e7\u00f5es como: cidade que nasceu, quando nasceu (saber se o f\u00e3 conhece ele mesmo)<\/span><\/li>\n<li style=\"font-weight: 400;\"><span style=\"font-weight: 400;\">V\u00eddeos deles cantando m\u00fasicas que est\u00e3o em alta<\/span><\/li>\n<li style=\"font-weight: 400;\"><span style=\"font-weight: 400;\">Gifs de intera\u00e7\u00e3o e <\/span><span style=\"font-weight: 400;\">memes do momento que podem se encaixar ao projeto<\/span><\/li>\n<li>Desafios e Trends do app vizinho e dos Reels que fa\u00e7am sentido com o estilo e contexto do artista<\/li>\n<li style=\"font-weight: 400;\"><span style=\"font-weight: 400;\">Chamadas com os Contatos de Shows <\/span><\/li>\n<li style=\"font-weight: 400;\"><span style=\"font-weight: 400;\">Mostrar conte\u00fado com parceiro e patrocinadores (lojas de roupas, acess\u00f3rios e etc)<\/span><\/li>\n<li style=\"font-weight: 400;\"><span style=\"font-weight: 400;\">Postar com amigos famosos<\/span><\/li>\n<li style=\"font-weight: 400;\"><span style=\"font-weight: 400;\">Postar mat\u00e9rias de outros sites<\/span><\/li>\n<li style=\"font-weight: 400;\"><span style=\"font-weight: 400;\">Divulgar que est\u00e3o nas r\u00e1dios<\/span><\/li>\n<li style=\"font-weight: 400;\"><span style=\"font-weight: 400;\">Agenda de Shows com arte e v\u00eddeo<\/span><\/li>\n<li style=\"font-weight: 400;\"><span style=\"font-weight: 400;\">P\u00e9 na Estrada com os bastidores durante as visitas nas r\u00e1dios<\/span><\/li>\n<li style=\"font-weight: 400;\"><span style=\"font-weight: 400;\">Alimenta\u00e7\u00e3o, se praticam esportes, lazer e momentos compondo<\/span><\/li>\n<li style=\"font-weight: 400;\"><span style=\"font-weight: 400;\"><a href=\"https:\/\/conteudo.icomp.com.br\/calendariodamusica\" target=\"_blank\" rel=\"noopener\">Datas comemorativas<\/a> do artista (anivers\u00e1rio, dia do cantor, lan\u00e7amento de \u00e1lbum, etc).<\/span><\/li>\n<li style=\"font-weight: 400;\"><span style=\"font-weight: 400;\">S\u00e9ries com as letras de m\u00fasicas<\/span><\/li>\n<li style=\"font-weight: 400;\"><span style=\"font-weight: 400;\">Muitos Stories com Enquetes e outras figurinhas interativas<\/span><\/li>\n<li style=\"font-weight: 400;\"><span style=\"font-weight: 400;\">Artes para inscrever-se no Youtube<\/span><\/li>\n<li style=\"font-weight: 400;\"><span style=\"font-weight: 400;\">A\u00e7\u00f5es para ouvir as m\u00fasicas nas plataformas digitais (Spotify, Deezer, etc)\u00a0<\/span><\/li>\n<li style=\"font-weight: 400;\"><span style=\"font-weight: 400;\">Divulga\u00e7\u00e3o de V\u00eddeos do seu cat\u00e1logo do Youtube<\/span><\/li>\n<li style=\"font-weight: 400;\"><span style=\"font-weight: 400;\">Artes individuais para agenda com chamada para acessar o site <\/span><\/li>\n<li style=\"font-weight: 400;\"><span style=\"font-weight: 400;\">Criar eventos para agenda e compromissos<\/span><\/li>\n<li style=\"font-weight: 400;\"><span style=\"font-weight: 400;\">V\u00eddeos com trechos do refr\u00e3o de suas m\u00fasicas<\/span><\/li>\n<li>Lives semanais<\/li>\n<li>Perguntas e respostas quinzenais<\/li>\n<li>Reels engra\u00e7ados dos artistas relacionados ao segmento<\/li>\n<li>Caixinha de perguntas com curiosidades sobre o artista ex: &#8220;O que voc\u00ea quer saber sobre n\u00f3s?&#8221;<\/li>\n<\/ul>\n<h2><b>Dicas de divulga\u00e7\u00e3o no Instagram com exemplos pr\u00e1ticos <\/b><\/h2>\n<p><span style=\"font-weight: 400;\">Aqui na ICOMP n\u00f3s gerenciamos as m\u00eddias sociais de artistas, mas hoje eu escolhi algumas bem peculiares que englobam todos os aspectos que citei acima. <\/span><\/p>\n<p><span style=\"font-weight: 400;\">Voc\u00ea pode dar uma olhada nesses perfis que gerenciamos:\u00a0<\/span><\/p>\n<ul>\n<li><a href=\"https:\/\/www.instagram.com\/grupoportalgaucho\/\" target=\"_blank\" rel=\"noopener\"><span style=\"color: #000080;\"><b>@grupoportalgaucho<\/b><\/span><\/a><\/li>\n<li><a href=\"https:\/\/www.instagram.com\/tarcisiodoceseducao\/\" target=\"_blank\" rel=\"noopener\"><span style=\"color: #000080;\"><b>@tarcisiodoceseducao<\/b><\/span><\/a><\/li>\n<li><a href=\"https:\/\/www.instagram.com\/sergiodorneles\/\" target=\"_blank\" rel=\"noopener\"><span style=\"color: #000080;\"><b>@sergiodorneles<\/b><\/span><\/a><\/li>\n<li><a href=\"https:\/\/www.instagram.com\/bandasegundotempo\/\" target=\"_blank\" rel=\"noopener\"><span style=\"color: #000080;\"><strong>@bandasegundotempo<\/strong><\/span><\/a><\/li>\n<li><span style=\"color: #000080;\"><a style=\"color: #000080;\" href=\"https:\/\/www.instagram.com\/ritagarciacantora\/\"><strong>@ritagarciacantora<\/strong><\/a><\/span><\/li>\n<\/ul>\n<p><span style=\"font-weight: 400;\">S\u00f3 n\u00e3o esquece de comentar abaixo o que achou, combinado? <\/span><\/p>\n<p><span style=\"font-weight: 400;\"><span style=\"color: #000000;\"><strong>PS:<\/strong><\/span>\u00a0 Se voc\u00ea achar muito complicado ou n\u00e3o tem tempo pra cuidar de todos esses detalhes, pe\u00e7a nos <a href=\"http:\/\/conteudo.icomp.com.br\/consultoria\" target=\"_blank\" rel=\"noopener\">um or\u00e7amento sem compromisso<\/a> para gest\u00e3o de suas m\u00eddias sociais.\u00a0<\/span><\/p>\n","protected":false},"excerpt":{"rendered":"<p>Tenho recebido v\u00e1rios e-mails pedindo o que postar no Instagram de cantores, duplas e bandas, por isso resolvi compilar as dicas de divulga\u00e7\u00e3o mais importantes e pr\u00e1ticas neste conte\u00fado. Independente do momento da carreira do artista, uma coisa \u00e9 fato: ele precisa cuidar muito bem das m\u00eddias sociais. O Instagram \u00e9 ponto de partida de [&hellip;]<\/p>\n","protected":false},"author":10,"featured_media":1208,"comment_status":"open","ping_status":"closed","sticky":false,"template":"","format":"standard","meta":{"ocean_post_layout":"","ocean_both_sidebars_style":"","ocean_both_sidebars_content_width":0,"ocean_both_sidebars_sidebars_width":0,"ocean_sidebar":"","ocean_second_sidebar":"","ocean_disable_margins":"enable","ocean_add_body_class":"","ocean_shortcode_before_top_bar":"","ocean_shortcode_after_top_bar":"","ocean_shortcode_before_header":"","ocean_shortcode_after_header":"","ocean_has_shortcode":"","ocean_shortcode_after_title":"","ocean_shortcode_before_footer_widgets":"","ocean_shortcode_after_footer_widgets":"","ocean_shortcode_before_footer_bottom":"","ocean_shortcode_after_footer_bottom":"","ocean_display_top_bar":"default","ocean_display_header":"default","ocean_header_style":"","ocean_center_header_left_menu":"","ocean_custom_header_template":"","ocean_custom_logo":0,"ocean_custom_retina_logo":0,"ocean_custom_logo_max_width":0,"ocean_custom_logo_tablet_max_width":0,"ocean_custom_logo_mobile_max_width":0,"ocean_custom_logo_max_height":0,"ocean_custom_logo_tablet_max_height":0,"ocean_custom_logo_mobile_max_height":0,"ocean_header_custom_menu":"","ocean_menu_typo_font_family":"","ocean_menu_typo_font_subset":"","ocean_menu_typo_font_size":0,"ocean_menu_typo_font_size_tablet":0,"ocean_menu_typo_font_size_mobile":0,"ocean_menu_typo_font_size_unit":"px","ocean_menu_typo_font_weight":"","ocean_menu_typo_font_weight_tablet":"","ocean_menu_typo_font_weight_mobile":"","ocean_menu_typo_transform":"","ocean_menu_typo_transform_tablet":"","ocean_menu_typo_transform_mobile":"","ocean_menu_typo_line_height":0,"ocean_menu_typo_line_height_tablet":0,"ocean_menu_typo_line_height_mobile":0,"ocean_menu_typo_line_height_unit":"","ocean_menu_typo_spacing":0,"ocean_menu_typo_spacing_tablet":0,"ocean_menu_typo_spacing_mobile":0,"ocean_menu_typo_spacing_unit":"","ocean_menu_link_color":"","ocean_menu_link_color_hover":"","ocean_menu_link_color_active":"","ocean_menu_link_background":"","ocean_menu_link_hover_background":"","ocean_menu_link_active_background":"","ocean_menu_social_links_bg":"","ocean_menu_social_hover_links_bg":"","ocean_menu_social_links_color":"","ocean_menu_social_hover_links_color":"","ocean_disable_title":"default","ocean_disable_heading":"default","ocean_post_title":"","ocean_post_subheading":"","ocean_post_title_style":"","ocean_post_title_background_color":"","ocean_post_title_background":0,"ocean_post_title_bg_image_position":"","ocean_post_title_bg_image_attachment":"","ocean_post_title_bg_image_repeat":"","ocean_post_title_bg_image_size":"","ocean_post_title_height":0,"ocean_post_title_bg_overlay":0.5,"ocean_post_title_bg_overlay_color":"","ocean_disable_breadcrumbs":"default","ocean_breadcrumbs_color":"","ocean_breadcrumbs_separator_color":"","ocean_breadcrumbs_links_color":"","ocean_breadcrumbs_links_hover_color":"","ocean_display_footer_widgets":"default","ocean_display_footer_bottom":"default","ocean_custom_footer_template":"","ocean_post_oembed":"","ocean_post_self_hosted_media":"","ocean_post_video_embed":"","ocean_link_format":"","ocean_link_format_target":"self","ocean_quote_format":"","ocean_quote_format_link":"post","ocean_gallery_link_images":"on","ocean_gallery_id":[],"footnotes":""},"categories":[102],"tags":[90],"class_list":["post-1201","post","type-post","status-publish","format-standard","has-post-thumbnail","hentry","category-redes-sociais-para-artistas","tag-o-que-postar-no-instagram","entry","has-media"],"yoast_head":"<!-- This site is optimized with the Yoast SEO plugin v27.4 - https:\/\/yoast.com\/product\/yoast-seo-wordpress\/ -->\n<title>O que postar no Instagram de um cantor, dupla ou banda?<\/title>\n<meta name=\"description\" content=\"Dicas e ideias do que postar no Instagram de artistas com exemplos pr\u00e1ticos de quem tem mais de 18 anos de experi\u00eancia na m\u00fasica.\" \/>\n<meta name=\"robots\" content=\"index, follow, max-snippet:-1, max-image-preview:large, max-video-preview:-1\" \/>\n<link rel=\"canonical\" href=\"https:\/\/icomp.com.br\/camarim\/o-que-postar-no-instagram\/\" \/>\n<meta property=\"og:locale\" content=\"pt_BR\" \/>\n<meta property=\"og:type\" content=\"article\" \/>\n<meta property=\"og:title\" content=\"O que postar no Instagram de um cantor, dupla ou banda?\" \/>\n<meta property=\"og:description\" content=\"Dicas e ideias do que postar no Instagram de artistas com exemplos pr\u00e1ticos de quem tem mais de 18 anos de experi\u00eancia na m\u00fasica.\" \/>\n<meta property=\"og:url\" content=\"https:\/\/icomp.com.br\/camarim\/o-que-postar-no-instagram\/\" \/>\n<meta property=\"og:site_name\" content=\"Marketing Musical com Dhiego Bicudo\" \/>\n<meta property=\"article:publisher\" content=\"https:\/\/www.facebook.com\/agenciaicomp\" \/>\n<meta property=\"article:published_time\" content=\"2024-09-01T21:44:13+00:00\" \/>\n<meta property=\"article:modified_time\" content=\"2025-01-24T19:44:41+00:00\" \/>\n<meta property=\"og:image\" content=\"https:\/\/icomp.com.br\/camarim\/wp-content\/uploads\/2022\/01\/camarim-belluco-instagram.jpg\" \/>\n\t<meta property=\"og:image:width\" content=\"1600\" \/>\n\t<meta property=\"og:image:height\" content=\"900\" \/>\n\t<meta property=\"og:image:type\" content=\"image\/jpeg\" \/>\n<meta name=\"author\" content=\"Dhiego Bicudo\" \/>\n<meta name=\"twitter:card\" content=\"summary_large_image\" \/>\n<meta name=\"twitter:label1\" content=\"Escrito por\" \/>\n\t<meta name=\"twitter:data1\" content=\"Dhiego Bicudo\" \/>\n\t<meta name=\"twitter:label2\" content=\"Est. tempo de leitura\" \/>\n\t<meta name=\"twitter:data2\" content=\"8 minutos\" \/>\n<script type=\"application\/ld+json\" class=\"yoast-schema-graph\">{\"@context\":\"https:\\\/\\\/schema.org\",\"@graph\":[{\"@type\":\"Article\",\"@id\":\"https:\\\/\\\/icomp.com.br\\\/camarim\\\/o-que-postar-no-instagram\\\/#article\",\"isPartOf\":{\"@id\":\"https:\\\/\\\/icomp.com.br\\\/camarim\\\/o-que-postar-no-instagram\\\/\"},\"author\":{\"name\":\"Dhiego Bicudo\",\"@id\":\"https:\\\/\\\/icomp.com.br\\\/camarim\\\/#\\\/schema\\\/person\\\/d10a1b1471cde95c3738b4de07287002\"},\"headline\":\"O que postar no Instagram de um cantor, dupla ou banda?\",\"datePublished\":\"2024-09-01T21:44:13+00:00\",\"dateModified\":\"2025-01-24T19:44:41+00:00\",\"mainEntityOfPage\":{\"@id\":\"https:\\\/\\\/icomp.com.br\\\/camarim\\\/o-que-postar-no-instagram\\\/\"},\"wordCount\":1501,\"commentCount\":0,\"publisher\":{\"@id\":\"https:\\\/\\\/icomp.com.br\\\/camarim\\\/#organization\"},\"image\":{\"@id\":\"https:\\\/\\\/icomp.com.br\\\/camarim\\\/o-que-postar-no-instagram\\\/#primaryimage\"},\"thumbnailUrl\":\"https:\\\/\\\/icomp.com.br\\\/camarim\\\/wp-content\\\/uploads\\\/2022\\\/01\\\/camarim-belluco-instagram.jpg\",\"keywords\":[\"o que postar no instagram\"],\"articleSection\":[\"Redes Sociais para Artistas\"],\"inLanguage\":\"pt-BR\",\"potentialAction\":[{\"@type\":\"CommentAction\",\"name\":\"Comment\",\"target\":[\"https:\\\/\\\/icomp.com.br\\\/camarim\\\/o-que-postar-no-instagram\\\/#respond\"]}]},{\"@type\":\"WebPage\",\"@id\":\"https:\\\/\\\/icomp.com.br\\\/camarim\\\/o-que-postar-no-instagram\\\/\",\"url\":\"https:\\\/\\\/icomp.com.br\\\/camarim\\\/o-que-postar-no-instagram\\\/\",\"name\":\"O que postar no Instagram de um cantor, dupla ou banda?\",\"isPartOf\":{\"@id\":\"https:\\\/\\\/icomp.com.br\\\/camarim\\\/#website\"},\"primaryImageOfPage\":{\"@id\":\"https:\\\/\\\/icomp.com.br\\\/camarim\\\/o-que-postar-no-instagram\\\/#primaryimage\"},\"image\":{\"@id\":\"https:\\\/\\\/icomp.com.br\\\/camarim\\\/o-que-postar-no-instagram\\\/#primaryimage\"},\"thumbnailUrl\":\"https:\\\/\\\/icomp.com.br\\\/camarim\\\/wp-content\\\/uploads\\\/2022\\\/01\\\/camarim-belluco-instagram.jpg\",\"datePublished\":\"2024-09-01T21:44:13+00:00\",\"dateModified\":\"2025-01-24T19:44:41+00:00\",\"description\":\"Dicas e ideias do que postar no Instagram de artistas com exemplos pr\u00e1ticos de quem tem mais de 18 anos de experi\u00eancia na m\u00fasica.\",\"breadcrumb\":{\"@id\":\"https:\\\/\\\/icomp.com.br\\\/camarim\\\/o-que-postar-no-instagram\\\/#breadcrumb\"},\"inLanguage\":\"pt-BR\",\"potentialAction\":[{\"@type\":\"ReadAction\",\"target\":[\"https:\\\/\\\/icomp.com.br\\\/camarim\\\/o-que-postar-no-instagram\\\/\"]}]},{\"@type\":\"ImageObject\",\"inLanguage\":\"pt-BR\",\"@id\":\"https:\\\/\\\/icomp.com.br\\\/camarim\\\/o-que-postar-no-instagram\\\/#primaryimage\",\"url\":\"https:\\\/\\\/icomp.com.br\\\/camarim\\\/wp-content\\\/uploads\\\/2022\\\/01\\\/camarim-belluco-instagram.jpg\",\"contentUrl\":\"https:\\\/\\\/icomp.com.br\\\/camarim\\\/wp-content\\\/uploads\\\/2022\\\/01\\\/camarim-belluco-instagram.jpg\",\"width\":1600,\"height\":900,\"caption\":\"o que postar no instagram\"},{\"@type\":\"BreadcrumbList\",\"@id\":\"https:\\\/\\\/icomp.com.br\\\/camarim\\\/o-que-postar-no-instagram\\\/#breadcrumb\",\"itemListElement\":[{\"@type\":\"ListItem\",\"position\":1,\"name\":\"Home\",\"item\":\"https:\\\/\\\/icomp.com.br\\\/camarim\\\/\"},{\"@type\":\"ListItem\",\"position\":2,\"name\":\"O que postar no Instagram de um cantor, dupla ou banda?\"}]},{\"@type\":\"WebSite\",\"@id\":\"https:\\\/\\\/icomp.com.br\\\/camarim\\\/#website\",\"url\":\"https:\\\/\\\/icomp.com.br\\\/camarim\\\/\",\"name\":\"Marketing Musical com Dhiego Bicudo\",\"description\":\"Conhe\u00e7a as estrat\u00e9gias no marketing musical que uso na Ag\u00eancia ICOMP para transformar cantores, duplas e bandas em artistas reconhecidos\",\"publisher\":{\"@id\":\"https:\\\/\\\/icomp.com.br\\\/camarim\\\/#organization\"},\"potentialAction\":[{\"@type\":\"SearchAction\",\"target\":{\"@type\":\"EntryPoint\",\"urlTemplate\":\"https:\\\/\\\/icomp.com.br\\\/camarim\\\/?s={search_term_string}\"},\"query-input\":{\"@type\":\"PropertyValueSpecification\",\"valueRequired\":true,\"valueName\":\"search_term_string\"}}],\"inLanguage\":\"pt-BR\"},{\"@type\":\"Organization\",\"@id\":\"https:\\\/\\\/icomp.com.br\\\/camarim\\\/#organization\",\"name\":\"Marketing Musical com Dhiego Bicudo\",\"url\":\"https:\\\/\\\/icomp.com.br\\\/camarim\\\/\",\"logo\":{\"@type\":\"ImageObject\",\"inLanguage\":\"pt-BR\",\"@id\":\"https:\\\/\\\/icomp.com.br\\\/camarim\\\/#\\\/schema\\\/logo\\\/image\\\/\",\"url\":\"https:\\\/\\\/icomp.com.br\\\/camarim\\\/wp-content\\\/uploads\\\/2017\\\/10\\\/cropped-icone.png\",\"contentUrl\":\"https:\\\/\\\/icomp.com.br\\\/camarim\\\/wp-content\\\/uploads\\\/2017\\\/10\\\/cropped-icone.png\",\"width\":512,\"height\":512,\"caption\":\"Marketing Musical com Dhiego Bicudo\"},\"image\":{\"@id\":\"https:\\\/\\\/icomp.com.br\\\/camarim\\\/#\\\/schema\\\/logo\\\/image\\\/\"},\"sameAs\":[\"https:\\\/\\\/www.facebook.com\\\/agenciaicomp\",\"https:\\\/\\\/www.instagram.com\\\/dhiegobicudo\",\"https:\\\/\\\/www.linkedin.com\\\/in\\\/dhiegobicudo\",\"https:\\\/\\\/www.youtube.com\\\/@TrilhadoCantor\"]},{\"@type\":\"Person\",\"@id\":\"https:\\\/\\\/icomp.com.br\\\/camarim\\\/#\\\/schema\\\/person\\\/d10a1b1471cde95c3738b4de07287002\",\"name\":\"Dhiego Bicudo\",\"image\":{\"@type\":\"ImageObject\",\"inLanguage\":\"pt-BR\",\"@id\":\"https:\\\/\\\/secure.gravatar.com\\\/avatar\\\/199e5081b46939e9add8e7fc06e802eb2f43ff99423ca0ef09d71f21882a5c49?s=96&d=mm&r=g\",\"url\":\"https:\\\/\\\/secure.gravatar.com\\\/avatar\\\/199e5081b46939e9add8e7fc06e802eb2f43ff99423ca0ef09d71f21882a5c49?s=96&d=mm&r=g\",\"contentUrl\":\"https:\\\/\\\/secure.gravatar.com\\\/avatar\\\/199e5081b46939e9add8e7fc06e802eb2f43ff99423ca0ef09d71f21882a5c49?s=96&d=mm&r=g\",\"caption\":\"Dhiego Bicudo\"},\"description\":\"possui muita experi\u00eancia em estrat\u00e9gias de marketing musical para cantores, duplas e bandas na Ag\u00eancia ICOMP\",\"url\":\"https:\\\/\\\/icomp.com.br\\\/camarim\\\/author\\\/d2ecf63ba8a1943f\\\/\"}]}<\/script>\n<!-- \/ Yoast SEO plugin. -->","yoast_head_json":{"title":"O que postar no Instagram de um cantor, dupla ou banda?","description":"Dicas e ideias do que postar no Instagram de artistas com exemplos pr\u00e1ticos de quem tem mais de 18 anos de experi\u00eancia na m\u00fasica.","robots":{"index":"index","follow":"follow","max-snippet":"max-snippet:-1","max-image-preview":"max-image-preview:large","max-video-preview":"max-video-preview:-1"},"canonical":"https:\/\/icomp.com.br\/camarim\/o-que-postar-no-instagram\/","og_locale":"pt_BR","og_type":"article","og_title":"O que postar no Instagram de um cantor, dupla ou banda?","og_description":"Dicas e ideias do que postar no Instagram de artistas com exemplos pr\u00e1ticos de quem tem mais de 18 anos de experi\u00eancia na m\u00fasica.","og_url":"https:\/\/icomp.com.br\/camarim\/o-que-postar-no-instagram\/","og_site_name":"Marketing Musical com Dhiego Bicudo","article_publisher":"https:\/\/www.facebook.com\/agenciaicomp","article_published_time":"2024-09-01T21:44:13+00:00","article_modified_time":"2025-01-24T19:44:41+00:00","og_image":[{"width":1600,"height":900,"url":"https:\/\/icomp.com.br\/camarim\/wp-content\/uploads\/2022\/01\/camarim-belluco-instagram.jpg","type":"image\/jpeg"}],"author":"Dhiego Bicudo","twitter_card":"summary_large_image","twitter_misc":{"Escrito por":"Dhiego Bicudo","Est. tempo de leitura":"8 minutos"},"schema":{"@context":"https:\/\/schema.org","@graph":[{"@type":"Article","@id":"https:\/\/icomp.com.br\/camarim\/o-que-postar-no-instagram\/#article","isPartOf":{"@id":"https:\/\/icomp.com.br\/camarim\/o-que-postar-no-instagram\/"},"author":{"name":"Dhiego Bicudo","@id":"https:\/\/icomp.com.br\/camarim\/#\/schema\/person\/d10a1b1471cde95c3738b4de07287002"},"headline":"O que postar no Instagram de um cantor, dupla ou banda?","datePublished":"2024-09-01T21:44:13+00:00","dateModified":"2025-01-24T19:44:41+00:00","mainEntityOfPage":{"@id":"https:\/\/icomp.com.br\/camarim\/o-que-postar-no-instagram\/"},"wordCount":1501,"commentCount":0,"publisher":{"@id":"https:\/\/icomp.com.br\/camarim\/#organization"},"image":{"@id":"https:\/\/icomp.com.br\/camarim\/o-que-postar-no-instagram\/#primaryimage"},"thumbnailUrl":"https:\/\/icomp.com.br\/camarim\/wp-content\/uploads\/2022\/01\/camarim-belluco-instagram.jpg","keywords":["o que postar no instagram"],"articleSection":["Redes Sociais para Artistas"],"inLanguage":"pt-BR","potentialAction":[{"@type":"CommentAction","name":"Comment","target":["https:\/\/icomp.com.br\/camarim\/o-que-postar-no-instagram\/#respond"]}]},{"@type":"WebPage","@id":"https:\/\/icomp.com.br\/camarim\/o-que-postar-no-instagram\/","url":"https:\/\/icomp.com.br\/camarim\/o-que-postar-no-instagram\/","name":"O que postar no Instagram de um cantor, dupla ou banda?","isPartOf":{"@id":"https:\/\/icomp.com.br\/camarim\/#website"},"primaryImageOfPage":{"@id":"https:\/\/icomp.com.br\/camarim\/o-que-postar-no-instagram\/#primaryimage"},"image":{"@id":"https:\/\/icomp.com.br\/camarim\/o-que-postar-no-instagram\/#primaryimage"},"thumbnailUrl":"https:\/\/icomp.com.br\/camarim\/wp-content\/uploads\/2022\/01\/camarim-belluco-instagram.jpg","datePublished":"2024-09-01T21:44:13+00:00","dateModified":"2025-01-24T19:44:41+00:00","description":"Dicas e ideias do que postar no Instagram de artistas com exemplos pr\u00e1ticos de quem tem mais de 18 anos de experi\u00eancia na m\u00fasica.","breadcrumb":{"@id":"https:\/\/icomp.com.br\/camarim\/o-que-postar-no-instagram\/#breadcrumb"},"inLanguage":"pt-BR","potentialAction":[{"@type":"ReadAction","target":["https:\/\/icomp.com.br\/camarim\/o-que-postar-no-instagram\/"]}]},{"@type":"ImageObject","inLanguage":"pt-BR","@id":"https:\/\/icomp.com.br\/camarim\/o-que-postar-no-instagram\/#primaryimage","url":"https:\/\/icomp.com.br\/camarim\/wp-content\/uploads\/2022\/01\/camarim-belluco-instagram.jpg","contentUrl":"https:\/\/icomp.com.br\/camarim\/wp-content\/uploads\/2022\/01\/camarim-belluco-instagram.jpg","width":1600,"height":900,"caption":"o que postar no instagram"},{"@type":"BreadcrumbList","@id":"https:\/\/icomp.com.br\/camarim\/o-que-postar-no-instagram\/#breadcrumb","itemListElement":[{"@type":"ListItem","position":1,"name":"Home","item":"https:\/\/icomp.com.br\/camarim\/"},{"@type":"ListItem","position":2,"name":"O que postar no Instagram de um cantor, dupla ou banda?"}]},{"@type":"WebSite","@id":"https:\/\/icomp.com.br\/camarim\/#website","url":"https:\/\/icomp.com.br\/camarim\/","name":"Marketing Musical com Dhiego Bicudo","description":"Conhe\u00e7a as estrat\u00e9gias no marketing musical que uso na Ag\u00eancia ICOMP para transformar cantores, duplas e bandas em artistas reconhecidos","publisher":{"@id":"https:\/\/icomp.com.br\/camarim\/#organization"},"potentialAction":[{"@type":"SearchAction","target":{"@type":"EntryPoint","urlTemplate":"https:\/\/icomp.com.br\/camarim\/?s={search_term_string}"},"query-input":{"@type":"PropertyValueSpecification","valueRequired":true,"valueName":"search_term_string"}}],"inLanguage":"pt-BR"},{"@type":"Organization","@id":"https:\/\/icomp.com.br\/camarim\/#organization","name":"Marketing Musical com Dhiego Bicudo","url":"https:\/\/icomp.com.br\/camarim\/","logo":{"@type":"ImageObject","inLanguage":"pt-BR","@id":"https:\/\/icomp.com.br\/camarim\/#\/schema\/logo\/image\/","url":"https:\/\/icomp.com.br\/camarim\/wp-content\/uploads\/2017\/10\/cropped-icone.png","contentUrl":"https:\/\/icomp.com.br\/camarim\/wp-content\/uploads\/2017\/10\/cropped-icone.png","width":512,"height":512,"caption":"Marketing Musical com Dhiego Bicudo"},"image":{"@id":"https:\/\/icomp.com.br\/camarim\/#\/schema\/logo\/image\/"},"sameAs":["https:\/\/www.facebook.com\/agenciaicomp","https:\/\/www.instagram.com\/dhiegobicudo","https:\/\/www.linkedin.com\/in\/dhiegobicudo","https:\/\/www.youtube.com\/@TrilhadoCantor"]},{"@type":"Person","@id":"https:\/\/icomp.com.br\/camarim\/#\/schema\/person\/d10a1b1471cde95c3738b4de07287002","name":"Dhiego Bicudo","image":{"@type":"ImageObject","inLanguage":"pt-BR","@id":"https:\/\/secure.gravatar.com\/avatar\/199e5081b46939e9add8e7fc06e802eb2f43ff99423ca0ef09d71f21882a5c49?s=96&d=mm&r=g","url":"https:\/\/secure.gravatar.com\/avatar\/199e5081b46939e9add8e7fc06e802eb2f43ff99423ca0ef09d71f21882a5c49?s=96&d=mm&r=g","contentUrl":"https:\/\/secure.gravatar.com\/avatar\/199e5081b46939e9add8e7fc06e802eb2f43ff99423ca0ef09d71f21882a5c49?s=96&d=mm&r=g","caption":"Dhiego Bicudo"},"description":"possui muita experi\u00eancia em estrat\u00e9gias de marketing musical para cantores, duplas e bandas na Ag\u00eancia ICOMP","url":"https:\/\/icomp.com.br\/camarim\/author\/d2ecf63ba8a1943f\/"}]}},"_links":{"self":[{"href":"https:\/\/icomp.com.br\/camarim\/wp-json\/wp\/v2\/posts\/1201","targetHints":{"allow":["GET"]}}],"collection":[{"href":"https:\/\/icomp.com.br\/camarim\/wp-json\/wp\/v2\/posts"}],"about":[{"href":"https:\/\/icomp.com.br\/camarim\/wp-json\/wp\/v2\/types\/post"}],"author":[{"embeddable":true,"href":"https:\/\/icomp.com.br\/camarim\/wp-json\/wp\/v2\/users\/10"}],"replies":[{"embeddable":true,"href":"https:\/\/icomp.com.br\/camarim\/wp-json\/wp\/v2\/comments?post=1201"}],"version-history":[{"count":0,"href":"https:\/\/icomp.com.br\/camarim\/wp-json\/wp\/v2\/posts\/1201\/revisions"}],"wp:featuredmedia":[{"embeddable":true,"href":"https:\/\/icomp.com.br\/camarim\/wp-json\/wp\/v2\/media\/1208"}],"wp:attachment":[{"href":"https:\/\/icomp.com.br\/camarim\/wp-json\/wp\/v2\/media?parent=1201"}],"wp:term":[{"taxonomy":"category","embeddable":true,"href":"https:\/\/icomp.com.br\/camarim\/wp-json\/wp\/v2\/categories?post=1201"},{"taxonomy":"post_tag","embeddable":true,"href":"https:\/\/icomp.com.br\/camarim\/wp-json\/wp\/v2\/tags?post=1201"}],"curies":[{"name":"wp","href":"https:\/\/api.w.org\/{rel}","templated":true}]}}