{"id":1232,"date":"2023-04-20T14:42:54","date_gmt":"2023-04-20T17:42:54","guid":{"rendered":"https:\/\/www.icomp.com.br\/camarim\/?p=1232"},"modified":"2025-01-21T17:07:45","modified_gmt":"2025-01-21T20:07:45","slug":"como-a-cantora-ana-karla-atingiu-o-maior-resultado-da-sua-carreira-investindo-em-marketing-profissional","status":"publish","type":"post","link":"https:\/\/icomp.com.br\/camarim\/como-a-cantora-ana-karla-atingiu-o-maior-resultado-da-sua-carreira-investindo-em-marketing-profissional\/","title":{"rendered":"Como a cantora Ana Karla atingiu o maior resultado da sua carreira investindo em marketing profissional"},"content":{"rendered":"<p><i><span style=\"font-weight: 400;\">Imagine alcan\u00e7ar seus melhores resultados com um lan\u00e7amento autoral investindo apenas R$1.000 reais mensais? Com a cantora Ana Karla, essa foi a nossa hist\u00f3ria de sucesso.<\/span><\/i><\/p>\n<h2><span style=\"font-weight: 400;\">Sobre a artista\u00a0<\/span><\/h2>\n<p><span style=\"font-weight: 400;\">Ela estava fazendo 15 anos de carreira, assim como todo artista que luta, com muita sofr\u00eancia, construindo uma voz aut\u00eantica e interpretando covers, mas rodando muito em seu Hyundai pelos palcos e barzinhos Brasil afora. Contudo, lan\u00e7ar suas pr\u00f3prias can\u00e7\u00f5es ainda faziam os olhos brilharem e chegava mais um deles.<\/span><\/p>\n<p><span style=\"font-weight: 400;\">Ana Karla, cantora sertaneja e compositora paranaense radicada no Mato Grosso do Sul, j\u00e1 se destacou com m\u00fasicas como \u201cEu quero ser amada\u201d, \u201cMeu Mel\u201d (gravada com Victor &amp; Matheus) e \u201cO Rei da Gaia\u201d. Recentemente, emplacou a marca de 700 mil downloads no Palco MP3 com a m\u00fasica \u201cTrai\u00e7\u00e3o n\u00e3o \u00e9 acidente\u201d, gravada em parceria com Evandro &amp; Henrique.\u00a0<\/span><\/p>\n<p><span style=\"font-weight: 400;\">Ainda no Palco MP3, ganhou o pr\u00eamio de &#8220;Artista mais acessada do Mato Grosso do Sul&#8221;, tendo mais de 2 milh\u00f5es de acessos.<\/span><\/p>\n<h2><span style=\"font-weight: 400;\">O desafio de quase todos os artistas brasileiros<\/span><\/h2>\n<p><span style=\"font-weight: 400;\">\u00c9 claro que o maior desafio de todos os cantores brasileiros e tamb\u00e9m o da Ana Karla: o financeiro. Ainda mais em um ano de pandemia, quando o mercado de entretenimento praticamente parou. Mas a Ana n\u00e3o ficou lamentando, ela reagiu.\u00a0<\/span><\/p>\n<p><span style=\"font-weight: 400;\">Ampliou a sua presen\u00e7a em <\/span><a href=\"https:\/\/www.instagram.com\/anakarlah\/\"><span style=\"font-weight: 400;\">seu Instagram<\/span><\/a><span style=\"font-weight: 400;\"> nas muitas lives com convidados para debater assuntos relacionados a m\u00fasica, e foi assim que ela investiu tempo e coragem no networking, que eu tanto falo nos meus conte\u00fados.\u00a0<\/span><\/p>\n<p><span style=\"font-weight: 400;\">Foi assim tamb\u00e9m que nossos caminhos se cruzaram novamente: Ana Karla me convidou para <\/span><a href=\"https:\/\/www.instagram.com\/tv\/CIyz04ahsSy\/\"><span style=\"font-weight: 400;\">uma live<\/span><\/a><span style=\"font-weight: 400;\"> sobre o tema de &#8220;<\/span><i><span style=\"font-weight: 400;\">Estrat\u00e9gias de Comunica\u00e7\u00e3o na M\u00fasica<\/span><\/i><span style=\"font-weight: 400;\">&#8221; e nesse encontro ela me apresentou sua m\u00fasica.\u00a0<\/span><\/p>\n<p><span style=\"font-weight: 400;\">Eu vi que essa m\u00fasica podia ter uma chance, pois tinha um refr\u00e3o marcante, se destacava ainda mais em sua interpreta\u00e7\u00e3o marcante com o carisma de quem conhece o palco poderia ir mais longe. Ana Karla fez tudo que podia sozinha e com seus familiares, mas quando a oportunidade de profissionalizar a divulga\u00e7\u00e3o musical surgiu, ela n\u00e3o pensou duas vezes.\u00a0<\/span><\/p>\n<p><span style=\"font-weight: 400;\">Um pouco do que foi feito nesse lan\u00e7amento\u00a0<\/span><\/p>\n<p><span style=\"font-weight: 400;\">O trabalho de marketing musical que fizemos para a cantora Ana Karla come\u00e7ou do essencial: aquelas mudan\u00e7as que sempre digo em rela\u00e7\u00e3o a apar\u00eancia desde o logotipo, a identidade visual, a escolha das fotos com o novo figurino e o cen\u00e1rio. Mudamos tudo! E o mais bacana \u00e9 que ao mesmo tempo em que colocamos tudo isso na pr\u00e1tica, tamb\u00e9m fomos orientando a cantora com boas pr\u00e1ticas no marketing musical.\u00a0<\/span><\/p>\n<p><span style=\"font-weight: 400;\">Calma! Talvez seja mais f\u00e1cil ver essas mudan\u00e7as, n\u00e3o \u00e9?\u00a0<\/span><\/p>\n<p><b>Essa \u00e9 uma arte da Ana Karla antes do marketing profissional\u00a0\u00a0<\/b><\/p>\n<p><img loading=\"lazy\" decoding=\"async\" class=\"wp-image-1233 size-large alignnone\" src=\"https:\/\/www.icomp.com.br\/camarim\/wp-content\/uploads\/2022\/04\/16904849_1273409406073142_8166380231345740894_o-1024x379.jpeg\" alt=\"\" width=\"1000\" height=\"370\" srcset=\"https:\/\/icomp.com.br\/camarim\/wp-content\/uploads\/2022\/04\/16904849_1273409406073142_8166380231345740894_o-1024x379.jpeg 1024w, https:\/\/icomp.com.br\/camarim\/wp-content\/uploads\/2022\/04\/16904849_1273409406073142_8166380231345740894_o-300x111.jpeg 300w, https:\/\/icomp.com.br\/camarim\/wp-content\/uploads\/2022\/04\/16904849_1273409406073142_8166380231345740894_o-768x284.jpeg 768w, https:\/\/icomp.com.br\/camarim\/wp-content\/uploads\/2022\/04\/16904849_1273409406073142_8166380231345740894_o-600x222.jpeg 600w, https:\/\/icomp.com.br\/camarim\/wp-content\/uploads\/2022\/04\/16904849_1273409406073142_8166380231345740894_o.jpeg 1280w\" sizes=\"auto, (max-width: 1000px) 100vw, 1000px\" \/><\/p>\n<p><b>E essa \u00e9 a nova identidade da Ana Karla depois do marketing profissional\u00a0<\/b><\/p>\n<p><img loading=\"lazy\" decoding=\"async\" class=\"size-large wp-image-1234 alignnone\" src=\"https:\/\/www.icomp.com.br\/camarim\/wp-content\/uploads\/2022\/04\/167560133_3903714653042591_1828064309359493910_n-1024x379.jpeg\" alt=\"\" width=\"1000\" height=\"370\" srcset=\"https:\/\/icomp.com.br\/camarim\/wp-content\/uploads\/2022\/04\/167560133_3903714653042591_1828064309359493910_n-1024x379.jpeg 1024w, https:\/\/icomp.com.br\/camarim\/wp-content\/uploads\/2022\/04\/167560133_3903714653042591_1828064309359493910_n-300x111.jpeg 300w, https:\/\/icomp.com.br\/camarim\/wp-content\/uploads\/2022\/04\/167560133_3903714653042591_1828064309359493910_n-768x284.jpeg 768w, https:\/\/icomp.com.br\/camarim\/wp-content\/uploads\/2022\/04\/167560133_3903714653042591_1828064309359493910_n-1536x569.jpeg 1536w, https:\/\/icomp.com.br\/camarim\/wp-content\/uploads\/2022\/04\/167560133_3903714653042591_1828064309359493910_n-600x222.jpeg 600w, https:\/\/icomp.com.br\/camarim\/wp-content\/uploads\/2022\/04\/167560133_3903714653042591_1828064309359493910_n.jpeg 1702w\" sizes=\"auto, (max-width: 1000px) 100vw, 1000px\" \/><\/p>\n<p><span style=\"font-weight: 400;\">Todas as mudan\u00e7as visuais e a cria\u00e7\u00e3o das pe\u00e7as digitais foram pensadas para o lan\u00e7amento da m\u00fasica autoral da Ana Karla, intitulada &#8220;Aquela Ex&#8221;. Acompanhamos os primeiros cortes da produ\u00e7\u00e3o do clipe profissional e fizemos os investimentos em an\u00fancios com estrat\u00e9gias de lan\u00e7amento em todos os canais digitais, desde as postagens no Instagram \u00e0s playlists do Spotify e dentro do Youtube.\u00a0\u00a0\u00a0<\/span><\/p>\n<p><span style=\"font-weight: 400;\">O lan\u00e7amento autoral da Ana Karla atingiu mais de 250 mil visualiza\u00e7\u00f5es no Youtube, sendo o maior resultado alcan\u00e7ado por ela em 15 anos de carreira.\u00a0<\/span><\/p>\n<p class=\"responsive-video-wrap clr\"><iframe loading=\"lazy\" title=\"Ana Karla - Aquela Ex (Clipe Oficial)\" width=\"1200\" height=\"675\" src=\"https:\/\/www.youtube.com\/embed\/4UpSL3BvouQ?feature=oembed\" frameborder=\"0\" allow=\"accelerometer; autoplay; clipboard-write; encrypted-media; gyroscope; picture-in-picture; web-share\" referrerpolicy=\"strict-origin-when-cross-origin\" allowfullscreen><\/iframe><\/p>\n<p><span style=\"font-weight: 400;\">A oportunidade que a Ana Karla queria para mudar a carreira aconteceu\u00a0<\/span><\/p>\n<p><span style=\"font-weight: 400;\">A Ana Karla sonhou com essa mudan\u00e7a na carreira e n\u00f3s ajudamos a tornar realidade. Veja o que ela diz sobre essa experi\u00eancia:\u00a0<\/span><\/p>\n<p><i><span style=\"font-weight: 400;\">\u201cDeus tava me ouvindo o tempo inteiro. Para voc\u00eas pode ter sido algo simples, mas para mim e para minha fam\u00edlia foi inspirador e renovador, me deu energia de novo de trabalhar sabe? Muito obrigada Dhiego! Deus aben\u00e7oe demais sua vida, sua fam\u00edlia, sua empresa. Todo mundo me tratou com muito carinho! Ent\u00e3o muito obrigada! Estou emocionada!&#8217; \u00a0 Ana Karla\u00a0<\/span><\/i><\/p>\n<p><b>Escute esse depoimento na voz da cantora Ana Karla e se emocione conosco<\/b><\/p>\n<p><span style=\"font-weight: 400;\">O pr\u00f3ximo lan\u00e7amento pode ser o seu\u00a0<\/span><\/p>\n<p><span style=\"font-weight: 400;\">Se voc\u00ea se identificou com essa hist\u00f3ria e tamb\u00e9m gostaria de ter esses resultados, d\u00ea o primeiro passo e invista na sua carreira. Entre em contato conosco e pe\u00e7a seu or\u00e7amento de marketing musical. \u00c9 s\u00f3 clicar <\/span><strong><a href=\"http:\/\/conteudo.icomp.com.br\/orcamento\">aqui.<\/a>\u00a0<\/strong><\/p>\n","protected":false},"excerpt":{"rendered":"<p>Imagine alcan\u00e7ar seus melhores resultados com um lan\u00e7amento autoral investindo apenas R$1.000 reais mensais? Com a cantora Ana Karla, essa foi a nossa hist\u00f3ria de sucesso. Sobre a artista\u00a0 Ela estava fazendo 15 anos de carreira, assim como todo artista que luta, com muita sofr\u00eancia, construindo uma voz aut\u00eantica e interpretando covers, mas rodando muito [&hellip;]<\/p>\n","protected":false},"author":10,"featured_media":1235,"comment_status":"closed","ping_status":"closed","sticky":false,"template":"","format":"standard","meta":{"ocean_post_layout":"","ocean_both_sidebars_style":"","ocean_both_sidebars_content_width":0,"ocean_both_sidebars_sidebars_width":0,"ocean_sidebar":"","ocean_second_sidebar":"","ocean_disable_margins":"enable","ocean_add_body_class":"","ocean_shortcode_before_top_bar":"","ocean_shortcode_after_top_bar":"","ocean_shortcode_before_header":"","ocean_shortcode_after_header":"","ocean_has_shortcode":"","ocean_shortcode_after_title":"","ocean_shortcode_before_footer_widgets":"","ocean_shortcode_after_footer_widgets":"","ocean_shortcode_before_footer_bottom":"","ocean_shortcode_after_footer_bottom":"","ocean_display_top_bar":"default","ocean_display_header":"default","ocean_header_style":"","ocean_center_header_left_menu":"","ocean_custom_header_template":"","ocean_custom_logo":0,"ocean_custom_retina_logo":0,"ocean_custom_logo_max_width":0,"ocean_custom_logo_tablet_max_width":0,"ocean_custom_logo_mobile_max_width":0,"ocean_custom_logo_max_height":0,"ocean_custom_logo_tablet_max_height":0,"ocean_custom_logo_mobile_max_height":0,"ocean_header_custom_menu":"","ocean_menu_typo_font_family":"","ocean_menu_typo_font_subset":"","ocean_menu_typo_font_size":0,"ocean_menu_typo_font_size_tablet":0,"ocean_menu_typo_font_size_mobile":0,"ocean_menu_typo_font_size_unit":"px","ocean_menu_typo_font_weight":"","ocean_menu_typo_font_weight_tablet":"","ocean_menu_typo_font_weight_mobile":"","ocean_menu_typo_transform":"","ocean_menu_typo_transform_tablet":"","ocean_menu_typo_transform_mobile":"","ocean_menu_typo_line_height":0,"ocean_menu_typo_line_height_tablet":0,"ocean_menu_typo_line_height_mobile":0,"ocean_menu_typo_line_height_unit":"","ocean_menu_typo_spacing":0,"ocean_menu_typo_spacing_tablet":0,"ocean_menu_typo_spacing_mobile":0,"ocean_menu_typo_spacing_unit":"","ocean_menu_link_color":"","ocean_menu_link_color_hover":"","ocean_menu_link_color_active":"","ocean_menu_link_background":"","ocean_menu_link_hover_background":"","ocean_menu_link_active_background":"","ocean_menu_social_links_bg":"","ocean_menu_social_hover_links_bg":"","ocean_menu_social_links_color":"","ocean_menu_social_hover_links_color":"","ocean_disable_title":"default","ocean_disable_heading":"default","ocean_post_title":"","ocean_post_subheading":"","ocean_post_title_style":"","ocean_post_title_background_color":"","ocean_post_title_background":0,"ocean_post_title_bg_image_position":"","ocean_post_title_bg_image_attachment":"","ocean_post_title_bg_image_repeat":"","ocean_post_title_bg_image_size":"","ocean_post_title_height":0,"ocean_post_title_bg_overlay":0.5,"ocean_post_title_bg_overlay_color":"","ocean_disable_breadcrumbs":"default","ocean_breadcrumbs_color":"","ocean_breadcrumbs_separator_color":"","ocean_breadcrumbs_links_color":"","ocean_breadcrumbs_links_hover_color":"","ocean_display_footer_widgets":"default","ocean_display_footer_bottom":"default","ocean_custom_footer_template":"","ocean_post_oembed":"","ocean_post_self_hosted_media":"","ocean_post_video_embed":"","ocean_link_format":"","ocean_link_format_target":"self","ocean_quote_format":"","ocean_quote_format_link":"post","ocean_gallery_link_images":"on","ocean_gallery_id":[],"footnotes":""},"categories":[3],"tags":[93],"class_list":["post-1232","post","type-post","status-publish","format-standard","has-post-thumbnail","hentry","category-sucesso-musical","tag-cantora-ana-karla","entry","has-media"],"yoast_head":"<!-- This site is optimized with the Yoast SEO plugin v27.4 - https:\/\/yoast.com\/product\/yoast-seo-wordpress\/ -->\n<title>Como a cantora Ana Karla atingiu o maior resultado da sua carreira<\/title>\n<meta name=\"description\" content=\"Imagine alcan\u00e7ar seus melhores resultados com um lan\u00e7amento autoral investindo apenas R$1.000 reais mensais? Saiba mais no artigo.\" \/>\n<meta name=\"robots\" content=\"index, follow, max-snippet:-1, max-image-preview:large, max-video-preview:-1\" \/>\n<link rel=\"canonical\" href=\"https:\/\/icomp.com.br\/camarim\/como-a-cantora-ana-karla-atingiu-o-maior-resultado-da-sua-carreira-investindo-em-marketing-profissional\/\" \/>\n<meta property=\"og:locale\" content=\"pt_BR\" \/>\n<meta property=\"og:type\" content=\"article\" \/>\n<meta property=\"og:title\" content=\"Como a cantora Ana Karla atingiu o maior resultado da sua carreira\" \/>\n<meta property=\"og:description\" content=\"Imagine alcan\u00e7ar seus melhores resultados com um lan\u00e7amento autoral investindo apenas R$1.000 reais mensais? Saiba mais no artigo.\" \/>\n<meta property=\"og:url\" content=\"https:\/\/icomp.com.br\/camarim\/como-a-cantora-ana-karla-atingiu-o-maior-resultado-da-sua-carreira-investindo-em-marketing-profissional\/\" \/>\n<meta property=\"og:site_name\" content=\"Marketing Musical com Dhiego Bicudo\" \/>\n<meta property=\"article:publisher\" content=\"https:\/\/www.facebook.com\/agenciaicomp\" \/>\n<meta property=\"article:published_time\" content=\"2023-04-20T17:42:54+00:00\" \/>\n<meta property=\"article:modified_time\" content=\"2025-01-21T20:07:45+00:00\" \/>\n<meta property=\"og:image\" content=\"https:\/\/icomp.com.br\/camarim\/wp-content\/uploads\/2022\/04\/camarim-anakarla.jpg\" \/>\n\t<meta property=\"og:image:width\" content=\"1200\" \/>\n\t<meta property=\"og:image:height\" content=\"801\" \/>\n\t<meta property=\"og:image:type\" content=\"image\/jpeg\" \/>\n<meta name=\"author\" content=\"Dhiego Bicudo\" \/>\n<meta name=\"twitter:card\" content=\"summary_large_image\" \/>\n<meta name=\"twitter:label1\" content=\"Escrito por\" \/>\n\t<meta name=\"twitter:data1\" content=\"Dhiego Bicudo\" \/>\n\t<meta name=\"twitter:label2\" content=\"Est. tempo de leitura\" \/>\n\t<meta name=\"twitter:data2\" content=\"5 minutos\" \/>\n<script type=\"application\/ld+json\" class=\"yoast-schema-graph\">{\"@context\":\"https:\\\/\\\/schema.org\",\"@graph\":[{\"@type\":\"Article\",\"@id\":\"https:\\\/\\\/icomp.com.br\\\/camarim\\\/como-a-cantora-ana-karla-atingiu-o-maior-resultado-da-sua-carreira-investindo-em-marketing-profissional\\\/#article\",\"isPartOf\":{\"@id\":\"https:\\\/\\\/icomp.com.br\\\/camarim\\\/como-a-cantora-ana-karla-atingiu-o-maior-resultado-da-sua-carreira-investindo-em-marketing-profissional\\\/\"},\"author\":{\"name\":\"Dhiego Bicudo\",\"@id\":\"https:\\\/\\\/icomp.com.br\\\/camarim\\\/#\\\/schema\\\/person\\\/d10a1b1471cde95c3738b4de07287002\"},\"headline\":\"Como a cantora Ana Karla atingiu o maior resultado da sua carreira investindo em marketing profissional\",\"datePublished\":\"2023-04-20T17:42:54+00:00\",\"dateModified\":\"2025-01-21T20:07:45+00:00\",\"mainEntityOfPage\":{\"@id\":\"https:\\\/\\\/icomp.com.br\\\/camarim\\\/como-a-cantora-ana-karla-atingiu-o-maior-resultado-da-sua-carreira-investindo-em-marketing-profissional\\\/\"},\"wordCount\":769,\"publisher\":{\"@id\":\"https:\\\/\\\/icomp.com.br\\\/camarim\\\/#organization\"},\"image\":{\"@id\":\"https:\\\/\\\/icomp.com.br\\\/camarim\\\/como-a-cantora-ana-karla-atingiu-o-maior-resultado-da-sua-carreira-investindo-em-marketing-profissional\\\/#primaryimage\"},\"thumbnailUrl\":\"https:\\\/\\\/icomp.com.br\\\/camarim\\\/wp-content\\\/uploads\\\/2022\\\/04\\\/camarim-anakarla.jpg\",\"keywords\":[\"cantora Ana Karla\"],\"articleSection\":[\"Cases de Sucesso Musical\"],\"inLanguage\":\"pt-BR\"},{\"@type\":\"WebPage\",\"@id\":\"https:\\\/\\\/icomp.com.br\\\/camarim\\\/como-a-cantora-ana-karla-atingiu-o-maior-resultado-da-sua-carreira-investindo-em-marketing-profissional\\\/\",\"url\":\"https:\\\/\\\/icomp.com.br\\\/camarim\\\/como-a-cantora-ana-karla-atingiu-o-maior-resultado-da-sua-carreira-investindo-em-marketing-profissional\\\/\",\"name\":\"Como a cantora Ana Karla atingiu o maior resultado da sua carreira\",\"isPartOf\":{\"@id\":\"https:\\\/\\\/icomp.com.br\\\/camarim\\\/#website\"},\"primaryImageOfPage\":{\"@id\":\"https:\\\/\\\/icomp.com.br\\\/camarim\\\/como-a-cantora-ana-karla-atingiu-o-maior-resultado-da-sua-carreira-investindo-em-marketing-profissional\\\/#primaryimage\"},\"image\":{\"@id\":\"https:\\\/\\\/icomp.com.br\\\/camarim\\\/como-a-cantora-ana-karla-atingiu-o-maior-resultado-da-sua-carreira-investindo-em-marketing-profissional\\\/#primaryimage\"},\"thumbnailUrl\":\"https:\\\/\\\/icomp.com.br\\\/camarim\\\/wp-content\\\/uploads\\\/2022\\\/04\\\/camarim-anakarla.jpg\",\"datePublished\":\"2023-04-20T17:42:54+00:00\",\"dateModified\":\"2025-01-21T20:07:45+00:00\",\"description\":\"Imagine alcan\u00e7ar seus melhores resultados com um lan\u00e7amento autoral investindo apenas R$1.000 reais mensais? Saiba mais no artigo.\",\"breadcrumb\":{\"@id\":\"https:\\\/\\\/icomp.com.br\\\/camarim\\\/como-a-cantora-ana-karla-atingiu-o-maior-resultado-da-sua-carreira-investindo-em-marketing-profissional\\\/#breadcrumb\"},\"inLanguage\":\"pt-BR\",\"potentialAction\":[{\"@type\":\"ReadAction\",\"target\":[\"https:\\\/\\\/icomp.com.br\\\/camarim\\\/como-a-cantora-ana-karla-atingiu-o-maior-resultado-da-sua-carreira-investindo-em-marketing-profissional\\\/\"]}]},{\"@type\":\"ImageObject\",\"inLanguage\":\"pt-BR\",\"@id\":\"https:\\\/\\\/icomp.com.br\\\/camarim\\\/como-a-cantora-ana-karla-atingiu-o-maior-resultado-da-sua-carreira-investindo-em-marketing-profissional\\\/#primaryimage\",\"url\":\"https:\\\/\\\/icomp.com.br\\\/camarim\\\/wp-content\\\/uploads\\\/2022\\\/04\\\/camarim-anakarla.jpg\",\"contentUrl\":\"https:\\\/\\\/icomp.com.br\\\/camarim\\\/wp-content\\\/uploads\\\/2022\\\/04\\\/camarim-anakarla.jpg\",\"width\":1200,\"height\":801},{\"@type\":\"BreadcrumbList\",\"@id\":\"https:\\\/\\\/icomp.com.br\\\/camarim\\\/como-a-cantora-ana-karla-atingiu-o-maior-resultado-da-sua-carreira-investindo-em-marketing-profissional\\\/#breadcrumb\",\"itemListElement\":[{\"@type\":\"ListItem\",\"position\":1,\"name\":\"Home\",\"item\":\"https:\\\/\\\/icomp.com.br\\\/camarim\\\/\"},{\"@type\":\"ListItem\",\"position\":2,\"name\":\"Como a cantora Ana Karla atingiu o maior resultado da sua carreira investindo em marketing profissional\"}]},{\"@type\":\"WebSite\",\"@id\":\"https:\\\/\\\/icomp.com.br\\\/camarim\\\/#website\",\"url\":\"https:\\\/\\\/icomp.com.br\\\/camarim\\\/\",\"name\":\"Marketing Musical com Dhiego Bicudo\",\"description\":\"Conhe\u00e7a as estrat\u00e9gias no marketing musical que uso na Ag\u00eancia ICOMP para transformar cantores, duplas e bandas em artistas reconhecidos\",\"publisher\":{\"@id\":\"https:\\\/\\\/icomp.com.br\\\/camarim\\\/#organization\"},\"potentialAction\":[{\"@type\":\"SearchAction\",\"target\":{\"@type\":\"EntryPoint\",\"urlTemplate\":\"https:\\\/\\\/icomp.com.br\\\/camarim\\\/?s={search_term_string}\"},\"query-input\":{\"@type\":\"PropertyValueSpecification\",\"valueRequired\":true,\"valueName\":\"search_term_string\"}}],\"inLanguage\":\"pt-BR\"},{\"@type\":\"Organization\",\"@id\":\"https:\\\/\\\/icomp.com.br\\\/camarim\\\/#organization\",\"name\":\"Marketing Musical com Dhiego Bicudo\",\"url\":\"https:\\\/\\\/icomp.com.br\\\/camarim\\\/\",\"logo\":{\"@type\":\"ImageObject\",\"inLanguage\":\"pt-BR\",\"@id\":\"https:\\\/\\\/icomp.com.br\\\/camarim\\\/#\\\/schema\\\/logo\\\/image\\\/\",\"url\":\"https:\\\/\\\/icomp.com.br\\\/camarim\\\/wp-content\\\/uploads\\\/2017\\\/10\\\/cropped-icone.png\",\"contentUrl\":\"https:\\\/\\\/icomp.com.br\\\/camarim\\\/wp-content\\\/uploads\\\/2017\\\/10\\\/cropped-icone.png\",\"width\":512,\"height\":512,\"caption\":\"Marketing Musical com Dhiego Bicudo\"},\"image\":{\"@id\":\"https:\\\/\\\/icomp.com.br\\\/camarim\\\/#\\\/schema\\\/logo\\\/image\\\/\"},\"sameAs\":[\"https:\\\/\\\/www.facebook.com\\\/agenciaicomp\",\"https:\\\/\\\/www.instagram.com\\\/dhiegobicudo\",\"https:\\\/\\\/www.linkedin.com\\\/in\\\/dhiegobicudo\",\"https:\\\/\\\/www.youtube.com\\\/@TrilhadoCantor\"]},{\"@type\":\"Person\",\"@id\":\"https:\\\/\\\/icomp.com.br\\\/camarim\\\/#\\\/schema\\\/person\\\/d10a1b1471cde95c3738b4de07287002\",\"name\":\"Dhiego Bicudo\",\"image\":{\"@type\":\"ImageObject\",\"inLanguage\":\"pt-BR\",\"@id\":\"https:\\\/\\\/secure.gravatar.com\\\/avatar\\\/199e5081b46939e9add8e7fc06e802eb2f43ff99423ca0ef09d71f21882a5c49?s=96&d=mm&r=g\",\"url\":\"https:\\\/\\\/secure.gravatar.com\\\/avatar\\\/199e5081b46939e9add8e7fc06e802eb2f43ff99423ca0ef09d71f21882a5c49?s=96&d=mm&r=g\",\"contentUrl\":\"https:\\\/\\\/secure.gravatar.com\\\/avatar\\\/199e5081b46939e9add8e7fc06e802eb2f43ff99423ca0ef09d71f21882a5c49?s=96&d=mm&r=g\",\"caption\":\"Dhiego Bicudo\"},\"description\":\"possui muita experi\u00eancia em estrat\u00e9gias de marketing musical para cantores, duplas e bandas na Ag\u00eancia ICOMP\",\"url\":\"https:\\\/\\\/icomp.com.br\\\/camarim\\\/author\\\/d2ecf63ba8a1943f\\\/\"}]}<\/script>\n<!-- \/ Yoast SEO plugin. -->","yoast_head_json":{"title":"Como a cantora Ana Karla atingiu o maior resultado da sua carreira","description":"Imagine alcan\u00e7ar seus melhores resultados com um lan\u00e7amento autoral investindo apenas R$1.000 reais mensais? Saiba mais no artigo.","robots":{"index":"index","follow":"follow","max-snippet":"max-snippet:-1","max-image-preview":"max-image-preview:large","max-video-preview":"max-video-preview:-1"},"canonical":"https:\/\/icomp.com.br\/camarim\/como-a-cantora-ana-karla-atingiu-o-maior-resultado-da-sua-carreira-investindo-em-marketing-profissional\/","og_locale":"pt_BR","og_type":"article","og_title":"Como a cantora Ana Karla atingiu o maior resultado da sua carreira","og_description":"Imagine alcan\u00e7ar seus melhores resultados com um lan\u00e7amento autoral investindo apenas R$1.000 reais mensais? Saiba mais no artigo.","og_url":"https:\/\/icomp.com.br\/camarim\/como-a-cantora-ana-karla-atingiu-o-maior-resultado-da-sua-carreira-investindo-em-marketing-profissional\/","og_site_name":"Marketing Musical com Dhiego Bicudo","article_publisher":"https:\/\/www.facebook.com\/agenciaicomp","article_published_time":"2023-04-20T17:42:54+00:00","article_modified_time":"2025-01-21T20:07:45+00:00","og_image":[{"width":1200,"height":801,"url":"https:\/\/icomp.com.br\/camarim\/wp-content\/uploads\/2022\/04\/camarim-anakarla.jpg","type":"image\/jpeg"}],"author":"Dhiego Bicudo","twitter_card":"summary_large_image","twitter_misc":{"Escrito por":"Dhiego Bicudo","Est. tempo de leitura":"5 minutos"},"schema":{"@context":"https:\/\/schema.org","@graph":[{"@type":"Article","@id":"https:\/\/icomp.com.br\/camarim\/como-a-cantora-ana-karla-atingiu-o-maior-resultado-da-sua-carreira-investindo-em-marketing-profissional\/#article","isPartOf":{"@id":"https:\/\/icomp.com.br\/camarim\/como-a-cantora-ana-karla-atingiu-o-maior-resultado-da-sua-carreira-investindo-em-marketing-profissional\/"},"author":{"name":"Dhiego Bicudo","@id":"https:\/\/icomp.com.br\/camarim\/#\/schema\/person\/d10a1b1471cde95c3738b4de07287002"},"headline":"Como a cantora Ana Karla atingiu o maior resultado da sua carreira investindo em marketing profissional","datePublished":"2023-04-20T17:42:54+00:00","dateModified":"2025-01-21T20:07:45+00:00","mainEntityOfPage":{"@id":"https:\/\/icomp.com.br\/camarim\/como-a-cantora-ana-karla-atingiu-o-maior-resultado-da-sua-carreira-investindo-em-marketing-profissional\/"},"wordCount":769,"publisher":{"@id":"https:\/\/icomp.com.br\/camarim\/#organization"},"image":{"@id":"https:\/\/icomp.com.br\/camarim\/como-a-cantora-ana-karla-atingiu-o-maior-resultado-da-sua-carreira-investindo-em-marketing-profissional\/#primaryimage"},"thumbnailUrl":"https:\/\/icomp.com.br\/camarim\/wp-content\/uploads\/2022\/04\/camarim-anakarla.jpg","keywords":["cantora Ana Karla"],"articleSection":["Cases de Sucesso Musical"],"inLanguage":"pt-BR"},{"@type":"WebPage","@id":"https:\/\/icomp.com.br\/camarim\/como-a-cantora-ana-karla-atingiu-o-maior-resultado-da-sua-carreira-investindo-em-marketing-profissional\/","url":"https:\/\/icomp.com.br\/camarim\/como-a-cantora-ana-karla-atingiu-o-maior-resultado-da-sua-carreira-investindo-em-marketing-profissional\/","name":"Como a cantora Ana Karla atingiu o maior resultado da sua carreira","isPartOf":{"@id":"https:\/\/icomp.com.br\/camarim\/#website"},"primaryImageOfPage":{"@id":"https:\/\/icomp.com.br\/camarim\/como-a-cantora-ana-karla-atingiu-o-maior-resultado-da-sua-carreira-investindo-em-marketing-profissional\/#primaryimage"},"image":{"@id":"https:\/\/icomp.com.br\/camarim\/como-a-cantora-ana-karla-atingiu-o-maior-resultado-da-sua-carreira-investindo-em-marketing-profissional\/#primaryimage"},"thumbnailUrl":"https:\/\/icomp.com.br\/camarim\/wp-content\/uploads\/2022\/04\/camarim-anakarla.jpg","datePublished":"2023-04-20T17:42:54+00:00","dateModified":"2025-01-21T20:07:45+00:00","description":"Imagine alcan\u00e7ar seus melhores resultados com um lan\u00e7amento autoral investindo apenas R$1.000 reais mensais? Saiba mais no artigo.","breadcrumb":{"@id":"https:\/\/icomp.com.br\/camarim\/como-a-cantora-ana-karla-atingiu-o-maior-resultado-da-sua-carreira-investindo-em-marketing-profissional\/#breadcrumb"},"inLanguage":"pt-BR","potentialAction":[{"@type":"ReadAction","target":["https:\/\/icomp.com.br\/camarim\/como-a-cantora-ana-karla-atingiu-o-maior-resultado-da-sua-carreira-investindo-em-marketing-profissional\/"]}]},{"@type":"ImageObject","inLanguage":"pt-BR","@id":"https:\/\/icomp.com.br\/camarim\/como-a-cantora-ana-karla-atingiu-o-maior-resultado-da-sua-carreira-investindo-em-marketing-profissional\/#primaryimage","url":"https:\/\/icomp.com.br\/camarim\/wp-content\/uploads\/2022\/04\/camarim-anakarla.jpg","contentUrl":"https:\/\/icomp.com.br\/camarim\/wp-content\/uploads\/2022\/04\/camarim-anakarla.jpg","width":1200,"height":801},{"@type":"BreadcrumbList","@id":"https:\/\/icomp.com.br\/camarim\/como-a-cantora-ana-karla-atingiu-o-maior-resultado-da-sua-carreira-investindo-em-marketing-profissional\/#breadcrumb","itemListElement":[{"@type":"ListItem","position":1,"name":"Home","item":"https:\/\/icomp.com.br\/camarim\/"},{"@type":"ListItem","position":2,"name":"Como a cantora Ana Karla atingiu o maior resultado da sua carreira investindo em marketing profissional"}]},{"@type":"WebSite","@id":"https:\/\/icomp.com.br\/camarim\/#website","url":"https:\/\/icomp.com.br\/camarim\/","name":"Marketing Musical com Dhiego Bicudo","description":"Conhe\u00e7a as estrat\u00e9gias no marketing musical que uso na Ag\u00eancia ICOMP para transformar cantores, duplas e bandas em artistas reconhecidos","publisher":{"@id":"https:\/\/icomp.com.br\/camarim\/#organization"},"potentialAction":[{"@type":"SearchAction","target":{"@type":"EntryPoint","urlTemplate":"https:\/\/icomp.com.br\/camarim\/?s={search_term_string}"},"query-input":{"@type":"PropertyValueSpecification","valueRequired":true,"valueName":"search_term_string"}}],"inLanguage":"pt-BR"},{"@type":"Organization","@id":"https:\/\/icomp.com.br\/camarim\/#organization","name":"Marketing Musical com Dhiego Bicudo","url":"https:\/\/icomp.com.br\/camarim\/","logo":{"@type":"ImageObject","inLanguage":"pt-BR","@id":"https:\/\/icomp.com.br\/camarim\/#\/schema\/logo\/image\/","url":"https:\/\/icomp.com.br\/camarim\/wp-content\/uploads\/2017\/10\/cropped-icone.png","contentUrl":"https:\/\/icomp.com.br\/camarim\/wp-content\/uploads\/2017\/10\/cropped-icone.png","width":512,"height":512,"caption":"Marketing Musical com Dhiego Bicudo"},"image":{"@id":"https:\/\/icomp.com.br\/camarim\/#\/schema\/logo\/image\/"},"sameAs":["https:\/\/www.facebook.com\/agenciaicomp","https:\/\/www.instagram.com\/dhiegobicudo","https:\/\/www.linkedin.com\/in\/dhiegobicudo","https:\/\/www.youtube.com\/@TrilhadoCantor"]},{"@type":"Person","@id":"https:\/\/icomp.com.br\/camarim\/#\/schema\/person\/d10a1b1471cde95c3738b4de07287002","name":"Dhiego Bicudo","image":{"@type":"ImageObject","inLanguage":"pt-BR","@id":"https:\/\/secure.gravatar.com\/avatar\/199e5081b46939e9add8e7fc06e802eb2f43ff99423ca0ef09d71f21882a5c49?s=96&d=mm&r=g","url":"https:\/\/secure.gravatar.com\/avatar\/199e5081b46939e9add8e7fc06e802eb2f43ff99423ca0ef09d71f21882a5c49?s=96&d=mm&r=g","contentUrl":"https:\/\/secure.gravatar.com\/avatar\/199e5081b46939e9add8e7fc06e802eb2f43ff99423ca0ef09d71f21882a5c49?s=96&d=mm&r=g","caption":"Dhiego Bicudo"},"description":"possui muita experi\u00eancia em estrat\u00e9gias de marketing musical para cantores, duplas e bandas na Ag\u00eancia ICOMP","url":"https:\/\/icomp.com.br\/camarim\/author\/d2ecf63ba8a1943f\/"}]}},"_links":{"self":[{"href":"https:\/\/icomp.com.br\/camarim\/wp-json\/wp\/v2\/posts\/1232","targetHints":{"allow":["GET"]}}],"collection":[{"href":"https:\/\/icomp.com.br\/camarim\/wp-json\/wp\/v2\/posts"}],"about":[{"href":"https:\/\/icomp.com.br\/camarim\/wp-json\/wp\/v2\/types\/post"}],"author":[{"embeddable":true,"href":"https:\/\/icomp.com.br\/camarim\/wp-json\/wp\/v2\/users\/10"}],"replies":[{"embeddable":true,"href":"https:\/\/icomp.com.br\/camarim\/wp-json\/wp\/v2\/comments?post=1232"}],"version-history":[{"count":0,"href":"https:\/\/icomp.com.br\/camarim\/wp-json\/wp\/v2\/posts\/1232\/revisions"}],"wp:featuredmedia":[{"embeddable":true,"href":"https:\/\/icomp.com.br\/camarim\/wp-json\/wp\/v2\/media\/1235"}],"wp:attachment":[{"href":"https:\/\/icomp.com.br\/camarim\/wp-json\/wp\/v2\/media?parent=1232"}],"wp:term":[{"taxonomy":"category","embeddable":true,"href":"https:\/\/icomp.com.br\/camarim\/wp-json\/wp\/v2\/categories?post=1232"},{"taxonomy":"post_tag","embeddable":true,"href":"https:\/\/icomp.com.br\/camarim\/wp-json\/wp\/v2\/tags?post=1232"}],"curies":[{"name":"wp","href":"https:\/\/api.w.org\/{rel}","templated":true}]}}