{"id":1542,"date":"2025-10-01T09:00:00","date_gmt":"2025-10-01T12:00:00","guid":{"rendered":"https:\/\/icomp.com.br\/camarim\/?p=1542"},"modified":"2025-10-02T17:30:57","modified_gmt":"2025-10-02T20:30:57","slug":"identidade-musical","status":"publish","type":"post","link":"https:\/\/icomp.com.br\/camarim\/identidade-musical\/","title":{"rendered":"Identidade Musical: como construir presen\u00e7a autoral sem vaidade e impacto visual com estrat\u00e9gia"},"content":{"rendered":"\n<p>A constru\u00e7\u00e3o de uma identidade musical s\u00f3lida \u00e9 o que diferencia artistas que marcam gera\u00e7\u00f5es daqueles que apenas lan\u00e7am m\u00fasicas. E quando falamos de <strong>m\u00fasica autoral<\/strong>, o desafio \u00e9 ainda maior \u2014 mas tamb\u00e9m muito mais aut\u00eantico e transformador.<\/p>\n\n\n\n<p>Se voc\u00ea est\u00e1 no in\u00edcio da sua carreira ou passando por uma fase de transi\u00e7\u00e3o, quero abrir o cora\u00e7\u00e3o com voc\u00ea. Mais do que pressa em lan\u00e7ar m\u00fasicas, \u00e9 preciso <strong>estrat\u00e9gia, verdade e prop\u00f3sito<\/strong>.<\/p>\n\n\n\n<h2 class=\"wp-block-heading\"><strong>O primeiro passo: aquecer a audi\u00eancia<\/strong><\/h2>\n\n\n\n<p>Antes de pensar em gravar, lan\u00e7ar ou investir pesado, \u00e9 essencial <strong>aumentar a frequ\u00eancia da sua presen\u00e7a digital<\/strong> na vida das pessoas.<\/p>\n\n\n\n<p>O p\u00fablico precisa perceber que a m\u00fasica n\u00e3o \u00e9 um hobby, mas um projeto constante e profissional na sua vida. Isso se constr\u00f3i com <strong>repert\u00f3rio, rotina e posicionamento<\/strong>.<\/p>\n\n\n\n<p>Comece publicando pequenos trechos, vers\u00f5es ac\u00fasticas, releituras que dialoguem com seu estilo. \u00c9 como esquentar os motores antes da largada. Quem estiver te acompanhando precisa sentir que algo est\u00e1 sendo planejado, ensaiado \u2014 e isso s\u00f3 acontece com const\u00e2ncia.<\/p>\n\n\n\n<h2 class=\"wp-block-heading\"><strong>O passo adiante: explore a trilha do cantor<\/strong><\/h2>\n\n\n\n<p>Aqui na ag\u00eancia, costumo chamar esse processo de <a href=\"https:\/\/conteudo.icomp.com.br\/cantor-profissional\"><strong>trilha do cantor<\/strong>.<\/a> Trata-se de um caminho com etapas claras para construir aquilo que \u00e9 mais importante no in\u00edcio da carreira: <strong>a audi\u00eancia<\/strong>.<\/p>\n\n\n\n<p>Esse aquecimento come\u00e7a com sinais vis\u00edveis:<\/p>\n\n\n\n<ul class=\"wp-block-list\">\n<li>Postura diante das c\u00e2meras<br><\/li>\n\n\n\n<li>Cen\u00e1rios mais organizados<br><\/li>\n\n\n\n<li>V\u00eddeos mais consistentes<br><\/li>\n\n\n\n<li>\u00c1udios com mais qualidade<br><\/li>\n\n\n\n<li>Preparo e escolha de figurinos<br><\/li>\n\n\n\n<li>At\u00e9 a constru\u00e7\u00e3o da identidade visual, <em>incluindo seu logotipo art\u00edstico<\/em><\/li>\n<\/ul>\n\n\n\n<p>Esses elementos, quando aparecem nas publica\u00e7\u00f5es ou at\u00e9 em camisetas, bon\u00e9s e outros s\u00edmbolos, refor\u00e7am o impacto visual com quem acompanha sua jornada.<\/p>\n\n\n\n<p>Este \u00e9 o <em>Tarc\u00edsio Doce Sedu\u00e7\u00e3o<\/em> com sua imagem e logotipo <strong>antes<\/strong> <\/p>\n\n\n\n<figure class=\"wp-block-image size-large is-resized\"><img loading=\"lazy\" decoding=\"async\" width=\"958\" height=\"1024\" src=\"https:\/\/icomp.com.br\/camarim\/wp-content\/uploads\/2025\/09\/image-1-1-958x1024.jpg\" alt=\"\" class=\"wp-image-1547\" style=\"width:320px\" srcset=\"https:\/\/icomp.com.br\/camarim\/wp-content\/uploads\/2025\/09\/image-1-1-958x1024.jpg 958w, https:\/\/icomp.com.br\/camarim\/wp-content\/uploads\/2025\/09\/image-1-1-281x300.jpg 281w, https:\/\/icomp.com.br\/camarim\/wp-content\/uploads\/2025\/09\/image-1-1-768x821.jpg 768w, https:\/\/icomp.com.br\/camarim\/wp-content\/uploads\/2025\/09\/image-1-1.jpg 1423w\" sizes=\"auto, (max-width: 958px) 100vw, 958px\" \/><\/figure>\n\n\n\n<p><strong>Depois<\/strong> que fizemos sua nova identidade e logotipo do <em>Tarc\u00edsio Doce Sedu\u00e7\u00e3o<\/em><\/p>\n\n\n\n<figure class=\"wp-block-image size-full is-resized\"><img loading=\"lazy\" decoding=\"async\" width=\"1600\" height=\"900\" src=\"https:\/\/icomp.com.br\/camarim\/wp-content\/uploads\/2025\/09\/image-3.jpg\" alt=\"\" class=\"wp-image-1546\" style=\"width:600px\" srcset=\"https:\/\/icomp.com.br\/camarim\/wp-content\/uploads\/2025\/09\/image-3.jpg 1600w, https:\/\/icomp.com.br\/camarim\/wp-content\/uploads\/2025\/09\/image-3-300x169.jpg 300w, https:\/\/icomp.com.br\/camarim\/wp-content\/uploads\/2025\/09\/image-3-1024x576.jpg 1024w, https:\/\/icomp.com.br\/camarim\/wp-content\/uploads\/2025\/09\/image-3-768x432.jpg 768w, https:\/\/icomp.com.br\/camarim\/wp-content\/uploads\/2025\/09\/image-3-1536x864.jpg 1536w, https:\/\/icomp.com.br\/camarim\/wp-content\/uploads\/2025\/09\/image-3-800x450.jpg 800w\" sizes=\"auto, (max-width: 1600px) 100vw, 1600px\" \/><figcaption class=\"wp-element-caption\">Nosso artista sergipano no arrocha Tarc\u00edsio Doce Sedu\u00e7\u00e3o <a href=\"https:\/\/instagram.com\/tarcisiodoceseducao\" target=\"_blank\" rel=\"noreferrer noopener\">https:\/\/instagram.com\/tarcisiodoceseducao<\/a><\/figcaption><\/figure>\n\n\n\n<h2 class=\"wp-block-heading\"><strong>A estrat\u00e9gia da mistura: repert\u00f3rio + autoral<\/strong><\/h2>\n\n\n\n<p>No in\u00edcio, lan\u00e7ar apenas m\u00fasicas pr\u00f3prias pode gerar resist\u00eancia. Por isso, recomendo uma estrat\u00e9gia que chamo de \u201ccebola na salada de frutas\u201d ou seja, escolha <strong>m\u00fasicas conhecidas<\/strong> que v\u00e3o fazer parte de seu repert\u00f3rio e adicione <strong>trechos autorais<\/strong> das suas m\u00fasicas entre elas.<\/p>\n\n\n\n<figure class=\"wp-block-image size-full is-resized\"><img loading=\"lazy\" decoding=\"async\" width=\"941\" height=\"831\" src=\"https:\/\/icomp.com.br\/camarim\/wp-content\/uploads\/2025\/09\/image-1.jpg\" alt=\"\" class=\"wp-image-1544\" style=\"width:581px;height:auto\" srcset=\"https:\/\/icomp.com.br\/camarim\/wp-content\/uploads\/2025\/09\/image-1.jpg 941w, https:\/\/icomp.com.br\/camarim\/wp-content\/uploads\/2025\/09\/image-1-300x265.jpg 300w, https:\/\/icomp.com.br\/camarim\/wp-content\/uploads\/2025\/09\/image-1-768x678.jpg 768w\" sizes=\"auto, (max-width: 941px) 100vw, 941px\" \/><figcaption class=\"wp-element-caption\">Esse \u00e9 o cantor curitibano de pop rock autoral <strong>Tiago Win<\/strong> <a href=\"https:\/\/instagram.com\/tiagowin\" target=\"_blank\" rel=\"noreferrer noopener\">https:\/\/instagram.com\/tiagowin<\/a><\/figcaption><\/figure>\n\n\n\n<p>Cantar uma can\u00e7\u00e3o que muitos j\u00e1 conhecem vai abrir espa\u00e7o para a sua voz ser descoberta. E, dentro desse repert\u00f3rio familiar, voc\u00ea vai adicionar refr\u00f5es, estrofes ou pontes de suas obras autorais.<\/p>\n\n\n\n<p>Essa mescla quebra o gelo e, ao mesmo tempo, introduz sua <strong>autenticidade<\/strong>. O p\u00fablico passa a perceber sua identidade de forma natural, sem for\u00e7ar nada.<\/p>\n\n\n\n<h2 class=\"wp-block-heading\"><strong>Produ\u00e7\u00e3o autoral com ess\u00eancia (e sem vaidade)<\/strong><\/h2>\n\n\n\n<p>Quando chegar o momento de gravar, n\u00e3o se trata de sair produzindo tudo de uma vez, nem de gastar al\u00e9m do necess\u00e1rio. O mais importante \u00e9 encontrar um <strong>produtor que entenda sua ess\u00eancia e equilibre seu projeto entre a produ\u00e7\u00e3o e a proje\u00e7\u00e3o que precisamos seguir<\/strong>.<\/p>\n\n\n\n<figure class=\"wp-block-image size-full is-resized\"><img loading=\"lazy\" decoding=\"async\" width=\"938\" height=\"416\" src=\"https:\/\/icomp.com.br\/camarim\/wp-content\/uploads\/2025\/09\/image.jpg\" alt=\"\" class=\"wp-image-1543\" style=\"width:720px\" srcset=\"https:\/\/icomp.com.br\/camarim\/wp-content\/uploads\/2025\/09\/image.jpg 938w, https:\/\/icomp.com.br\/camarim\/wp-content\/uploads\/2025\/09\/image-300x133.jpg 300w, https:\/\/icomp.com.br\/camarim\/wp-content\/uploads\/2025\/09\/image-768x341.jpg 768w\" sizes=\"auto, (max-width: 938px) 100vw, 938px\" \/><figcaption class=\"wp-element-caption\">Esse \u00e9 o <strong>Produtor William Santos<\/strong>, conhe\u00e7a seu portfolio no site <a href=\"https:\/\/williamsantos.art.br\" target=\"_blank\" rel=\"noreferrer noopener\">https:\/\/williamsantos.art.br<\/a><\/figcaption><\/figure>\n\n\n\n<p>A boa produ\u00e7\u00e3o respeita sua base criativa, seja no viol\u00e3o ou no piano, e amplia isso com arranjos que agregam sem descaracterizar. Produzir m\u00fasica n\u00e3o \u00e9 corrida, nem vitrine de vaidade. \u00c9 parceria criativa.<\/p>\n\n\n\n<h2 class=\"wp-block-heading\"><strong>Menos \u00e9 mais: estrat\u00e9gia de lan\u00e7amentos<\/strong><\/h2>\n\n\n\n<p>Ao inv\u00e9s de lan\u00e7ar um \u00e1lbum inteiro logo de cara, construa um <strong>planejamento anual estrat\u00e9gico<\/strong>, com <a href=\"https:\/\/icomp.com.br\/camarim\/categoria\/lancamento-musical\/\">lan\u00e7amentos<\/a> pontuais que te permitam mensurar e crescer.<\/p>\n\n\n\n<p>Sugest\u00e3o simples e poderosa:<\/p>\n\n\n\n<ul class=\"wp-block-list\">\n<li>4 m\u00fasicas autorais lan\u00e7adas ao longo de 1 ano<br><\/li>\n\n\n\n<li>Cada m\u00fasica trabalhada durante 3 meses<br><\/li>\n\n\n\n<li>Campanhas espec\u00edficas, clipes, conte\u00fados para m\u00eddias sociais e apresenta\u00e7\u00f5es ao vivo<br><\/li>\n\n\n\n<li>An\u00e1lise de resultados para ajustar a rota<br><\/li>\n<\/ul>\n\n\n\n<p>Esse modelo te d\u00e1 rotina, fortalece sua identidade e te ajuda a crescer com consist\u00eancia.<\/p>\n\n\n\n<p>Voc\u00ea n\u00e3o precisa de um \u00e1lbum para come\u00e7ar. <strong>Voc\u00ea precisa de presen\u00e7a.<\/strong><\/p>\n\n\n\n<h2 class=\"wp-block-heading\"><strong>M\u00e9tricas importam (mas n\u00e3o s\u00e3o tudo)<\/strong><\/h2>\n\n\n\n<p>\u00c9 essencial medir alcance, engajamento, reten\u00e7\u00e3o, feedbacks. Mas cuidado: os n\u00fameros n\u00e3o podem aprisionar o projeto. Eles s\u00e3o a b\u00fassola.<\/p>\n\n\n\n<p>A verdadeira identidade musical se constr\u00f3i com <strong>inten\u00e7\u00e3o, n\u00e3o com compara\u00e7\u00f5es<\/strong>. Cada lan\u00e7amento \u00e9 um movimento adiante. Cada feedback, um term\u00f4metro. Cada aprendizado, um degrau na sua jornada.<\/p>\n\n\n\n<h2 class=\"wp-block-heading\"><strong>O lan\u00e7amento: do esquenta \u00e0 conex\u00e3o real<\/strong><\/h2>\n\n\n\n<p>Quando sua audi\u00eancia j\u00e1 foi aquecida, chega o momento do <strong>pr\u00e9-lan\u00e7amento<\/strong> \u2014 o esquenta. \u00c9 aqui que voc\u00ea come\u00e7a a dizer:<\/p>\n\n\n\n<p>\u201cVoc\u00ea j\u00e1 ouviu um pouco do meu repert\u00f3rio. Agora vem o meu pr\u00f3ximo (ou primeiro) lan\u00e7amento. Dia tal, hor\u00e1rio tal.\u201d O famoso \u201cSave The Date\u201d .&nbsp;<\/p>\n\n\n\n<figure class=\"wp-block-image size-full is-resized\"><img loading=\"lazy\" decoding=\"async\" width=\"938\" height=\"831\" src=\"https:\/\/icomp.com.br\/camarim\/wp-content\/uploads\/2025\/09\/image-2.jpg\" alt=\"\" class=\"wp-image-1545\" style=\"width:600px;height:auto\" srcset=\"https:\/\/icomp.com.br\/camarim\/wp-content\/uploads\/2025\/09\/image-2.jpg 938w, https:\/\/icomp.com.br\/camarim\/wp-content\/uploads\/2025\/09\/image-2-300x266.jpg 300w, https:\/\/icomp.com.br\/camarim\/wp-content\/uploads\/2025\/09\/image-2-768x680.jpg 768w\" sizes=\"auto, (max-width: 938px) 100vw, 938px\" \/><figcaption class=\"wp-element-caption\">Conhe\u00e7a o que fizemos para a dupla sertaneja <strong>Cesinha e Matheus<\/strong> <a href=\"https:\/\/instagram.com\/cesinhaematheus\" target=\"_blank\" rel=\"noreferrer noopener\">https:\/\/instagram.com\/cesinhaematheus<\/a><\/figcaption><\/figure>\n\n\n\n<p>Essa fase transforma curiosidade em <strong>expectativa real<\/strong>. E quando o lan\u00e7amento acontece, ele j\u00e1 n\u00e3o \u00e9 apenas uma m\u00fasica solta. Ele \u00e9 o resultado de uma caminhada planejada, que gera conex\u00e3o verdadeira com o p\u00fablico.<\/p>\n\n\n\n<h2 class=\"wp-block-heading\"><strong>O que realmente constr\u00f3i sua identidade musical<\/strong><\/h2>\n\n\n\n<ul class=\"wp-block-list\">\n<li><strong>Verdade:<\/strong> sua ess\u00eancia precisa estar em cada nota<br><\/li>\n\n\n\n<li><strong>Planejamento:<\/strong> lan\u00e7ar sem estrat\u00e9gia \u00e9 desperdi\u00e7ar esfor\u00e7o<br><\/li>\n\n\n\n<li><strong>Rotinas:<\/strong> cante, grave, publique e compartilhe \u2014 mostre sua vida art\u00edstica<br><\/li>\n\n\n\n<li><strong>Relacionamento:<\/strong> responda, ou\u00e7a, troque. Artista bom escuta tamb\u00e9m<br><\/li>\n\n\n\n<li><strong>Const\u00e2ncia:<\/strong> mais do que talento, \u00e9 presen\u00e7a que marca<br><\/li>\n<\/ul>\n\n\n\n<h2 class=\"wp-block-heading\"><strong>Por fim, tenha ra\u00edzes antes de frutos<\/strong><\/h2>\n\n\n\n<p>N\u00e3o existe atalho para uma identidade musical s\u00f3lida.O caminho envolve sinais consistentes, produ\u00e7\u00e3o estrat\u00e9gica, planejamento e, principalmente a <strong>const\u00e2ncia com autenticidade<\/strong>.<\/p>\n\n\n\n<p>Um passo de cada vez. Sem ansiedade, mas com clareza de onde voc\u00ea quer chegar. A sua m\u00fasica autoral tem valor. Mas, para ser percebida, precisa ser apresentada no tempo certo, da forma certa, para as pessoas certas.&nbsp;<\/p>\n\n\n\n<p>E se precisar de algu\u00e9m pra te acompanhar nesse processo, aqui do lado de c\u00e1 tem algu\u00e9m com 20 anos de estrada e cora\u00e7\u00e3o bem aberto para caminhar com voc\u00ea.<\/p>\n","protected":false},"excerpt":{"rendered":"<p>A constru\u00e7\u00e3o de uma identidade musical s\u00f3lida \u00e9 o que diferencia artistas que marcam gera\u00e7\u00f5es daqueles que apenas lan\u00e7am m\u00fasicas. E quando falamos de m\u00fasica autoral, o desafio \u00e9 ainda maior \u2014 mas tamb\u00e9m muito mais aut\u00eantico e transformador. Se voc\u00ea est\u00e1 no in\u00edcio da sua carreira ou passando por uma fase de transi\u00e7\u00e3o, quero [&hellip;]<\/p>\n","protected":false},"author":10,"featured_media":1550,"comment_status":"open","ping_status":"closed","sticky":false,"template":"","format":"standard","meta":{"ocean_post_layout":"","ocean_both_sidebars_style":"","ocean_both_sidebars_content_width":0,"ocean_both_sidebars_sidebars_width":0,"ocean_sidebar":"","ocean_second_sidebar":"","ocean_disable_margins":"enable","ocean_add_body_class":"","ocean_shortcode_before_top_bar":"","ocean_shortcode_after_top_bar":"","ocean_shortcode_before_header":"","ocean_shortcode_after_header":"","ocean_has_shortcode":"","ocean_shortcode_after_title":"","ocean_shortcode_before_footer_widgets":"","ocean_shortcode_after_footer_widgets":"","ocean_shortcode_before_footer_bottom":"","ocean_shortcode_after_footer_bottom":"","ocean_display_top_bar":"default","ocean_display_header":"default","ocean_header_style":"","ocean_center_header_left_menu":"","ocean_custom_header_template":"","ocean_custom_logo":0,"ocean_custom_retina_logo":0,"ocean_custom_logo_max_width":0,"ocean_custom_logo_tablet_max_width":0,"ocean_custom_logo_mobile_max_width":0,"ocean_custom_logo_max_height":0,"ocean_custom_logo_tablet_max_height":0,"ocean_custom_logo_mobile_max_height":0,"ocean_header_custom_menu":"","ocean_menu_typo_font_family":"","ocean_menu_typo_font_subset":"","ocean_menu_typo_font_size":0,"ocean_menu_typo_font_size_tablet":0,"ocean_menu_typo_font_size_mobile":0,"ocean_menu_typo_font_size_unit":"px","ocean_menu_typo_font_weight":"","ocean_menu_typo_font_weight_tablet":"","ocean_menu_typo_font_weight_mobile":"","ocean_menu_typo_transform":"","ocean_menu_typo_transform_tablet":"","ocean_menu_typo_transform_mobile":"","ocean_menu_typo_line_height":0,"ocean_menu_typo_line_height_tablet":0,"ocean_menu_typo_line_height_mobile":0,"ocean_menu_typo_line_height_unit":"","ocean_menu_typo_spacing":0,"ocean_menu_typo_spacing_tablet":0,"ocean_menu_typo_spacing_mobile":0,"ocean_menu_typo_spacing_unit":"","ocean_menu_link_color":"","ocean_menu_link_color_hover":"","ocean_menu_link_color_active":"","ocean_menu_link_background":"","ocean_menu_link_hover_background":"","ocean_menu_link_active_background":"","ocean_menu_social_links_bg":"","ocean_menu_social_hover_links_bg":"","ocean_menu_social_links_color":"","ocean_menu_social_hover_links_color":"","ocean_disable_title":"default","ocean_disable_heading":"default","ocean_post_title":"","ocean_post_subheading":"","ocean_post_title_style":"","ocean_post_title_background_color":"","ocean_post_title_background":0,"ocean_post_title_bg_image_position":"","ocean_post_title_bg_image_attachment":"","ocean_post_title_bg_image_repeat":"","ocean_post_title_bg_image_size":"","ocean_post_title_height":0,"ocean_post_title_bg_overlay":0.5,"ocean_post_title_bg_overlay_color":"","ocean_disable_breadcrumbs":"default","ocean_breadcrumbs_color":"","ocean_breadcrumbs_separator_color":"","ocean_breadcrumbs_links_color":"","ocean_breadcrumbs_links_hover_color":"","ocean_display_footer_widgets":"default","ocean_display_footer_bottom":"default","ocean_custom_footer_template":"","ocean_post_oembed":"","ocean_post_self_hosted_media":"","ocean_post_video_embed":"","ocean_link_format":"","ocean_link_format_target":"self","ocean_quote_format":"","ocean_quote_format_link":"post","ocean_gallery_link_images":"on","ocean_gallery_id":[],"footnotes":""},"categories":[105],"tags":[33,119,49],"class_list":["post-1542","post","type-post","status-publish","format-standard","has-post-thumbnail","hentry","category-lancamento-musical","tag-divulgacao-musical","tag-identidade-musical","tag-marketing-digital-para-artistas","entry","has-media"],"yoast_head":"<!-- This site is optimized with the Yoast SEO plugin v27.4 - https:\/\/yoast.com\/product\/yoast-seo-wordpress\/ -->\n<title>Identidade Musical: como construir presen\u00e7a autoral sem vaidade<\/title>\n<meta name=\"description\" content=\"Como construir sua identidade musical com foco em m\u00fasica autoral, de forma estrat\u00e9gica, verdadeira e sem pressa.\" \/>\n<meta name=\"robots\" content=\"index, follow, max-snippet:-1, max-image-preview:large, max-video-preview:-1\" \/>\n<link rel=\"canonical\" href=\"https:\/\/icomp.com.br\/camarim\/identidade-musical\/\" \/>\n<meta property=\"og:locale\" content=\"pt_BR\" \/>\n<meta property=\"og:type\" content=\"article\" \/>\n<meta property=\"og:title\" content=\"Identidade Musical: como construir presen\u00e7a autoral sem vaidade\" \/>\n<meta property=\"og:description\" content=\"Como construir sua identidade musical com foco em m\u00fasica autoral, de forma estrat\u00e9gica, verdadeira e sem pressa.\" \/>\n<meta property=\"og:url\" content=\"https:\/\/icomp.com.br\/camarim\/identidade-musical\/\" \/>\n<meta property=\"og:site_name\" content=\"Marketing Musical com Dhiego Bicudo\" \/>\n<meta property=\"article:publisher\" content=\"https:\/\/www.facebook.com\/agenciaicomp\" \/>\n<meta property=\"article:published_time\" content=\"2025-10-01T12:00:00+00:00\" \/>\n<meta property=\"article:modified_time\" content=\"2025-10-02T20:30:57+00:00\" \/>\n<meta property=\"og:image\" content=\"https:\/\/icomp.com.br\/camarim\/wp-content\/uploads\/2025\/09\/camarim-identidademusical.jpg\" \/>\n\t<meta property=\"og:image:width\" content=\"1920\" \/>\n\t<meta property=\"og:image:height\" content=\"1281\" \/>\n\t<meta property=\"og:image:type\" content=\"image\/jpeg\" \/>\n<meta name=\"author\" content=\"Dhiego Bicudo\" \/>\n<meta name=\"twitter:card\" content=\"summary_large_image\" \/>\n<meta name=\"twitter:label1\" content=\"Escrito por\" \/>\n\t<meta name=\"twitter:data1\" content=\"Dhiego Bicudo\" \/>\n\t<meta name=\"twitter:label2\" content=\"Est. tempo de leitura\" \/>\n\t<meta name=\"twitter:data2\" content=\"7 minutos\" \/>\n<script type=\"application\/ld+json\" class=\"yoast-schema-graph\">{\"@context\":\"https:\\\/\\\/schema.org\",\"@graph\":[{\"@type\":\"Article\",\"@id\":\"https:\\\/\\\/icomp.com.br\\\/camarim\\\/identidade-musical\\\/#article\",\"isPartOf\":{\"@id\":\"https:\\\/\\\/icomp.com.br\\\/camarim\\\/identidade-musical\\\/\"},\"author\":{\"name\":\"Dhiego Bicudo\",\"@id\":\"https:\\\/\\\/icomp.com.br\\\/camarim\\\/#\\\/schema\\\/person\\\/d10a1b1471cde95c3738b4de07287002\"},\"headline\":\"Identidade Musical: como construir presen\u00e7a autoral sem vaidade e impacto visual com estrat\u00e9gia\",\"datePublished\":\"2025-10-01T12:00:00+00:00\",\"dateModified\":\"2025-10-02T20:30:57+00:00\",\"mainEntityOfPage\":{\"@id\":\"https:\\\/\\\/icomp.com.br\\\/camarim\\\/identidade-musical\\\/\"},\"wordCount\":1057,\"commentCount\":0,\"publisher\":{\"@id\":\"https:\\\/\\\/icomp.com.br\\\/camarim\\\/#organization\"},\"image\":{\"@id\":\"https:\\\/\\\/icomp.com.br\\\/camarim\\\/identidade-musical\\\/#primaryimage\"},\"thumbnailUrl\":\"https:\\\/\\\/icomp.com.br\\\/camarim\\\/wp-content\\\/uploads\\\/2025\\\/09\\\/camarim-identidademusical.jpg\",\"keywords\":[\"divulga\u00e7\u00e3o musical\",\"Identidade Musical\",\"marketing digital para artistas\"],\"articleSection\":[\"Lan\u00e7amento Musical\"],\"inLanguage\":\"pt-BR\",\"potentialAction\":[{\"@type\":\"CommentAction\",\"name\":\"Comment\",\"target\":[\"https:\\\/\\\/icomp.com.br\\\/camarim\\\/identidade-musical\\\/#respond\"]}]},{\"@type\":\"WebPage\",\"@id\":\"https:\\\/\\\/icomp.com.br\\\/camarim\\\/identidade-musical\\\/\",\"url\":\"https:\\\/\\\/icomp.com.br\\\/camarim\\\/identidade-musical\\\/\",\"name\":\"Identidade Musical: como construir presen\u00e7a autoral sem vaidade\",\"isPartOf\":{\"@id\":\"https:\\\/\\\/icomp.com.br\\\/camarim\\\/#website\"},\"primaryImageOfPage\":{\"@id\":\"https:\\\/\\\/icomp.com.br\\\/camarim\\\/identidade-musical\\\/#primaryimage\"},\"image\":{\"@id\":\"https:\\\/\\\/icomp.com.br\\\/camarim\\\/identidade-musical\\\/#primaryimage\"},\"thumbnailUrl\":\"https:\\\/\\\/icomp.com.br\\\/camarim\\\/wp-content\\\/uploads\\\/2025\\\/09\\\/camarim-identidademusical.jpg\",\"datePublished\":\"2025-10-01T12:00:00+00:00\",\"dateModified\":\"2025-10-02T20:30:57+00:00\",\"description\":\"Como construir sua identidade musical com foco em m\u00fasica autoral, de forma estrat\u00e9gica, verdadeira e sem pressa.\",\"breadcrumb\":{\"@id\":\"https:\\\/\\\/icomp.com.br\\\/camarim\\\/identidade-musical\\\/#breadcrumb\"},\"inLanguage\":\"pt-BR\",\"potentialAction\":[{\"@type\":\"ReadAction\",\"target\":[\"https:\\\/\\\/icomp.com.br\\\/camarim\\\/identidade-musical\\\/\"]}]},{\"@type\":\"ImageObject\",\"inLanguage\":\"pt-BR\",\"@id\":\"https:\\\/\\\/icomp.com.br\\\/camarim\\\/identidade-musical\\\/#primaryimage\",\"url\":\"https:\\\/\\\/icomp.com.br\\\/camarim\\\/wp-content\\\/uploads\\\/2025\\\/09\\\/camarim-identidademusical.jpg\",\"contentUrl\":\"https:\\\/\\\/icomp.com.br\\\/camarim\\\/wp-content\\\/uploads\\\/2025\\\/09\\\/camarim-identidademusical.jpg\",\"width\":1920,\"height\":1281,\"caption\":\"Identidade Musical\"},{\"@type\":\"BreadcrumbList\",\"@id\":\"https:\\\/\\\/icomp.com.br\\\/camarim\\\/identidade-musical\\\/#breadcrumb\",\"itemListElement\":[{\"@type\":\"ListItem\",\"position\":1,\"name\":\"Home\",\"item\":\"https:\\\/\\\/icomp.com.br\\\/camarim\\\/\"},{\"@type\":\"ListItem\",\"position\":2,\"name\":\"Identidade Musical: como construir presen\u00e7a autoral sem vaidade e impacto visual com estrat\u00e9gia\"}]},{\"@type\":\"WebSite\",\"@id\":\"https:\\\/\\\/icomp.com.br\\\/camarim\\\/#website\",\"url\":\"https:\\\/\\\/icomp.com.br\\\/camarim\\\/\",\"name\":\"Marketing Musical com Dhiego Bicudo\",\"description\":\"Conhe\u00e7a as estrat\u00e9gias no marketing musical que uso na Ag\u00eancia ICOMP para transformar cantores, duplas e bandas em artistas reconhecidos\",\"publisher\":{\"@id\":\"https:\\\/\\\/icomp.com.br\\\/camarim\\\/#organization\"},\"potentialAction\":[{\"@type\":\"SearchAction\",\"target\":{\"@type\":\"EntryPoint\",\"urlTemplate\":\"https:\\\/\\\/icomp.com.br\\\/camarim\\\/?s={search_term_string}\"},\"query-input\":{\"@type\":\"PropertyValueSpecification\",\"valueRequired\":true,\"valueName\":\"search_term_string\"}}],\"inLanguage\":\"pt-BR\"},{\"@type\":\"Organization\",\"@id\":\"https:\\\/\\\/icomp.com.br\\\/camarim\\\/#organization\",\"name\":\"Marketing Musical com Dhiego Bicudo\",\"url\":\"https:\\\/\\\/icomp.com.br\\\/camarim\\\/\",\"logo\":{\"@type\":\"ImageObject\",\"inLanguage\":\"pt-BR\",\"@id\":\"https:\\\/\\\/icomp.com.br\\\/camarim\\\/#\\\/schema\\\/logo\\\/image\\\/\",\"url\":\"https:\\\/\\\/icomp.com.br\\\/camarim\\\/wp-content\\\/uploads\\\/2017\\\/10\\\/cropped-icone.png\",\"contentUrl\":\"https:\\\/\\\/icomp.com.br\\\/camarim\\\/wp-content\\\/uploads\\\/2017\\\/10\\\/cropped-icone.png\",\"width\":512,\"height\":512,\"caption\":\"Marketing Musical com Dhiego Bicudo\"},\"image\":{\"@id\":\"https:\\\/\\\/icomp.com.br\\\/camarim\\\/#\\\/schema\\\/logo\\\/image\\\/\"},\"sameAs\":[\"https:\\\/\\\/www.facebook.com\\\/agenciaicomp\",\"https:\\\/\\\/www.instagram.com\\\/dhiegobicudo\",\"https:\\\/\\\/www.linkedin.com\\\/in\\\/dhiegobicudo\",\"https:\\\/\\\/www.youtube.com\\\/@TrilhadoCantor\"]},{\"@type\":\"Person\",\"@id\":\"https:\\\/\\\/icomp.com.br\\\/camarim\\\/#\\\/schema\\\/person\\\/d10a1b1471cde95c3738b4de07287002\",\"name\":\"Dhiego Bicudo\",\"image\":{\"@type\":\"ImageObject\",\"inLanguage\":\"pt-BR\",\"@id\":\"https:\\\/\\\/secure.gravatar.com\\\/avatar\\\/199e5081b46939e9add8e7fc06e802eb2f43ff99423ca0ef09d71f21882a5c49?s=96&d=mm&r=g\",\"url\":\"https:\\\/\\\/secure.gravatar.com\\\/avatar\\\/199e5081b46939e9add8e7fc06e802eb2f43ff99423ca0ef09d71f21882a5c49?s=96&d=mm&r=g\",\"contentUrl\":\"https:\\\/\\\/secure.gravatar.com\\\/avatar\\\/199e5081b46939e9add8e7fc06e802eb2f43ff99423ca0ef09d71f21882a5c49?s=96&d=mm&r=g\",\"caption\":\"Dhiego Bicudo\"},\"description\":\"possui muita experi\u00eancia em estrat\u00e9gias de marketing musical para cantores, duplas e bandas na Ag\u00eancia ICOMP\",\"url\":\"https:\\\/\\\/icomp.com.br\\\/camarim\\\/author\\\/d2ecf63ba8a1943f\\\/\"}]}<\/script>\n<!-- \/ Yoast SEO plugin. -->","yoast_head_json":{"title":"Identidade Musical: como construir presen\u00e7a autoral sem vaidade","description":"Como construir sua identidade musical com foco em m\u00fasica autoral, de forma estrat\u00e9gica, verdadeira e sem pressa.","robots":{"index":"index","follow":"follow","max-snippet":"max-snippet:-1","max-image-preview":"max-image-preview:large","max-video-preview":"max-video-preview:-1"},"canonical":"https:\/\/icomp.com.br\/camarim\/identidade-musical\/","og_locale":"pt_BR","og_type":"article","og_title":"Identidade Musical: como construir presen\u00e7a autoral sem vaidade","og_description":"Como construir sua identidade musical com foco em m\u00fasica autoral, de forma estrat\u00e9gica, verdadeira e sem pressa.","og_url":"https:\/\/icomp.com.br\/camarim\/identidade-musical\/","og_site_name":"Marketing Musical com Dhiego Bicudo","article_publisher":"https:\/\/www.facebook.com\/agenciaicomp","article_published_time":"2025-10-01T12:00:00+00:00","article_modified_time":"2025-10-02T20:30:57+00:00","og_image":[{"width":1920,"height":1281,"url":"https:\/\/icomp.com.br\/camarim\/wp-content\/uploads\/2025\/09\/camarim-identidademusical.jpg","type":"image\/jpeg"}],"author":"Dhiego Bicudo","twitter_card":"summary_large_image","twitter_misc":{"Escrito por":"Dhiego Bicudo","Est. tempo de leitura":"7 minutos"},"schema":{"@context":"https:\/\/schema.org","@graph":[{"@type":"Article","@id":"https:\/\/icomp.com.br\/camarim\/identidade-musical\/#article","isPartOf":{"@id":"https:\/\/icomp.com.br\/camarim\/identidade-musical\/"},"author":{"name":"Dhiego Bicudo","@id":"https:\/\/icomp.com.br\/camarim\/#\/schema\/person\/d10a1b1471cde95c3738b4de07287002"},"headline":"Identidade Musical: como construir presen\u00e7a autoral sem vaidade e impacto visual com estrat\u00e9gia","datePublished":"2025-10-01T12:00:00+00:00","dateModified":"2025-10-02T20:30:57+00:00","mainEntityOfPage":{"@id":"https:\/\/icomp.com.br\/camarim\/identidade-musical\/"},"wordCount":1057,"commentCount":0,"publisher":{"@id":"https:\/\/icomp.com.br\/camarim\/#organization"},"image":{"@id":"https:\/\/icomp.com.br\/camarim\/identidade-musical\/#primaryimage"},"thumbnailUrl":"https:\/\/icomp.com.br\/camarim\/wp-content\/uploads\/2025\/09\/camarim-identidademusical.jpg","keywords":["divulga\u00e7\u00e3o musical","Identidade Musical","marketing digital para artistas"],"articleSection":["Lan\u00e7amento Musical"],"inLanguage":"pt-BR","potentialAction":[{"@type":"CommentAction","name":"Comment","target":["https:\/\/icomp.com.br\/camarim\/identidade-musical\/#respond"]}]},{"@type":"WebPage","@id":"https:\/\/icomp.com.br\/camarim\/identidade-musical\/","url":"https:\/\/icomp.com.br\/camarim\/identidade-musical\/","name":"Identidade Musical: como construir presen\u00e7a autoral sem vaidade","isPartOf":{"@id":"https:\/\/icomp.com.br\/camarim\/#website"},"primaryImageOfPage":{"@id":"https:\/\/icomp.com.br\/camarim\/identidade-musical\/#primaryimage"},"image":{"@id":"https:\/\/icomp.com.br\/camarim\/identidade-musical\/#primaryimage"},"thumbnailUrl":"https:\/\/icomp.com.br\/camarim\/wp-content\/uploads\/2025\/09\/camarim-identidademusical.jpg","datePublished":"2025-10-01T12:00:00+00:00","dateModified":"2025-10-02T20:30:57+00:00","description":"Como construir sua identidade musical com foco em m\u00fasica autoral, de forma estrat\u00e9gica, verdadeira e sem pressa.","breadcrumb":{"@id":"https:\/\/icomp.com.br\/camarim\/identidade-musical\/#breadcrumb"},"inLanguage":"pt-BR","potentialAction":[{"@type":"ReadAction","target":["https:\/\/icomp.com.br\/camarim\/identidade-musical\/"]}]},{"@type":"ImageObject","inLanguage":"pt-BR","@id":"https:\/\/icomp.com.br\/camarim\/identidade-musical\/#primaryimage","url":"https:\/\/icomp.com.br\/camarim\/wp-content\/uploads\/2025\/09\/camarim-identidademusical.jpg","contentUrl":"https:\/\/icomp.com.br\/camarim\/wp-content\/uploads\/2025\/09\/camarim-identidademusical.jpg","width":1920,"height":1281,"caption":"Identidade Musical"},{"@type":"BreadcrumbList","@id":"https:\/\/icomp.com.br\/camarim\/identidade-musical\/#breadcrumb","itemListElement":[{"@type":"ListItem","position":1,"name":"Home","item":"https:\/\/icomp.com.br\/camarim\/"},{"@type":"ListItem","position":2,"name":"Identidade Musical: como construir presen\u00e7a autoral sem vaidade e impacto visual com estrat\u00e9gia"}]},{"@type":"WebSite","@id":"https:\/\/icomp.com.br\/camarim\/#website","url":"https:\/\/icomp.com.br\/camarim\/","name":"Marketing Musical com Dhiego Bicudo","description":"Conhe\u00e7a as estrat\u00e9gias no marketing musical que uso na Ag\u00eancia ICOMP para transformar cantores, duplas e bandas em artistas reconhecidos","publisher":{"@id":"https:\/\/icomp.com.br\/camarim\/#organization"},"potentialAction":[{"@type":"SearchAction","target":{"@type":"EntryPoint","urlTemplate":"https:\/\/icomp.com.br\/camarim\/?s={search_term_string}"},"query-input":{"@type":"PropertyValueSpecification","valueRequired":true,"valueName":"search_term_string"}}],"inLanguage":"pt-BR"},{"@type":"Organization","@id":"https:\/\/icomp.com.br\/camarim\/#organization","name":"Marketing Musical com Dhiego Bicudo","url":"https:\/\/icomp.com.br\/camarim\/","logo":{"@type":"ImageObject","inLanguage":"pt-BR","@id":"https:\/\/icomp.com.br\/camarim\/#\/schema\/logo\/image\/","url":"https:\/\/icomp.com.br\/camarim\/wp-content\/uploads\/2017\/10\/cropped-icone.png","contentUrl":"https:\/\/icomp.com.br\/camarim\/wp-content\/uploads\/2017\/10\/cropped-icone.png","width":512,"height":512,"caption":"Marketing Musical com Dhiego Bicudo"},"image":{"@id":"https:\/\/icomp.com.br\/camarim\/#\/schema\/logo\/image\/"},"sameAs":["https:\/\/www.facebook.com\/agenciaicomp","https:\/\/www.instagram.com\/dhiegobicudo","https:\/\/www.linkedin.com\/in\/dhiegobicudo","https:\/\/www.youtube.com\/@TrilhadoCantor"]},{"@type":"Person","@id":"https:\/\/icomp.com.br\/camarim\/#\/schema\/person\/d10a1b1471cde95c3738b4de07287002","name":"Dhiego Bicudo","image":{"@type":"ImageObject","inLanguage":"pt-BR","@id":"https:\/\/secure.gravatar.com\/avatar\/199e5081b46939e9add8e7fc06e802eb2f43ff99423ca0ef09d71f21882a5c49?s=96&d=mm&r=g","url":"https:\/\/secure.gravatar.com\/avatar\/199e5081b46939e9add8e7fc06e802eb2f43ff99423ca0ef09d71f21882a5c49?s=96&d=mm&r=g","contentUrl":"https:\/\/secure.gravatar.com\/avatar\/199e5081b46939e9add8e7fc06e802eb2f43ff99423ca0ef09d71f21882a5c49?s=96&d=mm&r=g","caption":"Dhiego Bicudo"},"description":"possui muita experi\u00eancia em estrat\u00e9gias de marketing musical para cantores, duplas e bandas na Ag\u00eancia ICOMP","url":"https:\/\/icomp.com.br\/camarim\/author\/d2ecf63ba8a1943f\/"}]}},"_links":{"self":[{"href":"https:\/\/icomp.com.br\/camarim\/wp-json\/wp\/v2\/posts\/1542","targetHints":{"allow":["GET"]}}],"collection":[{"href":"https:\/\/icomp.com.br\/camarim\/wp-json\/wp\/v2\/posts"}],"about":[{"href":"https:\/\/icomp.com.br\/camarim\/wp-json\/wp\/v2\/types\/post"}],"author":[{"embeddable":true,"href":"https:\/\/icomp.com.br\/camarim\/wp-json\/wp\/v2\/users\/10"}],"replies":[{"embeddable":true,"href":"https:\/\/icomp.com.br\/camarim\/wp-json\/wp\/v2\/comments?post=1542"}],"version-history":[{"count":4,"href":"https:\/\/icomp.com.br\/camarim\/wp-json\/wp\/v2\/posts\/1542\/revisions"}],"predecessor-version":[{"id":1553,"href":"https:\/\/icomp.com.br\/camarim\/wp-json\/wp\/v2\/posts\/1542\/revisions\/1553"}],"wp:featuredmedia":[{"embeddable":true,"href":"https:\/\/icomp.com.br\/camarim\/wp-json\/wp\/v2\/media\/1550"}],"wp:attachment":[{"href":"https:\/\/icomp.com.br\/camarim\/wp-json\/wp\/v2\/media?parent=1542"}],"wp:term":[{"taxonomy":"category","embeddable":true,"href":"https:\/\/icomp.com.br\/camarim\/wp-json\/wp\/v2\/categories?post=1542"},{"taxonomy":"post_tag","embeddable":true,"href":"https:\/\/icomp.com.br\/camarim\/wp-json\/wp\/v2\/tags?post=1542"}],"curies":[{"name":"wp","href":"https:\/\/api.w.org\/{rel}","templated":true}]}}