{"id":157,"date":"2024-03-22T12:00:19","date_gmt":"2024-03-22T15:00:19","guid":{"rendered":"http:\/\/www.icomp.com.br\/camarim\/?p=157"},"modified":"2025-01-24T17:15:41","modified_gmt":"2025-01-24T20:15:41","slug":"marketing-musical","status":"publish","type":"post","link":"https:\/\/icomp.com.br\/camarim\/marketing-musical\/","title":{"rendered":"Marketing Musical: Antes de vender shows, gravar e lan\u00e7ar!"},"content":{"rendered":"<p>Chega uma hora na carreira do artista (ou ainda, aqueles que sonham em ser um) em que ele precisar\u00e1 come\u00e7ar,\u00a0 planejar e refazer o marketing musical para seus lan\u00e7amentos e nos conte\u00fados para engajamento no seu dia a dia. Neste caminho ele vai precisar de aux\u00edlio de pessoas e de profissionais com experi\u00eancia para isso, n\u00e3o \u00e9? Se preferir ouvir esse conte\u00fado, aperte o play em seguida ou continue lendo!<\/p>\n<p><iframe loading=\"lazy\" src=\"https:\/\/w.soundcloud.com\/player\/?url=https%3A\/\/api.soundcloud.com\/tracks\/1778984664&amp;color=%23ff5500&amp;auto_play=false&amp;hide_related=true&amp;show_comments=true&amp;show_user=true&amp;show_reposts=false&amp;show_teaser=false\" width=\"100%\" height=\"166\" frameborder=\"no\" scrolling=\"no\"><\/iframe><\/p>\n<div style=\"font-size: 10px; color: #cccccc; line-break: anywhere; word-break: normal; overflow: hidden; white-space: nowrap; text-overflow: ellipsis; font-family: Interstate,Lucida Grande,Lucida Sans Unicode,Lucida Sans,Garuda,Verdana,Tahoma,sans-serif; font-weight: 100;\"><a style=\"color: #cccccc; text-decoration: none;\" title=\"Dhiego Bicudo\" href=\"https:\/\/soundcloud.com\/dhiegobicudo\" target=\"_blank\" rel=\"noopener\">Dhiego Bicudo<\/a> \u00b7 <a style=\"color: #cccccc; text-decoration: none;\" title=\"Marketing Musical - Antes de vender shows, gravar e lan\u00e7ar!\" href=\"https:\/\/soundcloud.com\/dhiegobicudo\/marketing-musical-antes-de-vender-shows-gravar-e-lancar\" target=\"_blank\" rel=\"noopener\">Marketing Musical &#8211; Antes de vender shows, gravar e lan\u00e7ar!<\/a><\/div>\n<p><span style=\"font-weight: 400;\">Mas, antes de voc\u00ea investir <strong>tempo<\/strong> (e como dizem, tempo \u00e9 dinheiro) nas composi\u00e7\u00f5es, na produ\u00e7\u00e3o musical ou na grava\u00e7\u00e3o do clipe entre outras a\u00e7\u00f5es que tem direito, pense em <strong>organizar seu cronograma de lan\u00e7amentos e divulga\u00e7\u00e3o<\/strong> de suas m\u00fasicas. Sim, isso mesmo: <strong>M-\u00da-S-I-C-A-S<\/strong>. Quer ver?<\/span><\/p>\n<ul>\n<li>Como voc\u00ea estar\u00e1 preparado para as\u00a0 oportunidades no mercado da m\u00fasica ap\u00f3s esses tantos eventos e a pandemia recente?<\/li>\n<li>Os contratantes e f\u00e3s se lembrar\u00e3o de voc\u00ea ou voc\u00ea sumiu durante esses per\u00edodos e as pessoas te esqueceram?<\/li>\n<li>O que voc\u00ea estava fazendo ou estudando para tornar melhor suas rotinas nos per\u00edodos em que n\u00e3o teve shows?<\/li>\n<li><span style=\"font-weight: 400;\">Quantos lan\u00e7amentos voc\u00ea fez neste ano? E quantos vai fazer nos pr\u00f3ximos 12 meses? <\/span><\/li>\n<li><span style=\"font-weight: 400;\">Quantos v\u00eddeos fez e subiu no Reels, no Shorts e no TikTok com voc\u00ea cantando refr\u00f5es que fazem parte do seu repert\u00f3rio?<\/span><\/li>\n<li><span style=\"font-weight: 400;\">Depois que fez seu \u00faltimo lan\u00e7amento, quando ser\u00e1 o pr\u00f3ximo? <\/span><\/li>\n<li><span style=\"font-weight: 400;\">O que vai fazer para manter aquecida sua audi\u00eancia e o p\u00fablico que assistiu ou ouviu voc\u00ea pela primeira vez?\u00a0 <\/span><\/li>\n<li><span style=\"font-weight: 400;\">Est\u00e1 respondendo os coment\u00e1rios e reagindo a cada novo seguidor? Sabia que eles podem se tornar f\u00e3s, n\u00e3o \u00e9?<\/span><\/li>\n<\/ul>\n<p><strong>Ou voc\u00ea \u00e9 daqueles, cheio de desculpas?<\/strong> Ah Dhiego! Mas, n\u00e3o tenho ainda um investidor. N\u00e3o tenho um celular muito bom. Nunca tive uma oportunidade. N\u00e3o tenho muito dinheiro. N\u00e3o tenho condi\u00e7\u00f5es de fazer sozinho. N\u00e3o tenho um viol\u00e3o e nem um microfone de qualidade. N\u00e3o tenho roupas boas e de marca. N\u00e3o isso, e n\u00e3o aquilo. Quer saber? Enquanto voc\u00ea come\u00e7ar seu planejamento com N\u00c3O! Ent\u00e3o, <strong>n\u00e3o vai acontecer nada.\u00a0 <\/strong>Anote isso:<strong> feito \u00e9 melhor que perfeito. <\/strong><span style=\"font-weight: 400;\">Por isso, chega um momento que \u00e9 inevit\u00e1vel ter que investir na qualidade visual com o marketing musical de seu projeto. <\/span><\/p>\n<p><span style=\"font-weight: 400;\">Voc\u00ea tem dois caminhos para chegar nesse ponto. N\u00e3o investir nada de nada e quando a m\u00fasica estiver pronta ter que investir muito para come\u00e7ar um trabalho do zero, ou voc\u00ea j\u00e1 pode ir construindo uma audi\u00eancia aos poucos enquanto seu pr\u00f3ximo (ou primeiro) lan\u00e7amento n\u00e3o sai do est\u00fadio ou ainda n\u00e3o <a href=\"http:\/\/www.icomp.com.br\/camarim\/cantorprofissional\/\" target=\"_blank\" rel=\"noopener\">conseguiu um investidor. <\/a><\/span><\/p>\n<p><span style=\"font-weight: 400;\">Ali\u00e1s, um bom <a href=\"http:\/\/www.icomp.com.br\/camarim\/divulgarbanda\/\" target=\"_blank\" rel=\"noopener\">trabalho de marketing<\/a> com certeza ir\u00e1 te ajudar a <a href=\"http:\/\/www.icomp.com.br\/camarim\/como-parecer-um-cantor-profissional-para-atrair-investidores\/\">conseguir um investidor mais r\u00e1pido<\/a> e a vender shows mais facilmente. <\/span><\/p>\n<h2><b>Come\u00e7ar \u00e9 f\u00e1cil, o dif\u00edcil \u00e9 continuar, continuar, continuar&#8230; com o\u00a0 marketing musical!<\/b><\/h2>\n<p><span style=\"font-weight: 400;\">Eu escuto muito por aqui de cantores, duplas e bandas &#8220;<em>vou ainda gravar um clipe, depois procuro voc\u00eas<\/em>&#8221; ou &#8220;<em>ainda estou em est\u00fadio, <\/em><em>vamos deixar para depois que gravarmos o EP<\/em>&#8221; \u00a0ou &#8220;<em>ainda n\u00e3o tenho um investidor para fazer isso<\/em>&#8221; e o grande problema de deixar pra depois \u00e9 <a href=\"http:\/\/www.icomp.com.br\/camarim\/divulgacao-musical\/\" target=\"_blank\" rel=\"noopener\">perder muito tempo e deixar de fazer tarefas importantes para lan\u00e7ar sua m\u00fasica.<\/a><\/span><\/p>\n<p><strong>Com isso, proponho uma mudan\u00e7a de pensamento.<\/strong><\/p>\n<blockquote><p>Comece o marketing quando come\u00e7ar as audi\u00e7\u00f5es, quando come\u00e7ar a produzir, quando come\u00e7ar a gravar, ou melhor, quando estiver pensando em fazer tudo isso. N\u00e3o quero chegar no seu projeto depois, na verdade, quero come\u00e7ar com voc\u00ea. Pois, assim, vamos conseguir juntos planejar, estruturar e continuar, continuar e continuar mesmo em momentos mais d<span class=\"ILfuVd\">if\u00edceis<\/span>.<\/p><\/blockquote>\n<h2><strong>Analisar e definir o essencial em cada estrat\u00e9gia<\/strong><\/h2>\n<p><span style=\"font-weight: 400;\">No mercado da m\u00fasica existe muito a quest\u00e3o das tend\u00eancias e sazonalidades. Voc\u00ea vai concordar comigo que as m\u00fasicas que tendem a fazer maior sucesso no ver\u00e3o n\u00e3o s\u00e3o as mesmas que fazem o sucesso no inverno, por exemplo. Talvez a sua m\u00fasica seja excelente para ser lan\u00e7ada um ou dois meses antes do Carnaval, mas quando chegar l\u00e1 perto do Carnaval, voc\u00ea vai ter que esperar sua logo ficar pronta, seu site ficar pronto, suas m\u00eddias sociais aquecerem e tudo isso leva tempo. <\/span><\/p>\n<p><span style=\"font-weight: 400;\">Outra quest\u00e3o \u00e9 que os contratantes costumam procurar cantores, duplas e bandas com anteced\u00eancia e se voc\u00ea n\u00e3o estiver preparado, ou seja, n\u00e3o estiver com o site em dia e uma boa apresenta\u00e7\u00e3o visual talvez nem seja lembrado nesse momento para receber um contato.\u00a0 <\/span><span style=\"font-weight: 400;\">Ent\u00e3o, eu te pergunto: <\/span><\/p>\n<blockquote>\n<h3><em><span style=\"font-weight: 400; color: #000080;\"><strong>Quantos shows, contatos e contratos voc\u00ea est\u00e1 perdendo, por deixar o marketing musical para depois?<\/strong><\/span><\/em><\/h3>\n<\/blockquote>\n<h2><\/h2>\n<h2><b>Fortale\u00e7a seu marketing musical antes de lan\u00e7ar, antes de mostrar, antes de divulgar, antes de fechar um show&#8230; entendeu? Tudo vem antes, n\u00e3o depois.<br \/>\n<\/b><\/h2>\n<p style=\"text-align: left;\"><span style=\"font-weight: 400;\"><strong>Ent\u00e3o, como come\u00e7ar a divulga\u00e7\u00e3o sem ter todas as m\u00fasicas gravadas? Ou nenhuma m\u00fasica autoral? Ou nenhum dinheiro para isso?<\/strong> <\/span><\/p>\n<p style=\"text-align: left;\"><span style=\"font-weight: 400;\">Comece com a sua logo ou se ainda n\u00e3o tiver dinheiro para isso, fa\u00e7a uma nova foto para sua divulga\u00e7\u00e3o ou ainda uma sess\u00e3o de fotos\u00a0 (lembre-se que n\u00e3o ser\u00e1 a \u00fanica que voc\u00ea vai fazer na carreira, n\u00e9?) <\/span><\/p>\n<p>O artista precisa ter rosto e atitude de artista em todos os momentos e em todos os lugares. \u00c9 simples.<\/p>\n<ul>\n<li>Cuide do seu cabelo, da sua barba e da sua maquiagem.<\/li>\n<li>Treine seu olhar, seu sorriso e empatia em suas fotos.<\/li>\n<li>Escolha roupas, acess\u00f3rios e pequenos detalhes que v\u00e3o trazer personalidade.<\/li>\n<li>Provoque. Seja ousado. Mas, n\u00e3o vulgar.<\/li>\n<\/ul>\n<p>\u00c9 t\u00e3o s\u00e9rio isso que s\u00f3 de olhar a foto no perfil do Instagram ou a foto no WhatsApp consigo perceber se o contato tem ou n\u00e3o atitude para ser um artista. Vou mostrar alguns bons exemplos de contatos que j\u00e1 recebi aqui na ag\u00eancia.<\/p>\n<table style=\"width: 100%; border-collapse: collapse;\" border=\"1\" cellspacing=\"1\" cellpadding=\"1\">\n<tbody>\n<tr>\n<td style=\"width: 50%;\"><img loading=\"lazy\" decoding=\"async\" class=\"aligncenter wp-image-669 size-thumbnail\" src=\"https:\/\/www.icomp.com.br\/camarim\/wp-content\/uploads\/2018\/12\/avatar-cantor-010-150x150.jpg\" alt=\"avatar de artista\" width=\"150\" height=\"150\" srcset=\"https:\/\/icomp.com.br\/camarim\/wp-content\/uploads\/2018\/12\/avatar-cantor-010-150x150.jpg 150w, https:\/\/icomp.com.br\/camarim\/wp-content\/uploads\/2018\/12\/avatar-cantor-010-300x300.jpg 300w, https:\/\/icomp.com.br\/camarim\/wp-content\/uploads\/2018\/12\/avatar-cantor-010.jpg 640w\" sizes=\"auto, (max-width: 150px) 100vw, 150px\" \/><\/td>\n<td style=\"width: 50%;\"><img loading=\"lazy\" decoding=\"async\" class=\"aligncenter wp-image-672 size-thumbnail\" src=\"https:\/\/www.icomp.com.br\/camarim\/wp-content\/uploads\/2018\/12\/avatar-cantor-007-150x150.jpg\" alt=\"exemplo de marketing musical\" width=\"150\" height=\"150\" srcset=\"https:\/\/icomp.com.br\/camarim\/wp-content\/uploads\/2018\/12\/avatar-cantor-007-150x150.jpg 150w, https:\/\/icomp.com.br\/camarim\/wp-content\/uploads\/2018\/12\/avatar-cantor-007-300x300.jpg 300w, https:\/\/icomp.com.br\/camarim\/wp-content\/uploads\/2018\/12\/avatar-cantor-007.jpg 640w\" sizes=\"auto, (max-width: 150px) 100vw, 150px\" \/><\/td>\n<\/tr>\n<tr>\n<td style=\"width: 50%;\"><img loading=\"lazy\" decoding=\"async\" class=\"aligncenter wp-image-678 size-thumbnail\" src=\"https:\/\/www.icomp.com.br\/camarim\/wp-content\/uploads\/2018\/12\/avatar-cantor-001-150x150.jpg\" alt=\"perfil de artista\" width=\"150\" height=\"150\" srcset=\"https:\/\/icomp.com.br\/camarim\/wp-content\/uploads\/2018\/12\/avatar-cantor-001-150x150.jpg 150w, https:\/\/icomp.com.br\/camarim\/wp-content\/uploads\/2018\/12\/avatar-cantor-001-300x300.jpg 300w, https:\/\/icomp.com.br\/camarim\/wp-content\/uploads\/2018\/12\/avatar-cantor-001.jpg 335w\" sizes=\"auto, (max-width: 150px) 100vw, 150px\" \/><\/td>\n<td style=\"width: 50%;\"><img loading=\"lazy\" decoding=\"async\" class=\"aligncenter wp-image-674 size-thumbnail\" src=\"https:\/\/www.icomp.com.br\/camarim\/wp-content\/uploads\/2018\/12\/avatar-cantor-005-150x150.jpg\" alt=\"exemplo de marketing art\u00edstico\" width=\"150\" height=\"150\" srcset=\"https:\/\/icomp.com.br\/camarim\/wp-content\/uploads\/2018\/12\/avatar-cantor-005-150x150.jpg 150w, https:\/\/icomp.com.br\/camarim\/wp-content\/uploads\/2018\/12\/avatar-cantor-005-300x300.jpg 300w, https:\/\/icomp.com.br\/camarim\/wp-content\/uploads\/2018\/12\/avatar-cantor-005.jpg 624w\" sizes=\"auto, (max-width: 150px) 100vw, 150px\" \/><\/td>\n<\/tr>\n<tr>\n<td style=\"width: 50%;\"><img loading=\"lazy\" decoding=\"async\" class=\"aligncenter wp-image-671 size-thumbnail\" src=\"https:\/\/www.icomp.com.br\/camarim\/wp-content\/uploads\/2018\/12\/avatar-cantor-008-150x150.jpg\" alt=\"foto de perfil de cantor\" width=\"150\" height=\"150\" srcset=\"https:\/\/icomp.com.br\/camarim\/wp-content\/uploads\/2018\/12\/avatar-cantor-008-150x150.jpg 150w, https:\/\/icomp.com.br\/camarim\/wp-content\/uploads\/2018\/12\/avatar-cantor-008-300x300.jpg 300w, https:\/\/icomp.com.br\/camarim\/wp-content\/uploads\/2018\/12\/avatar-cantor-008.jpg 640w\" sizes=\"auto, (max-width: 150px) 100vw, 150px\" \/><\/td>\n<td style=\"width: 50%;\"><img loading=\"lazy\" decoding=\"async\" class=\"aligncenter wp-image-670 size-thumbnail\" src=\"https:\/\/www.icomp.com.br\/camarim\/wp-content\/uploads\/2018\/12\/avatar-cantor-009-150x150.jpg\" alt=\"refer\u00eancia de marketing musical\" width=\"150\" height=\"150\" srcset=\"https:\/\/icomp.com.br\/camarim\/wp-content\/uploads\/2018\/12\/avatar-cantor-009-150x150.jpg 150w, https:\/\/icomp.com.br\/camarim\/wp-content\/uploads\/2018\/12\/avatar-cantor-009-300x300.jpg 300w, https:\/\/icomp.com.br\/camarim\/wp-content\/uploads\/2018\/12\/avatar-cantor-009.jpg 640w\" sizes=\"auto, (max-width: 150px) 100vw, 150px\" \/><\/td>\n<\/tr>\n<tr>\n<td style=\"width: 50%;\"><img loading=\"lazy\" decoding=\"async\" class=\"aligncenter wp-image-676 size-thumbnail\" src=\"https:\/\/www.icomp.com.br\/camarim\/wp-content\/uploads\/2018\/12\/avatar-cantor-003-150x150.jpg\" alt=\"miniatura de cantor\" width=\"150\" height=\"150\" srcset=\"https:\/\/icomp.com.br\/camarim\/wp-content\/uploads\/2018\/12\/avatar-cantor-003-150x150.jpg 150w, https:\/\/icomp.com.br\/camarim\/wp-content\/uploads\/2018\/12\/avatar-cantor-003-300x300.jpg 300w, https:\/\/icomp.com.br\/camarim\/wp-content\/uploads\/2018\/12\/avatar-cantor-003.jpg 563w\" sizes=\"auto, (max-width: 150px) 100vw, 150px\" \/><\/td>\n<td style=\"width: 50%;\"><img loading=\"lazy\" decoding=\"async\" class=\"aligncenter wp-image-675 size-thumbnail\" src=\"https:\/\/www.icomp.com.br\/camarim\/wp-content\/uploads\/2018\/12\/avatar-cantor-004-150x150.jpg\" alt=\"exemplo de marketing musical\" width=\"150\" height=\"150\" srcset=\"https:\/\/icomp.com.br\/camarim\/wp-content\/uploads\/2018\/12\/avatar-cantor-004-150x150.jpg 150w, https:\/\/icomp.com.br\/camarim\/wp-content\/uploads\/2018\/12\/avatar-cantor-004-300x300.jpg 300w, https:\/\/icomp.com.br\/camarim\/wp-content\/uploads\/2018\/12\/avatar-cantor-004.jpg 640w\" sizes=\"auto, (max-width: 150px) 100vw, 150px\" \/><\/td>\n<\/tr>\n<\/tbody>\n<\/table>\n<h2><strong>Vamos na pr\u00e1tica? Conhe\u00e7a o come\u00e7o da Gabi Luthai<\/strong><\/h2>\n<p><img loading=\"lazy\" decoding=\"async\" class=\"size-large wp-image-1263 aligncenter\" src=\"https:\/\/www.icomp.com.br\/camarim\/wp-content\/uploads\/2022\/01\/Captura-de-Tela-2022-12-28-a\u0300s-16.42.24-1024x224.png\" alt=\"\" width=\"1000\" height=\"219\" srcset=\"https:\/\/icomp.com.br\/camarim\/wp-content\/uploads\/2022\/01\/Captura-de-Tela-2022-12-28-a\u0300s-16.42.24-1024x224.png 1024w, https:\/\/icomp.com.br\/camarim\/wp-content\/uploads\/2022\/01\/Captura-de-Tela-2022-12-28-a\u0300s-16.42.24-300x66.png 300w, https:\/\/icomp.com.br\/camarim\/wp-content\/uploads\/2022\/01\/Captura-de-Tela-2022-12-28-a\u0300s-16.42.24-768x168.png 768w, https:\/\/icomp.com.br\/camarim\/wp-content\/uploads\/2022\/01\/Captura-de-Tela-2022-12-28-a\u0300s-16.42.24-600x131.png 600w, https:\/\/icomp.com.br\/camarim\/wp-content\/uploads\/2022\/01\/Captura-de-Tela-2022-12-28-a\u0300s-16.42.24.png 1243w\" sizes=\"auto, (max-width: 1000px) 100vw, 1000px\" \/><\/p>\n<p><span style=\"font-weight: 400;\">Calma! Essa \u00e9 uma arte que j\u00e1 foi do canal com a divulga\u00e7\u00e3o de uma m\u00fasica<strong>.<\/strong> Mas, n\u00e3o quero falar dela, eu gostaria de mostrar o come\u00e7o. Voc\u00ea conhece a Gabi Luthai? Ela tamb\u00e9m \u00e9 uma artista que investiu (se n\u00e3o tem dinheiro, <strong>invista seu tempo<\/strong>) primeiro em si mesma e foi construindo sua audi\u00eancia mesmo sem investidor e sem m\u00fasica autoral. Ela foi artista aqui da Ag\u00eancia ICOMP e eu tamb\u00e9m acompanhei essa evolu\u00e7\u00e3o.<\/span><\/p>\n<p><img loading=\"lazy\" decoding=\"async\" class=\"aligncenter wp-image-668 size-full\" src=\"https:\/\/www.icomp.com.br\/camarim\/wp-content\/uploads\/2017\/08\/fechamento-gabiluthai-e1697929599206.png\" alt=\"Foto com Gabi Lutai e Dhiego Bicudo\" width=\"933\" height=\"450\" srcset=\"https:\/\/icomp.com.br\/camarim\/wp-content\/uploads\/2017\/08\/fechamento-gabiluthai-e1697929599206.png 933w, https:\/\/icomp.com.br\/camarim\/wp-content\/uploads\/2017\/08\/fechamento-gabiluthai-e1697929599206-300x145.png 300w, https:\/\/icomp.com.br\/camarim\/wp-content\/uploads\/2017\/08\/fechamento-gabiluthai-e1697929599206-768x370.png 768w, https:\/\/icomp.com.br\/camarim\/wp-content\/uploads\/2017\/08\/fechamento-gabiluthai-e1697929599206-600x289.png 600w\" sizes=\"auto, (max-width: 933px) 100vw, 933px\" \/><\/p>\n<p><span style=\"font-weight: 400;\">Analisando o hist\u00f3rico do canal do Youtube dela, voc\u00ea pode perceber como ela come\u00e7ou. Gravando v\u00e1rios v\u00eddeos <em>covers <\/em>que foram melhorando com o tempo. Melhorou seu <em>look<\/em>, seu cabelo, o local do v\u00eddeo, adicionou uma pitada de sensualidade e com um \u00e1udio bom ela foi chamando a aten\u00e7\u00e3o das pessoas at\u00e9 chegarem as oportunidades de lan\u00e7ar sua carreira profissionalmente. \u00a0Analise abaixo a imagem dos v\u00eddeos mais antigos do canal dela e veja como ela come\u00e7ou.<\/span><\/p>\n<figure id=\"attachment_162\" aria-describedby=\"caption-attachment-162\" style=\"width: 1000px\" class=\"wp-caption aligncenter\"><img loading=\"lazy\" decoding=\"async\" class=\"wp-image-162 size-large\" title=\"Exemplo de Marketing Musical no canal da Gabi Luthai\" src=\"http:\/\/www.icomp.com.br\/camarim\/wp-content\/uploads\/2017\/08\/gabi_canal-1024x569.png\" alt=\"Exemplo de Marketing Musical da Gabi Luthai\" width=\"1000\" height=\"556\" srcset=\"https:\/\/icomp.com.br\/camarim\/wp-content\/uploads\/2017\/08\/gabi_canal-1024x569.png 1024w, https:\/\/icomp.com.br\/camarim\/wp-content\/uploads\/2017\/08\/gabi_canal-300x167.png 300w, https:\/\/icomp.com.br\/camarim\/wp-content\/uploads\/2017\/08\/gabi_canal-768x427.png 768w, https:\/\/icomp.com.br\/camarim\/wp-content\/uploads\/2017\/08\/gabi_canal-539x300.png 539w, https:\/\/icomp.com.br\/camarim\/wp-content\/uploads\/2017\/08\/gabi_canal.png 1061w\" sizes=\"auto, (max-width: 1000px) 100vw, 1000px\" \/><figcaption id=\"caption-attachment-162\" class=\"wp-caption-text\">V\u00eddeos mais antigos do Canal do Youtube da Gabi Luthai<\/figcaption><\/figure>\n<p>Ent\u00e3o, v\u00e1 publicando no Youtube seus primeiros <em>v\u00eddeos<\/em>, avance compartilhando eles com seus contatos, familiares e amigos. Assim, voc\u00ea vai interagindo e construindo sua audi\u00eancia. Voc\u00ea pode trabalhar a sua imagem de maneira pr\u00e9via para <a href=\"http:\/\/www.icomp.com.br\/camarim\/divulgacao-musical\/\">quando a sua m\u00fasica estiver pronta ficar mais f\u00e1cil para lan\u00e7ar<\/a>, porque seu nome e sua voz j\u00e1 estar\u00e3o mais conhecidos. Isso faz sentido pra voc\u00ea?<\/p>\n<p>Depois, voc\u00ea pode j\u00e1 ir definindo e mostrando suas influ\u00eancias em um canal mais organizado com suas playlists preferidas, o que acha? Ah, sem deixar de lado todo o hist\u00f3rico constru\u00eddo desde o in\u00edcio da carreira dela. S\u00e3o detalhes que fazem total diferen\u00e7a.<\/p>\n<p><img loading=\"lazy\" decoding=\"async\" class=\"aligncenter wp-image-667 size-large\" src=\"https:\/\/www.icomp.com.br\/camarim\/wp-content\/uploads\/2017\/08\/playlists-gabiluthai-1024x690.png\" alt=\"Refer\u00eancia de Marketing Musical de Gabi Luthai\" width=\"1000\" height=\"674\" srcset=\"https:\/\/icomp.com.br\/camarim\/wp-content\/uploads\/2017\/08\/playlists-gabiluthai-1024x690.png 1024w, https:\/\/icomp.com.br\/camarim\/wp-content\/uploads\/2017\/08\/playlists-gabiluthai-300x202.png 300w, https:\/\/icomp.com.br\/camarim\/wp-content\/uploads\/2017\/08\/playlists-gabiluthai-768x517.png 768w, https:\/\/icomp.com.br\/camarim\/wp-content\/uploads\/2017\/08\/playlists-gabiluthai-446x300.png 446w, https:\/\/icomp.com.br\/camarim\/wp-content\/uploads\/2017\/08\/playlists-gabiluthai.png 1090w\" sizes=\"auto, (max-width: 1000px) 100vw, 1000px\" \/><\/p>\n<p><span style=\"font-weight: 400;\">Mas o fato que quero destacar \u00e9 que para chegar onde est\u00e1 hoje, \u00a0ela come\u00e7ou, insistiu e foi investindo seu tempo em marketing musical. Mesmo que voc\u00ea d\u00ea um passo pequeno, quando voc\u00ea v\u00ea o resultado do seu primeiro site, ou da sua primeira logo isso te move e te motiva a ir para cima. Basta come\u00e7ar!\u00a0<\/span><\/p>\n<h2 style=\"text-align: center;\"><span style=\"font-weight: 400;\"><strong>Se voc\u00ea mesmo n\u00e3o quer investir na sua carreira, porque um investidor ir\u00e1 se convencer disso?<\/strong> <\/span><\/h2>\n<p><span style=\"font-weight: 400;\">Seja o primeiro a mostrar que vale a pena investir em seu talento, d\u00ea o sangue, que o reconhecimento vem, mas os primeiros passos realmente precisam ser seus. O planejamento e o cronograma precisam ser seus. Ent\u00e3o, s<\/span><span style=\"font-weight: 400;\">e voc\u00ea estiver disposto a n\u00e3o perder mais tempo e dar os primeiros (ou os pr\u00f3ximos) passos nesta trilha, ou voc\u00ea que \u00e9 mais experiente na m\u00fasica e quer fazer o marketing musical comigo, entre em contato e vamos <em><strong><span style=\"color: #000080;\"><a href=\"http:\/\/conteudo.icomp.com.br\/consultoria\">iniciar uma conversa<\/a> para falarmos sobre a sua carreira e o seu pr\u00f3ximo lan\u00e7amento.<\/span><\/strong><\/em><\/span><\/p>\n","protected":false},"excerpt":{"rendered":"<p>Chega uma hora na carreira do artista (ou ainda, aqueles que sonham em ser um) em que ele precisar\u00e1 come\u00e7ar,\u00a0 planejar e refazer o marketing musical para seus lan\u00e7amentos e nos conte\u00fados para engajamento no seu dia a dia. Neste caminho ele vai precisar de aux\u00edlio de pessoas e de profissionais com experi\u00eancia para isso, [&hellip;]<\/p>\n","protected":false},"author":10,"featured_media":173,"comment_status":"open","ping_status":"closed","sticky":false,"template":"","format":"image","meta":{"ocean_post_layout":"","ocean_both_sidebars_style":"","ocean_both_sidebars_content_width":0,"ocean_both_sidebars_sidebars_width":0,"ocean_sidebar":"","ocean_second_sidebar":"","ocean_disable_margins":"enable","ocean_add_body_class":"","ocean_shortcode_before_top_bar":"","ocean_shortcode_after_top_bar":"","ocean_shortcode_before_header":"","ocean_shortcode_after_header":"","ocean_has_shortcode":"","ocean_shortcode_after_title":"","ocean_shortcode_before_footer_widgets":"","ocean_shortcode_after_footer_widgets":"","ocean_shortcode_before_footer_bottom":"","ocean_shortcode_after_footer_bottom":"","ocean_display_top_bar":"default","ocean_display_header":"default","ocean_header_style":"","ocean_center_header_left_menu":"","ocean_custom_header_template":"","ocean_custom_logo":0,"ocean_custom_retina_logo":0,"ocean_custom_logo_max_width":0,"ocean_custom_logo_tablet_max_width":0,"ocean_custom_logo_mobile_max_width":0,"ocean_custom_logo_max_height":0,"ocean_custom_logo_tablet_max_height":0,"ocean_custom_logo_mobile_max_height":0,"ocean_header_custom_menu":"","ocean_menu_typo_font_family":"","ocean_menu_typo_font_subset":"","ocean_menu_typo_font_size":0,"ocean_menu_typo_font_size_tablet":0,"ocean_menu_typo_font_size_mobile":0,"ocean_menu_typo_font_size_unit":"px","ocean_menu_typo_font_weight":"","ocean_menu_typo_font_weight_tablet":"","ocean_menu_typo_font_weight_mobile":"","ocean_menu_typo_transform":"","ocean_menu_typo_transform_tablet":"","ocean_menu_typo_transform_mobile":"","ocean_menu_typo_line_height":0,"ocean_menu_typo_line_height_tablet":0,"ocean_menu_typo_line_height_mobile":0,"ocean_menu_typo_line_height_unit":"","ocean_menu_typo_spacing":0,"ocean_menu_typo_spacing_tablet":0,"ocean_menu_typo_spacing_mobile":0,"ocean_menu_typo_spacing_unit":"","ocean_menu_link_color":"","ocean_menu_link_color_hover":"","ocean_menu_link_color_active":"","ocean_menu_link_background":"","ocean_menu_link_hover_background":"","ocean_menu_link_active_background":"","ocean_menu_social_links_bg":"","ocean_menu_social_hover_links_bg":"","ocean_menu_social_links_color":"","ocean_menu_social_hover_links_color":"","ocean_disable_title":"default","ocean_disable_heading":"default","ocean_post_title":"","ocean_post_subheading":"","ocean_post_title_style":"","ocean_post_title_background_color":"","ocean_post_title_background":0,"ocean_post_title_bg_image_position":"","ocean_post_title_bg_image_attachment":"","ocean_post_title_bg_image_repeat":"","ocean_post_title_bg_image_size":"","ocean_post_title_height":0,"ocean_post_title_bg_overlay":0.5,"ocean_post_title_bg_overlay_color":"","ocean_disable_breadcrumbs":"default","ocean_breadcrumbs_color":"","ocean_breadcrumbs_separator_color":"","ocean_breadcrumbs_links_color":"","ocean_breadcrumbs_links_hover_color":"","ocean_display_footer_widgets":"default","ocean_display_footer_bottom":"default","ocean_custom_footer_template":"","ocean_post_oembed":"","ocean_post_self_hosted_media":"","ocean_post_video_embed":"","ocean_link_format":"","ocean_link_format_target":"self","ocean_quote_format":"","ocean_quote_format_link":"post","ocean_gallery_link_images":"on","ocean_gallery_id":[],"footnotes":""},"categories":[112,4],"tags":[50],"class_list":["post-157","post","type-post","status-publish","format-image","has-post-thumbnail","hentry","category-inicio-de-carreira","category-marketing-musical","tag-marketing-musical","post_format-post-format-image","entry","has-media"],"yoast_head":"<!-- This site is optimized with the Yoast SEO plugin v27.4 - https:\/\/yoast.com\/product\/yoast-seo-wordpress\/ -->\n<title>Marketing Musical: Antes de vender shows, gravar e lan\u00e7ar<\/title>\n<meta name=\"description\" content=\"Muitos cantores, duplas e bandas investem tudo na m\u00fasica e acabam deixando o marketing musical para depois, o que acarreta uma s\u00e9rie de preju\u00edzos.\" \/>\n<meta name=\"robots\" content=\"index, follow, max-snippet:-1, max-image-preview:large, max-video-preview:-1\" \/>\n<link rel=\"canonical\" href=\"https:\/\/icomp.com.br\/camarim\/marketing-musical\/\" \/>\n<meta property=\"og:locale\" content=\"pt_BR\" \/>\n<meta property=\"og:type\" content=\"article\" \/>\n<meta property=\"og:title\" content=\"Marketing Musical: Antes de vender shows, gravar e lan\u00e7ar\" \/>\n<meta property=\"og:description\" content=\"Muitos cantores, duplas e bandas investem tudo na m\u00fasica e acabam deixando o marketing musical para depois, o que acarreta uma s\u00e9rie de preju\u00edzos.\" \/>\n<meta property=\"og:url\" content=\"https:\/\/icomp.com.br\/camarim\/marketing-musical\/\" \/>\n<meta property=\"og:site_name\" content=\"Marketing Musical com Dhiego Bicudo\" \/>\n<meta property=\"article:publisher\" content=\"https:\/\/www.facebook.com\/agenciaicomp\" \/>\n<meta property=\"article:published_time\" content=\"2024-03-22T15:00:19+00:00\" \/>\n<meta property=\"article:modified_time\" content=\"2025-01-24T20:15:41+00:00\" \/>\n<meta property=\"og:image\" content=\"https:\/\/icomp.com.br\/camarim\/wp-content\/uploads\/2017\/08\/iagens-1.png\" \/>\n\t<meta property=\"og:image:width\" content=\"1600\" \/>\n\t<meta property=\"og:image:height\" content=\"900\" \/>\n\t<meta property=\"og:image:type\" content=\"image\/png\" \/>\n<meta name=\"author\" content=\"Dhiego Bicudo\" \/>\n<meta name=\"twitter:card\" content=\"summary_large_image\" \/>\n<meta name=\"twitter:label1\" content=\"Escrito por\" \/>\n\t<meta name=\"twitter:data1\" content=\"Dhiego Bicudo\" \/>\n\t<meta name=\"twitter:label2\" content=\"Est. tempo de leitura\" \/>\n\t<meta name=\"twitter:data2\" content=\"10 minutos\" \/>\n<script type=\"application\/ld+json\" class=\"yoast-schema-graph\">{\"@context\":\"https:\\\/\\\/schema.org\",\"@graph\":[{\"@type\":\"Article\",\"@id\":\"https:\\\/\\\/icomp.com.br\\\/camarim\\\/marketing-musical\\\/#article\",\"isPartOf\":{\"@id\":\"https:\\\/\\\/icomp.com.br\\\/camarim\\\/marketing-musical\\\/\"},\"author\":{\"name\":\"Dhiego Bicudo\",\"@id\":\"https:\\\/\\\/icomp.com.br\\\/camarim\\\/#\\\/schema\\\/person\\\/d10a1b1471cde95c3738b4de07287002\"},\"headline\":\"Marketing Musical: Antes de vender shows, gravar e lan\u00e7ar!\",\"datePublished\":\"2024-03-22T15:00:19+00:00\",\"dateModified\":\"2025-01-24T20:15:41+00:00\",\"mainEntityOfPage\":{\"@id\":\"https:\\\/\\\/icomp.com.br\\\/camarim\\\/marketing-musical\\\/\"},\"wordCount\":1521,\"commentCount\":11,\"publisher\":{\"@id\":\"https:\\\/\\\/icomp.com.br\\\/camarim\\\/#organization\"},\"image\":{\"@id\":\"https:\\\/\\\/icomp.com.br\\\/camarim\\\/marketing-musical\\\/#primaryimage\"},\"thumbnailUrl\":\"https:\\\/\\\/icomp.com.br\\\/camarim\\\/wp-content\\\/uploads\\\/2017\\\/08\\\/iagens-1.png\",\"keywords\":[\"marketing musical\"],\"articleSection\":[\"In\u00edcio de Carreira\",\"Marketing Musical\"],\"inLanguage\":\"pt-BR\",\"potentialAction\":[{\"@type\":\"CommentAction\",\"name\":\"Comment\",\"target\":[\"https:\\\/\\\/icomp.com.br\\\/camarim\\\/marketing-musical\\\/#respond\"]}]},{\"@type\":\"WebPage\",\"@id\":\"https:\\\/\\\/icomp.com.br\\\/camarim\\\/marketing-musical\\\/\",\"url\":\"https:\\\/\\\/icomp.com.br\\\/camarim\\\/marketing-musical\\\/\",\"name\":\"Marketing Musical: Antes de vender shows, gravar e lan\u00e7ar\",\"isPartOf\":{\"@id\":\"https:\\\/\\\/icomp.com.br\\\/camarim\\\/#website\"},\"primaryImageOfPage\":{\"@id\":\"https:\\\/\\\/icomp.com.br\\\/camarim\\\/marketing-musical\\\/#primaryimage\"},\"image\":{\"@id\":\"https:\\\/\\\/icomp.com.br\\\/camarim\\\/marketing-musical\\\/#primaryimage\"},\"thumbnailUrl\":\"https:\\\/\\\/icomp.com.br\\\/camarim\\\/wp-content\\\/uploads\\\/2017\\\/08\\\/iagens-1.png\",\"datePublished\":\"2024-03-22T15:00:19+00:00\",\"dateModified\":\"2025-01-24T20:15:41+00:00\",\"description\":\"Muitos cantores, duplas e bandas investem tudo na m\u00fasica e acabam deixando o marketing musical para depois, o que acarreta uma s\u00e9rie de preju\u00edzos.\",\"breadcrumb\":{\"@id\":\"https:\\\/\\\/icomp.com.br\\\/camarim\\\/marketing-musical\\\/#breadcrumb\"},\"inLanguage\":\"pt-BR\",\"potentialAction\":[{\"@type\":\"ReadAction\",\"target\":[\"https:\\\/\\\/icomp.com.br\\\/camarim\\\/marketing-musical\\\/\"]}]},{\"@type\":\"ImageObject\",\"inLanguage\":\"pt-BR\",\"@id\":\"https:\\\/\\\/icomp.com.br\\\/camarim\\\/marketing-musical\\\/#primaryimage\",\"url\":\"https:\\\/\\\/icomp.com.br\\\/camarim\\\/wp-content\\\/uploads\\\/2017\\\/08\\\/iagens-1.png\",\"contentUrl\":\"https:\\\/\\\/icomp.com.br\\\/camarim\\\/wp-content\\\/uploads\\\/2017\\\/08\\\/iagens-1.png\",\"width\":1600,\"height\":900},{\"@type\":\"BreadcrumbList\",\"@id\":\"https:\\\/\\\/icomp.com.br\\\/camarim\\\/marketing-musical\\\/#breadcrumb\",\"itemListElement\":[{\"@type\":\"ListItem\",\"position\":1,\"name\":\"Home\",\"item\":\"https:\\\/\\\/icomp.com.br\\\/camarim\\\/\"},{\"@type\":\"ListItem\",\"position\":2,\"name\":\"Marketing Musical: Antes de vender shows, gravar e lan\u00e7ar!\"}]},{\"@type\":\"WebSite\",\"@id\":\"https:\\\/\\\/icomp.com.br\\\/camarim\\\/#website\",\"url\":\"https:\\\/\\\/icomp.com.br\\\/camarim\\\/\",\"name\":\"Marketing Musical com Dhiego Bicudo\",\"description\":\"Conhe\u00e7a as estrat\u00e9gias no marketing musical que uso na Ag\u00eancia ICOMP para transformar cantores, duplas e bandas em artistas reconhecidos\",\"publisher\":{\"@id\":\"https:\\\/\\\/icomp.com.br\\\/camarim\\\/#organization\"},\"potentialAction\":[{\"@type\":\"SearchAction\",\"target\":{\"@type\":\"EntryPoint\",\"urlTemplate\":\"https:\\\/\\\/icomp.com.br\\\/camarim\\\/?s={search_term_string}\"},\"query-input\":{\"@type\":\"PropertyValueSpecification\",\"valueRequired\":true,\"valueName\":\"search_term_string\"}}],\"inLanguage\":\"pt-BR\"},{\"@type\":\"Organization\",\"@id\":\"https:\\\/\\\/icomp.com.br\\\/camarim\\\/#organization\",\"name\":\"Marketing Musical com Dhiego Bicudo\",\"url\":\"https:\\\/\\\/icomp.com.br\\\/camarim\\\/\",\"logo\":{\"@type\":\"ImageObject\",\"inLanguage\":\"pt-BR\",\"@id\":\"https:\\\/\\\/icomp.com.br\\\/camarim\\\/#\\\/schema\\\/logo\\\/image\\\/\",\"url\":\"https:\\\/\\\/icomp.com.br\\\/camarim\\\/wp-content\\\/uploads\\\/2017\\\/10\\\/cropped-icone.png\",\"contentUrl\":\"https:\\\/\\\/icomp.com.br\\\/camarim\\\/wp-content\\\/uploads\\\/2017\\\/10\\\/cropped-icone.png\",\"width\":512,\"height\":512,\"caption\":\"Marketing Musical com Dhiego Bicudo\"},\"image\":{\"@id\":\"https:\\\/\\\/icomp.com.br\\\/camarim\\\/#\\\/schema\\\/logo\\\/image\\\/\"},\"sameAs\":[\"https:\\\/\\\/www.facebook.com\\\/agenciaicomp\",\"https:\\\/\\\/www.instagram.com\\\/dhiegobicudo\",\"https:\\\/\\\/www.linkedin.com\\\/in\\\/dhiegobicudo\",\"https:\\\/\\\/www.youtube.com\\\/@TrilhadoCantor\"]},{\"@type\":\"Person\",\"@id\":\"https:\\\/\\\/icomp.com.br\\\/camarim\\\/#\\\/schema\\\/person\\\/d10a1b1471cde95c3738b4de07287002\",\"name\":\"Dhiego Bicudo\",\"image\":{\"@type\":\"ImageObject\",\"inLanguage\":\"pt-BR\",\"@id\":\"https:\\\/\\\/secure.gravatar.com\\\/avatar\\\/199e5081b46939e9add8e7fc06e802eb2f43ff99423ca0ef09d71f21882a5c49?s=96&d=mm&r=g\",\"url\":\"https:\\\/\\\/secure.gravatar.com\\\/avatar\\\/199e5081b46939e9add8e7fc06e802eb2f43ff99423ca0ef09d71f21882a5c49?s=96&d=mm&r=g\",\"contentUrl\":\"https:\\\/\\\/secure.gravatar.com\\\/avatar\\\/199e5081b46939e9add8e7fc06e802eb2f43ff99423ca0ef09d71f21882a5c49?s=96&d=mm&r=g\",\"caption\":\"Dhiego Bicudo\"},\"description\":\"possui muita experi\u00eancia em estrat\u00e9gias de marketing musical para cantores, duplas e bandas na Ag\u00eancia ICOMP\",\"url\":\"https:\\\/\\\/icomp.com.br\\\/camarim\\\/author\\\/d2ecf63ba8a1943f\\\/\"}]}<\/script>\n<!-- \/ Yoast SEO plugin. -->","yoast_head_json":{"title":"Marketing Musical: Antes de vender shows, gravar e lan\u00e7ar","description":"Muitos cantores, duplas e bandas investem tudo na m\u00fasica e acabam deixando o marketing musical para depois, o que acarreta uma s\u00e9rie de preju\u00edzos.","robots":{"index":"index","follow":"follow","max-snippet":"max-snippet:-1","max-image-preview":"max-image-preview:large","max-video-preview":"max-video-preview:-1"},"canonical":"https:\/\/icomp.com.br\/camarim\/marketing-musical\/","og_locale":"pt_BR","og_type":"article","og_title":"Marketing Musical: Antes de vender shows, gravar e lan\u00e7ar","og_description":"Muitos cantores, duplas e bandas investem tudo na m\u00fasica e acabam deixando o marketing musical para depois, o que acarreta uma s\u00e9rie de preju\u00edzos.","og_url":"https:\/\/icomp.com.br\/camarim\/marketing-musical\/","og_site_name":"Marketing Musical com Dhiego Bicudo","article_publisher":"https:\/\/www.facebook.com\/agenciaicomp","article_published_time":"2024-03-22T15:00:19+00:00","article_modified_time":"2025-01-24T20:15:41+00:00","og_image":[{"width":1600,"height":900,"url":"https:\/\/icomp.com.br\/camarim\/wp-content\/uploads\/2017\/08\/iagens-1.png","type":"image\/png"}],"author":"Dhiego Bicudo","twitter_card":"summary_large_image","twitter_misc":{"Escrito por":"Dhiego Bicudo","Est. tempo de leitura":"10 minutos"},"schema":{"@context":"https:\/\/schema.org","@graph":[{"@type":"Article","@id":"https:\/\/icomp.com.br\/camarim\/marketing-musical\/#article","isPartOf":{"@id":"https:\/\/icomp.com.br\/camarim\/marketing-musical\/"},"author":{"name":"Dhiego Bicudo","@id":"https:\/\/icomp.com.br\/camarim\/#\/schema\/person\/d10a1b1471cde95c3738b4de07287002"},"headline":"Marketing Musical: Antes de vender shows, gravar e lan\u00e7ar!","datePublished":"2024-03-22T15:00:19+00:00","dateModified":"2025-01-24T20:15:41+00:00","mainEntityOfPage":{"@id":"https:\/\/icomp.com.br\/camarim\/marketing-musical\/"},"wordCount":1521,"commentCount":11,"publisher":{"@id":"https:\/\/icomp.com.br\/camarim\/#organization"},"image":{"@id":"https:\/\/icomp.com.br\/camarim\/marketing-musical\/#primaryimage"},"thumbnailUrl":"https:\/\/icomp.com.br\/camarim\/wp-content\/uploads\/2017\/08\/iagens-1.png","keywords":["marketing musical"],"articleSection":["In\u00edcio de Carreira","Marketing Musical"],"inLanguage":"pt-BR","potentialAction":[{"@type":"CommentAction","name":"Comment","target":["https:\/\/icomp.com.br\/camarim\/marketing-musical\/#respond"]}]},{"@type":"WebPage","@id":"https:\/\/icomp.com.br\/camarim\/marketing-musical\/","url":"https:\/\/icomp.com.br\/camarim\/marketing-musical\/","name":"Marketing Musical: Antes de vender shows, gravar e lan\u00e7ar","isPartOf":{"@id":"https:\/\/icomp.com.br\/camarim\/#website"},"primaryImageOfPage":{"@id":"https:\/\/icomp.com.br\/camarim\/marketing-musical\/#primaryimage"},"image":{"@id":"https:\/\/icomp.com.br\/camarim\/marketing-musical\/#primaryimage"},"thumbnailUrl":"https:\/\/icomp.com.br\/camarim\/wp-content\/uploads\/2017\/08\/iagens-1.png","datePublished":"2024-03-22T15:00:19+00:00","dateModified":"2025-01-24T20:15:41+00:00","description":"Muitos cantores, duplas e bandas investem tudo na m\u00fasica e acabam deixando o marketing musical para depois, o que acarreta uma s\u00e9rie de preju\u00edzos.","breadcrumb":{"@id":"https:\/\/icomp.com.br\/camarim\/marketing-musical\/#breadcrumb"},"inLanguage":"pt-BR","potentialAction":[{"@type":"ReadAction","target":["https:\/\/icomp.com.br\/camarim\/marketing-musical\/"]}]},{"@type":"ImageObject","inLanguage":"pt-BR","@id":"https:\/\/icomp.com.br\/camarim\/marketing-musical\/#primaryimage","url":"https:\/\/icomp.com.br\/camarim\/wp-content\/uploads\/2017\/08\/iagens-1.png","contentUrl":"https:\/\/icomp.com.br\/camarim\/wp-content\/uploads\/2017\/08\/iagens-1.png","width":1600,"height":900},{"@type":"BreadcrumbList","@id":"https:\/\/icomp.com.br\/camarim\/marketing-musical\/#breadcrumb","itemListElement":[{"@type":"ListItem","position":1,"name":"Home","item":"https:\/\/icomp.com.br\/camarim\/"},{"@type":"ListItem","position":2,"name":"Marketing Musical: Antes de vender shows, gravar e lan\u00e7ar!"}]},{"@type":"WebSite","@id":"https:\/\/icomp.com.br\/camarim\/#website","url":"https:\/\/icomp.com.br\/camarim\/","name":"Marketing Musical com Dhiego Bicudo","description":"Conhe\u00e7a as estrat\u00e9gias no marketing musical que uso na Ag\u00eancia ICOMP para transformar cantores, duplas e bandas em artistas reconhecidos","publisher":{"@id":"https:\/\/icomp.com.br\/camarim\/#organization"},"potentialAction":[{"@type":"SearchAction","target":{"@type":"EntryPoint","urlTemplate":"https:\/\/icomp.com.br\/camarim\/?s={search_term_string}"},"query-input":{"@type":"PropertyValueSpecification","valueRequired":true,"valueName":"search_term_string"}}],"inLanguage":"pt-BR"},{"@type":"Organization","@id":"https:\/\/icomp.com.br\/camarim\/#organization","name":"Marketing Musical com Dhiego Bicudo","url":"https:\/\/icomp.com.br\/camarim\/","logo":{"@type":"ImageObject","inLanguage":"pt-BR","@id":"https:\/\/icomp.com.br\/camarim\/#\/schema\/logo\/image\/","url":"https:\/\/icomp.com.br\/camarim\/wp-content\/uploads\/2017\/10\/cropped-icone.png","contentUrl":"https:\/\/icomp.com.br\/camarim\/wp-content\/uploads\/2017\/10\/cropped-icone.png","width":512,"height":512,"caption":"Marketing Musical com Dhiego Bicudo"},"image":{"@id":"https:\/\/icomp.com.br\/camarim\/#\/schema\/logo\/image\/"},"sameAs":["https:\/\/www.facebook.com\/agenciaicomp","https:\/\/www.instagram.com\/dhiegobicudo","https:\/\/www.linkedin.com\/in\/dhiegobicudo","https:\/\/www.youtube.com\/@TrilhadoCantor"]},{"@type":"Person","@id":"https:\/\/icomp.com.br\/camarim\/#\/schema\/person\/d10a1b1471cde95c3738b4de07287002","name":"Dhiego Bicudo","image":{"@type":"ImageObject","inLanguage":"pt-BR","@id":"https:\/\/secure.gravatar.com\/avatar\/199e5081b46939e9add8e7fc06e802eb2f43ff99423ca0ef09d71f21882a5c49?s=96&d=mm&r=g","url":"https:\/\/secure.gravatar.com\/avatar\/199e5081b46939e9add8e7fc06e802eb2f43ff99423ca0ef09d71f21882a5c49?s=96&d=mm&r=g","contentUrl":"https:\/\/secure.gravatar.com\/avatar\/199e5081b46939e9add8e7fc06e802eb2f43ff99423ca0ef09d71f21882a5c49?s=96&d=mm&r=g","caption":"Dhiego Bicudo"},"description":"possui muita experi\u00eancia em estrat\u00e9gias de marketing musical para cantores, duplas e bandas na Ag\u00eancia ICOMP","url":"https:\/\/icomp.com.br\/camarim\/author\/d2ecf63ba8a1943f\/"}]}},"_links":{"self":[{"href":"https:\/\/icomp.com.br\/camarim\/wp-json\/wp\/v2\/posts\/157","targetHints":{"allow":["GET"]}}],"collection":[{"href":"https:\/\/icomp.com.br\/camarim\/wp-json\/wp\/v2\/posts"}],"about":[{"href":"https:\/\/icomp.com.br\/camarim\/wp-json\/wp\/v2\/types\/post"}],"author":[{"embeddable":true,"href":"https:\/\/icomp.com.br\/camarim\/wp-json\/wp\/v2\/users\/10"}],"replies":[{"embeddable":true,"href":"https:\/\/icomp.com.br\/camarim\/wp-json\/wp\/v2\/comments?post=157"}],"version-history":[{"count":0,"href":"https:\/\/icomp.com.br\/camarim\/wp-json\/wp\/v2\/posts\/157\/revisions"}],"wp:featuredmedia":[{"embeddable":true,"href":"https:\/\/icomp.com.br\/camarim\/wp-json\/wp\/v2\/media\/173"}],"wp:attachment":[{"href":"https:\/\/icomp.com.br\/camarim\/wp-json\/wp\/v2\/media?parent=157"}],"wp:term":[{"taxonomy":"category","embeddable":true,"href":"https:\/\/icomp.com.br\/camarim\/wp-json\/wp\/v2\/categories?post=157"},{"taxonomy":"post_tag","embeddable":true,"href":"https:\/\/icomp.com.br\/camarim\/wp-json\/wp\/v2\/tags?post=157"}],"curies":[{"name":"wp","href":"https:\/\/api.w.org\/{rel}","templated":true}]}}