{"id":1578,"date":"2026-01-06T09:00:00","date_gmt":"2026-01-06T12:00:00","guid":{"rendered":"https:\/\/icomp.com.br\/camarim\/?p=1578"},"modified":"2026-01-07T16:35:34","modified_gmt":"2026-01-07T19:35:34","slug":"capa-de-album-musical","status":"publish","type":"post","link":"https:\/\/icomp.com.br\/camarim\/capa-de-album-musical\/","title":{"rendered":"Capa de \u00c1lbum Musical: Guia Completo para artistas que buscam identidade e profissionalismo"},"content":{"rendered":"\n<p>A <strong>capa de \u00e1lbum musical<\/strong> \u00e9 muito mais do que um elemento visual obrigat\u00f3rio para publicar um projeto nas plataformas digitais. Ela \u00e9 a primeira impress\u00e3o, o primeiro sinal da sua <a href=\"https:\/\/icomp.com.br\/camarim\/identidade-musical\/\">identidade art\u00edstica<\/a> e, muitas vezes, o motivo decisivo para algu\u00e9m clicar e ouvir sua m\u00fasica. Em um cen\u00e1rio competitivo, onde cantores, duplas e bandas disputam aten\u00e7\u00e3o com milhares de lan\u00e7amentos di\u00e1rios, negligenciar esse detalhe \u00e9 abrir m\u00e3o de impacto, reconhecimento e profissionalismo.<\/p>\n\n\n\n<h2 class=\"wp-block-heading\"><strong>Por que a capa de \u00e1lbum musical \u00e9 t\u00e3o importante?<\/strong><\/h2>\n\n\n\n<p>No meu Camarim refor\u00e7o um ponto que muitos artistas independentes est\u00e3o ignorando nos tempos mais recentes: a capa comunica antes da m\u00fasica tocar. Ela traduz o clima, a emo\u00e7\u00e3o e o conceito do projeto. \u00c9 o impacto visual que conecta o ouvinte \u00e0 sua verdade art\u00edstica. Para quem ainda n\u00e3o \u00e9 amplamente reconhecido, abandonar esse processo \u00e9 quase um deboche com o pr\u00f3prio sonho \u2014 porque a imagem tamb\u00e9m constr\u00f3i carreira.<\/p>\n\n\n\n<p>Uma capa bem pensada:<\/p>\n\n\n\n<ul class=\"wp-block-list\">\n<li><strong>Impulsiona o reconhecimento<\/strong> \u2014 as pessoas come\u00e7am a conectar sua est\u00e9tica com o seu nome.<\/li>\n\n\n\n<li><strong>Aumenta o clique<\/strong> \u2014 capas fortes se destacam em playlists, m\u00eddias sociais e an\u00fancios.<\/li>\n\n\n\n<li><strong>Eleva o seu posicionamento<\/strong> \u2014 mostra que voc\u00ea leva sua arte de modo profissional.<\/li>\n\n\n\n<li><strong>Gera valor afetivo<\/strong> \u2014 m\u00fasicas marcantes s\u00e3o lembradas junto com suas capas.<\/li>\n<\/ul>\n\n\n\n<h2 class=\"wp-block-heading\"><strong>Exemplos atuais em design de capa de \u00e1lbum musical<\/strong><\/h2>\n\n\n\n<h2 class=\"wp-block-heading\"><strong>Artista: Paulinho Maate Quente | Produ\u00e7\u00e3o: Ag\u00eancia ICOMP<\/strong><\/h2>\n\n\n\n<h2 class=\"wp-block-heading\">Quando analisamos uma capa de \u00e1lbum musical, n\u00e3o estamos falando apenas de est\u00e9tica. Estamos falando de identidade, posicionamento, leitura visual, percep\u00e7\u00e3o de valor e conex\u00e3o emocional com o p\u00fablico. O comparativo entre o \u201cantes\u201d e o \u201cdepois\u201d desse projeto deixa isso muito claro. Como artista visual que sou, vou explicar por partes o que existe por tr\u00e1s de uma boa capa de \u00e1lbum.&nbsp;<\/h2>\n\n\n\n<figure class=\"wp-block-image size-full\"><img loading=\"lazy\" decoding=\"async\" width=\"600\" height=\"744\" src=\"https:\/\/icomp.com.br\/camarim\/wp-content\/uploads\/2025\/12\/image-3.jpg\" alt=\"\" class=\"wp-image-1582\" srcset=\"https:\/\/icomp.com.br\/camarim\/wp-content\/uploads\/2025\/12\/image-3.jpg 600w, https:\/\/icomp.com.br\/camarim\/wp-content\/uploads\/2025\/12\/image-3-242x300.jpg 242w\" sizes=\"auto, (max-width: 600px) 100vw, 600px\" \/><\/figure>\n\n\n\n<h2 class=\"wp-block-heading\">1. Conceito visual e narrativa<\/h2>\n\n\n\n<h2 class=\"wp-block-heading\">Antes:<br>A capa original apresenta um fundo gen\u00e9rico, com textura de parede e tipografia em neon. Apesar de visualmente chamativa, ela n\u00e3o comunica quem \u00e9 o artista, n\u00e3o apresenta rosto, n\u00e3o cria v\u00ednculo emocional e n\u00e3o contextualiza a m\u00fasica. \u00c9 uma arte que poderia servir para qualquer projeto, de qualquer artista.<\/h2>\n\n\n\n<h2 class=\"wp-block-heading\">Depois:<br>No material desenvolvido pela ICOMP, a capa passa a contar uma hist\u00f3ria. O artista \u00e9 o protagonista visual. A imagem central traz Paulinho em primeiro plano, com express\u00e3o, figurino e elemento cultural (o chimarr\u00e3o) que refor\u00e7am identidade, regionalidade e autenticidade. As imagens secund\u00e1rias ajudam a contextualizar o estilo de vida, a trajet\u00f3ria e o clima da m\u00fasica.<\/h2>\n\n\n\n<h2 class=\"wp-block-heading\">Por que essa mudan\u00e7a foi feita:<br>Porque a capa precisa ser uma tradu\u00e7\u00e3o visual da m\u00fasica e do artista. O p\u00fablico precisa bater o olho e entender quem est\u00e1 ali, o que aquela m\u00fasica representa e qual \u00e9 o universo daquele projeto.<\/h2>\n\n\n\n<h2 class=\"wp-block-heading\">2. Presen\u00e7a do artista e reconhecimento de imagem<\/h2>\n\n\n\n<h2 class=\"wp-block-heading\">Antes:<br>N\u00e3o h\u00e1 presen\u00e7a humana clara. O artista n\u00e3o aparece. Para quem ainda est\u00e1 construindo reconhecimento, isso \u00e9 um erro estrat\u00e9gico. A capa n\u00e3o ajuda o p\u00fablico a memorizar o rosto nem a associar imagem \u00e0 m\u00fasica.<\/h2>\n\n\n\n<h2 class=\"wp-block-heading\">Depois:<br>O artista est\u00e1 no centro da comunica\u00e7\u00e3o visual. O rosto \u00e9 vis\u00edvel, a postura \u00e9 natural e confiante, e o figurino conversa diretamente com a proposta da m\u00fasica. Isso gera reconhecimento imediato e fortalece a marca pessoal.<\/h2>\n\n\n\n<h2 class=\"wp-block-heading\">Por que essa mudan\u00e7a foi feita:<br>Porque identidade art\u00edstica se constr\u00f3i com repeti\u00e7\u00e3o visual. Quanto mais o p\u00fablico v\u00ea o artista, mais f\u00e1cil \u00e9 criar conex\u00e3o, lembran\u00e7a e autoridade.<\/h2>\n\n\n\n<h2 class=\"wp-block-heading\">3. Tipografia e hierarquia visual<\/h2>\n\n\n\n<h2 class=\"wp-block-heading\">Antes:<br>A tipografia em neon chama aten\u00e7\u00e3o, mas compete com o fundo e dificulta a leitura em miniatura, especialmente em plataformas de streaming. O nome do artista e da m\u00fasica n\u00e3o t\u00eam hierarquia clara.<\/h2>\n\n\n\n<h2 class=\"wp-block-heading\">Depois:<br>A tipografia foi redesenhada para criar contraste, leitura e hierarquia.<br>\u2013 Nome da m\u00fasica em destaque<br>\u2013 Nome do artista leg\u00edvel<br>\u2013 Assinatura visual coerente com o estilo musical<\/h2>\n\n\n\n<h2 class=\"wp-block-heading\">Funciona tanto em tamanho grande quanto em miniatura.<\/h2>\n\n\n\n<h2 class=\"wp-block-heading\">Por que essa mudan\u00e7a foi feita:<br>Porque a capa precisa funcionar em playlists, celular, an\u00fancios e redes sociais. Se n\u00e3o \u00e9 leg\u00edvel em miniatura, ela perde efici\u00eancia.<\/h2>\n\n\n\n<h2 class=\"wp-block-heading\">4. Paleta de cores e atmosfera<\/h2>\n\n\n\n<h2 class=\"wp-block-heading\">Antes:<br>Cores fortes e artificiais, sem rela\u00e7\u00e3o direta com emo\u00e7\u00e3o, letra ou clima da m\u00fasica. A paleta chama aten\u00e7\u00e3o, mas n\u00e3o cria atmosfera emocional.<\/h2>\n\n\n\n<h2 class=\"wp-block-heading\">Depois:<br>As cores foram escolhidas para refor\u00e7ar emo\u00e7\u00e3o, calor humano e identidade cultural. Tons mais naturais, contrastes equilibrados e ilumina\u00e7\u00e3o pensada para criar profundidade e impacto.<\/h2>\n\n\n\n<h2 class=\"wp-block-heading\">Por que essa mudan\u00e7a foi feita:<br>Porque a capa n\u00e3o \u00e9 s\u00f3 para \u201cchamar aten\u00e7\u00e3o\u201d, ela precisa fazer sentir algo antes mesmo da m\u00fasica tocar.<\/h2>\n\n\n\n<h3 class=\"wp-block-heading\">5. Profissionalismo e percep\u00e7\u00e3o de valor<\/h3>\n\n\n\n<h2 class=\"wp-block-heading\">Antes:<br>A arte transmite uma sensa\u00e7\u00e3o de improviso. Mesmo bem-intencionada, passa a leitura de algo feito rapidamente, sem estrat\u00e9gia e sem dire\u00e7\u00e3o art\u00edstica clara.<\/h2>\n\n\n\n<h2 class=\"wp-block-heading\">Depois:<br>A capa final transmite profissionalismo, cuidado e inten\u00e7\u00e3o. Ela poderia estar tranquilamente em destaque em playlists editoriais, campanhas patrocinadas ou materiais promocionais.<\/h2>\n\n\n\n<h2 class=\"wp-block-heading\">Por que essa mudan\u00e7a foi feita:<br>Porque o p\u00fablico, as plataformas e o mercado julgam antes de ouvir. Uma capa profissional eleva automaticamente a percep\u00e7\u00e3o de valor da m\u00fasica.<\/h2>\n\n\n\n<h2 class=\"wp-block-heading\"><strong>A diferen\u00e7a entre DIY (amador) e trabalho profissional<\/strong><\/h2>\n\n\n\n<h2 class=\"wp-block-heading\">Fazer uma capa de forma amadora, no estilo \u201cfa\u00e7a voc\u00ea mesmo\u201d, n\u00e3o \u00e9 errado quando se est\u00e1 testando ideias. O problema \u00e9 quando isso vira padr\u00e3o em uma carreira que quer crescer.<\/h2>\n\n\n\n<h2 class=\"wp-block-heading\">O trabalho profissional:<\/h2>\n\n\n\n<ul class=\"wp-block-list\">\n<li>Parte de conceito, n\u00e3o de template<\/li>\n\n\n\n<li>Usa imagem como estrat\u00e9gia, n\u00e3o como enfeite<\/li>\n\n\n\n<li>Constr\u00f3i identidade ao longo do tempo<\/li>\n\n\n\n<li>Facilita reconhecimento e posicionamento<\/li>\n\n\n\n<li>Aumenta a chance de destaque em plataformas<\/li>\n<\/ul>\n\n\n\n<h2 class=\"wp-block-heading\">A capa de \u00e1lbum musical n\u00e3o \u00e9 um detalhe t\u00e9cnico para subir a m\u00fasica. Ela \u00e9 parte da obra. \u00c9 parte da mem\u00f3ria afetiva que o p\u00fablico vai criar com aquele lan\u00e7amento Quando voc\u00ea trata a capa com seriedade, voc\u00ea comunica algo muito claro para o mercado: \u201cEu levo minha carreira a s\u00e9rio.\u201d E isso muda tudo.&nbsp;<\/h2>\n\n\n\n<p>Agora que voc\u00ea j\u00e1 compreendeu essa diferen\u00e7a,&nbsp; vamos agora analisar outros exemplos de inspira\u00e7\u00f5es de capas de \u00e1lbuns que desenvolvemos recentemente.&nbsp;<\/p>\n\n\n\n<h2 class=\"wp-block-heading\"><strong>Artista: Tarc\u00edsio | Produ\u00e7\u00e3o: Ag\u00eancia ICOMP<\/strong><\/h2>\n\n\n\n<figure class=\"wp-block-image size-full\"><img loading=\"lazy\" decoding=\"async\" width=\"419\" height=\"531\" src=\"https:\/\/icomp.com.br\/camarim\/wp-content\/uploads\/2025\/12\/image-2.jpg\" alt=\"\" class=\"wp-image-1581\" srcset=\"https:\/\/icomp.com.br\/camarim\/wp-content\/uploads\/2025\/12\/image-2.jpg 419w, https:\/\/icomp.com.br\/camarim\/wp-content\/uploads\/2025\/12\/image-2-237x300.jpg 237w\" sizes=\"auto, (max-width: 419px) 100vw, 419px\" \/><\/figure>\n\n\n\n<h2 class=\"wp-block-heading\"><strong>Artista: Caio e Henrique | Produ\u00e7\u00e3o: Ag\u00eancia ICOMP&nbsp;<\/strong><\/h2>\n\n\n\n<figure class=\"wp-block-image size-full\"><img loading=\"lazy\" decoding=\"async\" width=\"421\" height=\"524\" src=\"https:\/\/icomp.com.br\/camarim\/wp-content\/uploads\/2025\/12\/image-1.jpg\" alt=\"\" class=\"wp-image-1579\" srcset=\"https:\/\/icomp.com.br\/camarim\/wp-content\/uploads\/2025\/12\/image-1.jpg 421w, https:\/\/icomp.com.br\/camarim\/wp-content\/uploads\/2025\/12\/image-1-241x300.jpg 241w\" sizes=\"auto, (max-width: 421px) 100vw, 421px\" \/><\/figure>\n\n\n\n<h2 class=\"wp-block-heading\"><strong>Artista: Duda| Produ\u00e7\u00e3o: Ag\u00eancia ICOMP&nbsp;<\/strong><\/h2>\n\n\n\n<figure class=\"wp-block-image size-full\"><img loading=\"lazy\" decoding=\"async\" width=\"418\" height=\"522\" src=\"https:\/\/icomp.com.br\/camarim\/wp-content\/uploads\/2025\/12\/image.jpg\" alt=\"\" class=\"wp-image-1580\" srcset=\"https:\/\/icomp.com.br\/camarim\/wp-content\/uploads\/2025\/12\/image.jpg 418w, https:\/\/icomp.com.br\/camarim\/wp-content\/uploads\/2025\/12\/image-240x300.jpg 240w\" sizes=\"auto, (max-width: 418px) 100vw, 418px\" \/><\/figure>\n\n\n\n<h2 class=\"wp-block-heading\"><strong>Melhores servi\u00e7os e profissionais para capa de \u00e1lbum musical no Brasil<\/strong><\/h2>\n\n\n\n<p>Ao buscar servi\u00e7os confi\u00e1veis para criar sua <strong>capa de \u00e1lbum musical<\/strong>, artistas e equipes de marketing geralmente avaliam tr\u00eas caminhos:<\/p>\n\n\n\n<h3 class=\"wp-block-heading\"><strong>1. Est\u00fadios e ag\u00eancias especializadas<\/strong><\/h3>\n\n\n\n<p>Voc\u00ea encontra no mercado empresas que entregam branding com todo o conceito para artistas, incluindo dire\u00e7\u00e3o art\u00edstica, ensaios fotogr\u00e1ficos e o design de capas. Procure profissionais com portfolio s\u00f3lido, que entendam de mercado musical e seu posicionamento. <a href=\"https:\/\/icomp.com.br\/camarim\/agencia-para-artistas\/\">Ag\u00eancias<\/a> especializadas em identidade musical ajudam a criar coer\u00eancia visual entre capa, campanha e redes sociais.<\/p>\n\n\n\n<h3 class=\"wp-block-heading\"><strong>2. Designers independentes<\/strong><\/h3>\n\n\n\n<p>Muitos artistas optam por contratar designers pelo Instagram, Behance ou plataformas como 99Designs e Workana. Essa op\u00e7\u00e3o funciona bem para quem busca personaliza\u00e7\u00e3o e flexibilidade, mas vai exigir de voc\u00ea o direcionamento e as informa\u00e7\u00f5es criativas diretas e claras. Vai ser necess\u00e1rio enviar refer\u00eancias, clima da m\u00fasica, letra e organizar a dire\u00e7\u00e3o criativa. A dificuldade aqui \u00e9 pensar nisso, encontrar profissionais comprometidos e com experi\u00eancia no mercado musical, por isso, recomendamos muito que analise o <a href=\"https:\/\/www.flickr.com\/photos\/icomp\/albums\/72157627326317177\/\">portf\u00f3lio<\/a> e experi\u00eancia do fornecedor.&nbsp;<\/p>\n\n\n\n<h3 class=\"wp-block-heading\"><strong>3. Plataformas de cria\u00e7\u00e3o com suporte profissional<\/strong><\/h3>\n\n\n\n<p>Ferramentas como Canva Pro, Adobe Express ou Kittl permitem criar capas com templates profissionais, mas o ideal \u00e9 que um designer fa\u00e7a as adapta\u00e7\u00f5es finais. Lembre-se: est\u00e9tica sem identidade n\u00e3o constr\u00f3i carreira.<\/p>\n\n\n\n<h2 class=\"wp-block-heading\"><strong>Como criar uma capa de \u00e1lbum musical profissional online<\/strong><\/h2>\n\n\n\n<p>Para quem quer criar por conta pr\u00f3pria ou direcionar melhor um designer, aqui vai um passo a passo baseado nas minhas orienta\u00e7\u00f5es profissionais:&nbsp;<\/p>\n\n\n\n<ol class=\"wp-block-list\">\n<li><strong>Defina o conceito do projeto<\/strong> \u2014 clima, emo\u00e7\u00e3o, paleta de cores e est\u00e9tica geral.<\/li>\n\n\n\n<li><strong>Escolha fotos fortes<\/strong> \u2014 imagens que expressem sua verdade art\u00edstica e n\u00e3o apenas beleza est\u00e9tica.<\/li>\n\n\n\n<li><strong>Use tipografia alinhada ao estilo musical<\/strong> \u2014 sertanejo, pop, gospel, trap\u2026 cada g\u00eanero pede um tratamento visual.<\/li>\n\n\n\n<li><strong>Mantenha coer\u00eancia com seus perfis<\/strong> \u2014 capa, feed e clipes precisam falar a mesma l\u00edngua.<\/li>\n\n\n\n<li><strong>Teste em miniatura<\/strong> \u2014 capas precisam funcionar tamb\u00e9m em aplica\u00e7\u00f5es diferentes como nas playlists.<\/li>\n<\/ol>\n\n\n\n<h2 class=\"wp-block-heading\"><strong>Apps recomendados para criar capa de \u00e1lbum musical no celular<\/strong><\/h2>\n\n\n\n<ul class=\"wp-block-list\">\n<li>Canva<\/li>\n\n\n\n<li>Lightroom Mobile (edi\u00e7\u00e3o pr\u00e9via da foto)<\/li>\n\n\n\n<li>PicsArt<\/li>\n\n\n\n<li>Adobe Express<\/li>\n<\/ul>\n\n\n\n<p>Esses apps s\u00e3o \u00fateis, mas lembre-se: o app n\u00e3o substitui <a href=\"https:\/\/icomp.com.br\/camarim\/identidade-musical\/\">identidade art\u00edstica<\/a> \u2014 ele apenas facilita o processo.<\/p>\n\n\n\n<h2 class=\"wp-block-heading\"><strong>Quanto custa criar uma capa de \u00e1lbum musical personalizada?<\/strong><\/h2>\n\n\n\n<p>O valor varia conforme complexidade, profissional contratado e escopo. Uma <strong>capa de \u00e1lbum musical<\/strong> pode custar:<\/p>\n\n\n\n<ul class=\"wp-block-list\">\n<li>R$ 150 a R$ 300 \u2014 designers iniciantes ou templates editados;<\/li>\n\n\n\n<li>R$ 400 a R$ 1000 \u2014 profissionais intermedi\u00e1rios, com dire\u00e7\u00e3o criativa;<\/li>\n\n\n\n<li>R$ 1500+ \u2014 est\u00fadios especializados que entregam identidade completa.<\/li>\n<\/ul>\n\n\n\n<p>Para projetos profissionais, o ideal \u00e9 investir em quem entende de marketing musical e posicionamento visual.<\/p>\n\n\n\n<h2 class=\"wp-block-heading\"><strong>Como enviar arte para impress\u00e3o de capa de \u00e1lbum musical<\/strong><\/h2>\n\n\n\n<p>Mesmo que voc\u00ea foque no digital, ainda h\u00e1 demanda por CD e merchandising. Para impress\u00e3o:<\/p>\n\n\n\n<ul class=\"wp-block-list\">\n<li>Use resolu\u00e7\u00e3o m\u00ednima de <strong>300 DPI<\/strong>;<\/li>\n\n\n\n<li>Formato CMYK;<\/li>\n\n\n\n<li>Inclua sangria de 3mm;<\/li>\n\n\n\n<li>Solicite o gabarito da gr\u00e1fica.<\/li>\n<\/ul>\n\n\n\n<h2 class=\"wp-block-heading\"><strong>Como escolher o formato ideal para capa de \u00e1lbum musical digital<\/strong><\/h2>\n\n\n\n<p>As plataformas exigem formato quadrado (1:1). Use:<\/p>\n\n\n\n<ul class=\"wp-block-list\">\n<li>3000&#215;3000 px (recomendado)<\/li>\n\n\n\n<li>JPG ou PNG<\/li>\n<\/ul>\n\n\n\n<p>Evite imagens com texto muito pequeno, pois a miniatura reduz drasticamente a legibilidade.<\/p>\n\n\n\n<h2 class=\"wp-block-heading\"><strong>Requisitos t\u00e9cnicos para streaming<\/strong><\/h2>\n\n\n\n<p>Spotify, Deezer, Apple Music e outras plataformas t\u00eam regras claras para <strong>capa de \u00e1lbum musical<\/strong>:<\/p>\n\n\n\n<ul class=\"wp-block-list\">\n<li>N\u00e3o usar logos de marcas;<\/li>\n\n\n\n<li>N\u00e3o incluir pre\u00e7os ou URLs;<\/li>\n\n\n\n<li>Evitar excesso de efeitos que comprometam contraste;<\/li>\n\n\n\n<li>Imagem precisa ser original e com direitos autorais garantidos.<\/li>\n<\/ul>\n\n\n\n<h2 class=\"wp-block-heading\"><strong>Como proteger os direitos autorais da capa<\/strong><\/h2>\n\n\n\n<p>A prote\u00e7\u00e3o acontece automaticamente quando a obra \u00e9 criada, mas recomenda-se registrar a arte no:<\/p>\n\n\n\n<ul class=\"wp-block-list\">\n<li>Registro de Direitos Autorais da Biblioteca Nacional;<\/li>\n\n\n\n<li>Servi\u00e7os como QR Code ICS, Records ou MyCreativeRegistry.<\/li>\n<\/ul>\n\n\n\n<h2 class=\"wp-block-heading\"><strong>Onde encontrar inspira\u00e7\u00e3o para capas modernas<\/strong><\/h2>\n\n\n\n<p>Alguns lugares \u00fateis:<\/p>\n\n\n\n<ul class=\"wp-block-list\">\n<li>Pinterest, Behance<\/li>\n\n\n\n<li>Spotify e Apple Music (tend\u00eancias reais)<\/li>\n\n\n\n<li>Clipe (est\u00e9tica do videoclipe ajuda no conceito)<\/li>\n\n\n\n<li>Refer\u00eancias visuais de shows, turn\u00eas e ensaios fotogr\u00e1ficos<\/li>\n\n\n\n<li><a href=\"https:\/\/www.flickr.com\/photos\/icomp\/albums\/72157627326317177\/\">Portf\u00f3lios<\/a> de ag\u00eancias especializadas como a ICOMP<\/li>\n<\/ul>\n\n\n\n<h2 class=\"wp-block-heading\"><strong>Como integrar a capa \u00e0s m\u00eddias sociais de forma profissional<\/strong><\/h2>\n\n\n\n<p>A <strong>capa de \u00e1lbum musical<\/strong> deve ser a base de toda sua comunica\u00e7\u00e3o:<\/p>\n\n\n\n<ul class=\"wp-block-list\">\n<li>Stories de pre-save e chamadas de a\u00e7\u00e3o;<\/li>\n\n\n\n<li>Arte do canal no YouTube;<\/li>\n\n\n\n<li>Capa dos destaques no Instagram;<\/li>\n\n\n\n<li>Thumbnail de lyric videos;<\/li>\n\n\n\n<li>Foto de perfil tempor\u00e1ria;<\/li>\n\n\n\n<li>Artes de an\u00fancios.<\/li>\n<\/ul>\n\n\n\n<p>No Camarim, sempre&nbsp; refor\u00e7o: a identidade visual coerente cria percep\u00e7\u00e3o de profissionalismo instant\u00e2nea.<\/p>\n\n\n\n<h2 class=\"wp-block-heading\"><strong>Como transformar uma foto em capa usando ferramentas digitais<\/strong><\/h2>\n\n\n\n<p>Fluxo recomendado:<\/p>\n\n\n\n<ol class=\"wp-block-list\">\n<li>Edite a foto no Lightroom (corre\u00e7\u00e3o e estilo);<\/li>\n\n\n\n<li>Use Canva ou Photoshop para adicionar tipografia e textura;<\/li>\n\n\n\n<li>Teste vers\u00f5es diferentes em miniatura (essencial);<\/li>\n\n\n\n<li>Pe\u00e7a feedback profissional.<\/li>\n<\/ol>\n\n\n\n<h2 class=\"wp-block-heading\"><strong>Onde contratar servi\u00e7os de edi\u00e7\u00e3o e finaliza\u00e7\u00e3o<\/strong><\/h2>\n\n\n\n<p>Voc\u00ea pode contratar:<\/p>\n\n\n\n<ul class=\"wp-block-list\">\n<li>Designers no Instagram ou Behance;<\/li>\n\n\n\n<li>Profissionais indicados por est\u00fadios de m\u00fasica;<\/li>\n\n\n\n<li>Ag\u00eancias especialistas em identidade musical como a ICOMP&nbsp;<\/li>\n\n\n\n<li>Freelancers qualificados em plataformas de design.<\/li>\n<\/ul>\n\n\n\n<h2 class=\"wp-block-heading\"><strong>Como personalizar capas para CD, vinil e formatos digitais<\/strong><\/h2>\n\n\n\n<p>Adapte a composi\u00e7\u00e3o considerando:<\/p>\n\n\n\n<ul class=\"wp-block-list\">\n<li>Espa\u00e7o extra para laterais e contracapa (f\u00edsico);<\/li>\n\n\n\n<li>Legibilidade reduzida (digital);<\/li>\n\n\n\n<li>Paleta e estilo coerentes em todas as vers\u00f5es.<\/li>\n<\/ul>\n\n\n\n<h2 class=\"wp-block-heading\"><strong>Como otimizar a capa para visualiza\u00e7\u00e3o em dispositivos m\u00f3veis<\/strong><\/h2>\n\n\n\n<p>Dicas essenciais:<\/p>\n\n\n\n<ul class=\"wp-block-list\">\n<li>Evite texto muito pequeno;<\/li>\n\n\n\n<li>Foque em contraste forte;<\/li>\n\n\n\n<li>Use poucos elementos visuais;<\/li>\n\n\n\n<li>Teste no celular antes de aprovar.<\/li>\n<\/ul>\n\n\n\n<h2 class=\"wp-block-heading\"><strong>Onde buscar feedback profissional antes do lan\u00e7amento<\/strong><\/h2>\n\n\n\n<p>Voc\u00ea pode validar sua <strong>capa de \u00e1lbum musical<\/strong> com:<\/p>\n\n\n\n<ul class=\"wp-block-list\">\n<li>Dhiego Bicudo, especialista em marketing musical e design por meio de uma <a href=\"https:\/\/conteudo.icomp.com.br\/avaliacao-de-perfil-musical\">an\u00e1lise de perfil musical<\/a><\/li>\n\n\n\n<li>Produtores e diretores art\u00edsticos<\/li>\n\n\n\n<li>A&amp;R de gravadoras, distribuidoras;<\/li>\n<\/ul>\n\n\n\n<h2 class=\"wp-block-heading\"><strong>Conclus\u00e3o: sua capa \u00e9 t\u00e3o estrat\u00e9gica quanto sua m\u00fasica<\/strong><\/h2>\n\n\n\n<p>Para finalizar voc\u00ea precisa entender que a capa faz parte da sua arte, um s\u00edmbolo da sua identidade e uma oportunidade de impacto. Em um mercado saturado, artistas que tratam imagem com seriedade conseguem se posicionar melhor, conquistar p\u00fablico mais r\u00e1pido e gerar percep\u00e7\u00e3o de profissionalismo. Sua <strong>capa de \u00e1lbum musical<\/strong> n\u00e3o \u00e9 detalhe: \u00e9 estrat\u00e9gia.<\/p>\n\n\n\n<p>Se voc\u00ea quer uma an\u00e1lise profissional da sua identidade musical, capas anteriores e posicionamento visual, <strong>agende sua an\u00e1lise gratuita comigo<\/strong>!<a href=\"https:\/\/conteudo.icomp.com.br\/avaliacao-de-perfil-musical\">&nbsp;<\/a><a href=\"https:\/\/conteudo.icomp.com.br\/avaliacao-de-perfil-musical\">https:\/\/conteudo.icomp.com.br\/avaliacao-de-perfil-musical<\/a>.<\/p>\n","protected":false},"excerpt":{"rendered":"<p>A capa de \u00e1lbum musical \u00e9 muito mais do que um elemento visual obrigat\u00f3rio para publicar um projeto nas plataformas digitais. Ela \u00e9 a primeira impress\u00e3o, o primeiro sinal da sua identidade art\u00edstica e, muitas vezes, o motivo decisivo para algu\u00e9m clicar e ouvir sua m\u00fasica. Em um cen\u00e1rio competitivo, onde cantores, duplas e bandas [&hellip;]<\/p>\n","protected":false},"author":10,"featured_media":1584,"comment_status":"open","ping_status":"closed","sticky":false,"template":"","format":"standard","meta":{"ocean_post_layout":"","ocean_both_sidebars_style":"","ocean_both_sidebars_content_width":0,"ocean_both_sidebars_sidebars_width":0,"ocean_sidebar":"","ocean_second_sidebar":"","ocean_disable_margins":"enable","ocean_add_body_class":"","ocean_shortcode_before_top_bar":"","ocean_shortcode_after_top_bar":"","ocean_shortcode_before_header":"","ocean_shortcode_after_header":"","ocean_has_shortcode":"","ocean_shortcode_after_title":"","ocean_shortcode_before_footer_widgets":"","ocean_shortcode_after_footer_widgets":"","ocean_shortcode_before_footer_bottom":"","ocean_shortcode_after_footer_bottom":"","ocean_display_top_bar":"default","ocean_display_header":"default","ocean_header_style":"","ocean_center_header_left_menu":"","ocean_custom_header_template":"","ocean_custom_logo":0,"ocean_custom_retina_logo":0,"ocean_custom_logo_max_width":0,"ocean_custom_logo_tablet_max_width":0,"ocean_custom_logo_mobile_max_width":0,"ocean_custom_logo_max_height":0,"ocean_custom_logo_tablet_max_height":0,"ocean_custom_logo_mobile_max_height":0,"ocean_header_custom_menu":"","ocean_menu_typo_font_family":"","ocean_menu_typo_font_subset":"","ocean_menu_typo_font_size":0,"ocean_menu_typo_font_size_tablet":0,"ocean_menu_typo_font_size_mobile":0,"ocean_menu_typo_font_size_unit":"px","ocean_menu_typo_font_weight":"","ocean_menu_typo_font_weight_tablet":"","ocean_menu_typo_font_weight_mobile":"","ocean_menu_typo_transform":"","ocean_menu_typo_transform_tablet":"","ocean_menu_typo_transform_mobile":"","ocean_menu_typo_line_height":0,"ocean_menu_typo_line_height_tablet":0,"ocean_menu_typo_line_height_mobile":0,"ocean_menu_typo_line_height_unit":"","ocean_menu_typo_spacing":0,"ocean_menu_typo_spacing_tablet":0,"ocean_menu_typo_spacing_mobile":0,"ocean_menu_typo_spacing_unit":"","ocean_menu_link_color":"","ocean_menu_link_color_hover":"","ocean_menu_link_color_active":"","ocean_menu_link_background":"","ocean_menu_link_hover_background":"","ocean_menu_link_active_background":"","ocean_menu_social_links_bg":"","ocean_menu_social_hover_links_bg":"","ocean_menu_social_links_color":"","ocean_menu_social_hover_links_color":"","ocean_disable_title":"default","ocean_disable_heading":"default","ocean_post_title":"","ocean_post_subheading":"","ocean_post_title_style":"","ocean_post_title_background_color":"","ocean_post_title_background":0,"ocean_post_title_bg_image_position":"","ocean_post_title_bg_image_attachment":"","ocean_post_title_bg_image_repeat":"","ocean_post_title_bg_image_size":"","ocean_post_title_height":0,"ocean_post_title_bg_overlay":0.5,"ocean_post_title_bg_overlay_color":"","ocean_disable_breadcrumbs":"default","ocean_breadcrumbs_color":"","ocean_breadcrumbs_separator_color":"","ocean_breadcrumbs_links_color":"","ocean_breadcrumbs_links_hover_color":"","ocean_display_footer_widgets":"default","ocean_display_footer_bottom":"default","ocean_custom_footer_template":"","ocean_post_oembed":"","ocean_post_self_hosted_media":"","ocean_post_video_embed":"","ocean_link_format":"","ocean_link_format_target":"self","ocean_quote_format":"","ocean_quote_format_link":"post","ocean_gallery_link_images":"on","ocean_gallery_id":[],"footnotes":""},"categories":[107],"tags":[121],"class_list":["post-1578","post","type-post","status-publish","format-standard","has-post-thumbnail","hentry","category-gestao-de-carreira-musical","tag-capa-de-album-musical","entry","has-media"],"yoast_head":"<!-- This site is optimized with the Yoast SEO plugin v27.4 - https:\/\/yoast.com\/product\/yoast-seo-wordpress\/ -->\n<title>Capa de \u00c1lbum Musical: Guia Completo para artistas que buscam identidade e profissionalismo - Marketing Musical com Dhiego Bicudo<\/title>\n<meta name=\"description\" content=\"Capa de \u00e1lbum musical: guia completo para artistas que querem identidade visual forte, profissionalismo e capas que geram destaque.\" \/>\n<meta name=\"robots\" content=\"index, follow, max-snippet:-1, max-image-preview:large, max-video-preview:-1\" \/>\n<link rel=\"canonical\" href=\"https:\/\/icomp.com.br\/camarim\/capa-de-album-musical\/\" \/>\n<meta property=\"og:locale\" content=\"pt_BR\" \/>\n<meta property=\"og:type\" content=\"article\" \/>\n<meta property=\"og:title\" content=\"Capa de \u00c1lbum Musical: Guia Completo para artistas que buscam identidade e profissionalismo - Marketing Musical com Dhiego Bicudo\" \/>\n<meta property=\"og:description\" content=\"Capa de \u00e1lbum musical: guia completo para artistas que querem identidade visual forte, profissionalismo e capas que geram destaque.\" \/>\n<meta property=\"og:url\" content=\"https:\/\/icomp.com.br\/camarim\/capa-de-album-musical\/\" \/>\n<meta property=\"og:site_name\" content=\"Marketing Musical com Dhiego Bicudo\" \/>\n<meta property=\"article:publisher\" content=\"https:\/\/www.facebook.com\/agenciaicomp\" \/>\n<meta property=\"article:published_time\" content=\"2026-01-06T12:00:00+00:00\" \/>\n<meta property=\"article:modified_time\" content=\"2026-01-07T19:35:34+00:00\" \/>\n<meta property=\"og:image\" content=\"https:\/\/icomp.com.br\/camarim\/wp-content\/uploads\/2025\/12\/Capa-de-album-musical.jpg\" \/>\n\t<meta property=\"og:image:width\" content=\"1920\" \/>\n\t<meta property=\"og:image:height\" content=\"1280\" \/>\n\t<meta property=\"og:image:type\" content=\"image\/jpeg\" \/>\n<meta name=\"author\" content=\"Dhiego Bicudo\" \/>\n<meta name=\"twitter:card\" content=\"summary_large_image\" \/>\n<meta name=\"twitter:label1\" content=\"Escrito por\" \/>\n\t<meta name=\"twitter:data1\" content=\"Dhiego Bicudo\" \/>\n\t<meta name=\"twitter:label2\" content=\"Est. tempo de leitura\" \/>\n\t<meta name=\"twitter:data2\" content=\"12 minutos\" \/>\n<script type=\"application\/ld+json\" class=\"yoast-schema-graph\">{\"@context\":\"https:\\\/\\\/schema.org\",\"@graph\":[{\"@type\":\"Article\",\"@id\":\"https:\\\/\\\/icomp.com.br\\\/camarim\\\/capa-de-album-musical\\\/#article\",\"isPartOf\":{\"@id\":\"https:\\\/\\\/icomp.com.br\\\/camarim\\\/capa-de-album-musical\\\/\"},\"author\":{\"name\":\"Dhiego Bicudo\",\"@id\":\"https:\\\/\\\/icomp.com.br\\\/camarim\\\/#\\\/schema\\\/person\\\/d10a1b1471cde95c3738b4de07287002\"},\"headline\":\"Capa de \u00c1lbum Musical: Guia Completo para artistas que buscam identidade e profissionalismo\",\"datePublished\":\"2026-01-06T12:00:00+00:00\",\"dateModified\":\"2026-01-07T19:35:34+00:00\",\"mainEntityOfPage\":{\"@id\":\"https:\\\/\\\/icomp.com.br\\\/camarim\\\/capa-de-album-musical\\\/\"},\"wordCount\":2148,\"commentCount\":0,\"publisher\":{\"@id\":\"https:\\\/\\\/icomp.com.br\\\/camarim\\\/#organization\"},\"image\":{\"@id\":\"https:\\\/\\\/icomp.com.br\\\/camarim\\\/capa-de-album-musical\\\/#primaryimage\"},\"thumbnailUrl\":\"https:\\\/\\\/icomp.com.br\\\/camarim\\\/wp-content\\\/uploads\\\/2025\\\/12\\\/Capa-de-album-musical.jpg\",\"keywords\":[\"Capa de \u00e1lbum musical\"],\"articleSection\":[\"Gest\u00e3o de Carreira Musical\"],\"inLanguage\":\"pt-BR\",\"potentialAction\":[{\"@type\":\"CommentAction\",\"name\":\"Comment\",\"target\":[\"https:\\\/\\\/icomp.com.br\\\/camarim\\\/capa-de-album-musical\\\/#respond\"]}]},{\"@type\":\"WebPage\",\"@id\":\"https:\\\/\\\/icomp.com.br\\\/camarim\\\/capa-de-album-musical\\\/\",\"url\":\"https:\\\/\\\/icomp.com.br\\\/camarim\\\/capa-de-album-musical\\\/\",\"name\":\"Capa de \u00c1lbum Musical: Guia Completo para artistas que buscam identidade e profissionalismo - Marketing Musical com Dhiego Bicudo\",\"isPartOf\":{\"@id\":\"https:\\\/\\\/icomp.com.br\\\/camarim\\\/#website\"},\"primaryImageOfPage\":{\"@id\":\"https:\\\/\\\/icomp.com.br\\\/camarim\\\/capa-de-album-musical\\\/#primaryimage\"},\"image\":{\"@id\":\"https:\\\/\\\/icomp.com.br\\\/camarim\\\/capa-de-album-musical\\\/#primaryimage\"},\"thumbnailUrl\":\"https:\\\/\\\/icomp.com.br\\\/camarim\\\/wp-content\\\/uploads\\\/2025\\\/12\\\/Capa-de-album-musical.jpg\",\"datePublished\":\"2026-01-06T12:00:00+00:00\",\"dateModified\":\"2026-01-07T19:35:34+00:00\",\"description\":\"Capa de \u00e1lbum musical: guia completo para artistas que querem identidade visual forte, profissionalismo e capas que geram destaque.\",\"breadcrumb\":{\"@id\":\"https:\\\/\\\/icomp.com.br\\\/camarim\\\/capa-de-album-musical\\\/#breadcrumb\"},\"inLanguage\":\"pt-BR\",\"potentialAction\":[{\"@type\":\"ReadAction\",\"target\":[\"https:\\\/\\\/icomp.com.br\\\/camarim\\\/capa-de-album-musical\\\/\"]}]},{\"@type\":\"ImageObject\",\"inLanguage\":\"pt-BR\",\"@id\":\"https:\\\/\\\/icomp.com.br\\\/camarim\\\/capa-de-album-musical\\\/#primaryimage\",\"url\":\"https:\\\/\\\/icomp.com.br\\\/camarim\\\/wp-content\\\/uploads\\\/2025\\\/12\\\/Capa-de-album-musical.jpg\",\"contentUrl\":\"https:\\\/\\\/icomp.com.br\\\/camarim\\\/wp-content\\\/uploads\\\/2025\\\/12\\\/Capa-de-album-musical.jpg\",\"width\":1920,\"height\":1280,\"caption\":\"Capa de \u00e1lbum musical\"},{\"@type\":\"BreadcrumbList\",\"@id\":\"https:\\\/\\\/icomp.com.br\\\/camarim\\\/capa-de-album-musical\\\/#breadcrumb\",\"itemListElement\":[{\"@type\":\"ListItem\",\"position\":1,\"name\":\"Home\",\"item\":\"https:\\\/\\\/icomp.com.br\\\/camarim\\\/\"},{\"@type\":\"ListItem\",\"position\":2,\"name\":\"Capa de \u00c1lbum Musical: Guia Completo para artistas que buscam identidade e profissionalismo\"}]},{\"@type\":\"WebSite\",\"@id\":\"https:\\\/\\\/icomp.com.br\\\/camarim\\\/#website\",\"url\":\"https:\\\/\\\/icomp.com.br\\\/camarim\\\/\",\"name\":\"Marketing Musical com Dhiego Bicudo\",\"description\":\"Conhe\u00e7a as estrat\u00e9gias no marketing musical que uso na Ag\u00eancia ICOMP para transformar cantores, duplas e bandas em artistas reconhecidos\",\"publisher\":{\"@id\":\"https:\\\/\\\/icomp.com.br\\\/camarim\\\/#organization\"},\"potentialAction\":[{\"@type\":\"SearchAction\",\"target\":{\"@type\":\"EntryPoint\",\"urlTemplate\":\"https:\\\/\\\/icomp.com.br\\\/camarim\\\/?s={search_term_string}\"},\"query-input\":{\"@type\":\"PropertyValueSpecification\",\"valueRequired\":true,\"valueName\":\"search_term_string\"}}],\"inLanguage\":\"pt-BR\"},{\"@type\":\"Organization\",\"@id\":\"https:\\\/\\\/icomp.com.br\\\/camarim\\\/#organization\",\"name\":\"Marketing Musical com Dhiego Bicudo\",\"url\":\"https:\\\/\\\/icomp.com.br\\\/camarim\\\/\",\"logo\":{\"@type\":\"ImageObject\",\"inLanguage\":\"pt-BR\",\"@id\":\"https:\\\/\\\/icomp.com.br\\\/camarim\\\/#\\\/schema\\\/logo\\\/image\\\/\",\"url\":\"https:\\\/\\\/icomp.com.br\\\/camarim\\\/wp-content\\\/uploads\\\/2017\\\/10\\\/cropped-icone.png\",\"contentUrl\":\"https:\\\/\\\/icomp.com.br\\\/camarim\\\/wp-content\\\/uploads\\\/2017\\\/10\\\/cropped-icone.png\",\"width\":512,\"height\":512,\"caption\":\"Marketing Musical com Dhiego Bicudo\"},\"image\":{\"@id\":\"https:\\\/\\\/icomp.com.br\\\/camarim\\\/#\\\/schema\\\/logo\\\/image\\\/\"},\"sameAs\":[\"https:\\\/\\\/www.facebook.com\\\/agenciaicomp\",\"https:\\\/\\\/www.instagram.com\\\/dhiegobicudo\",\"https:\\\/\\\/www.linkedin.com\\\/in\\\/dhiegobicudo\",\"https:\\\/\\\/www.youtube.com\\\/@TrilhadoCantor\"]},{\"@type\":\"Person\",\"@id\":\"https:\\\/\\\/icomp.com.br\\\/camarim\\\/#\\\/schema\\\/person\\\/d10a1b1471cde95c3738b4de07287002\",\"name\":\"Dhiego Bicudo\",\"image\":{\"@type\":\"ImageObject\",\"inLanguage\":\"pt-BR\",\"@id\":\"https:\\\/\\\/secure.gravatar.com\\\/avatar\\\/199e5081b46939e9add8e7fc06e802eb2f43ff99423ca0ef09d71f21882a5c49?s=96&d=mm&r=g\",\"url\":\"https:\\\/\\\/secure.gravatar.com\\\/avatar\\\/199e5081b46939e9add8e7fc06e802eb2f43ff99423ca0ef09d71f21882a5c49?s=96&d=mm&r=g\",\"contentUrl\":\"https:\\\/\\\/secure.gravatar.com\\\/avatar\\\/199e5081b46939e9add8e7fc06e802eb2f43ff99423ca0ef09d71f21882a5c49?s=96&d=mm&r=g\",\"caption\":\"Dhiego Bicudo\"},\"description\":\"possui muita experi\u00eancia em estrat\u00e9gias de marketing musical para cantores, duplas e bandas na Ag\u00eancia ICOMP\",\"url\":\"https:\\\/\\\/icomp.com.br\\\/camarim\\\/author\\\/d2ecf63ba8a1943f\\\/\"}]}<\/script>\n<!-- \/ Yoast SEO plugin. -->","yoast_head_json":{"title":"Capa de \u00c1lbum Musical: Guia Completo para artistas que buscam identidade e profissionalismo - Marketing Musical com Dhiego Bicudo","description":"Capa de \u00e1lbum musical: guia completo para artistas que querem identidade visual forte, profissionalismo e capas que geram destaque.","robots":{"index":"index","follow":"follow","max-snippet":"max-snippet:-1","max-image-preview":"max-image-preview:large","max-video-preview":"max-video-preview:-1"},"canonical":"https:\/\/icomp.com.br\/camarim\/capa-de-album-musical\/","og_locale":"pt_BR","og_type":"article","og_title":"Capa de \u00c1lbum Musical: Guia Completo para artistas que buscam identidade e profissionalismo - Marketing Musical com Dhiego Bicudo","og_description":"Capa de \u00e1lbum musical: guia completo para artistas que querem identidade visual forte, profissionalismo e capas que geram destaque.","og_url":"https:\/\/icomp.com.br\/camarim\/capa-de-album-musical\/","og_site_name":"Marketing Musical com Dhiego Bicudo","article_publisher":"https:\/\/www.facebook.com\/agenciaicomp","article_published_time":"2026-01-06T12:00:00+00:00","article_modified_time":"2026-01-07T19:35:34+00:00","og_image":[{"width":1920,"height":1280,"url":"https:\/\/icomp.com.br\/camarim\/wp-content\/uploads\/2025\/12\/Capa-de-album-musical.jpg","type":"image\/jpeg"}],"author":"Dhiego Bicudo","twitter_card":"summary_large_image","twitter_misc":{"Escrito por":"Dhiego Bicudo","Est. tempo de leitura":"12 minutos"},"schema":{"@context":"https:\/\/schema.org","@graph":[{"@type":"Article","@id":"https:\/\/icomp.com.br\/camarim\/capa-de-album-musical\/#article","isPartOf":{"@id":"https:\/\/icomp.com.br\/camarim\/capa-de-album-musical\/"},"author":{"name":"Dhiego Bicudo","@id":"https:\/\/icomp.com.br\/camarim\/#\/schema\/person\/d10a1b1471cde95c3738b4de07287002"},"headline":"Capa de \u00c1lbum Musical: Guia Completo para artistas que buscam identidade e profissionalismo","datePublished":"2026-01-06T12:00:00+00:00","dateModified":"2026-01-07T19:35:34+00:00","mainEntityOfPage":{"@id":"https:\/\/icomp.com.br\/camarim\/capa-de-album-musical\/"},"wordCount":2148,"commentCount":0,"publisher":{"@id":"https:\/\/icomp.com.br\/camarim\/#organization"},"image":{"@id":"https:\/\/icomp.com.br\/camarim\/capa-de-album-musical\/#primaryimage"},"thumbnailUrl":"https:\/\/icomp.com.br\/camarim\/wp-content\/uploads\/2025\/12\/Capa-de-album-musical.jpg","keywords":["Capa de \u00e1lbum musical"],"articleSection":["Gest\u00e3o de Carreira Musical"],"inLanguage":"pt-BR","potentialAction":[{"@type":"CommentAction","name":"Comment","target":["https:\/\/icomp.com.br\/camarim\/capa-de-album-musical\/#respond"]}]},{"@type":"WebPage","@id":"https:\/\/icomp.com.br\/camarim\/capa-de-album-musical\/","url":"https:\/\/icomp.com.br\/camarim\/capa-de-album-musical\/","name":"Capa de \u00c1lbum Musical: Guia Completo para artistas que buscam identidade e profissionalismo - Marketing Musical com Dhiego Bicudo","isPartOf":{"@id":"https:\/\/icomp.com.br\/camarim\/#website"},"primaryImageOfPage":{"@id":"https:\/\/icomp.com.br\/camarim\/capa-de-album-musical\/#primaryimage"},"image":{"@id":"https:\/\/icomp.com.br\/camarim\/capa-de-album-musical\/#primaryimage"},"thumbnailUrl":"https:\/\/icomp.com.br\/camarim\/wp-content\/uploads\/2025\/12\/Capa-de-album-musical.jpg","datePublished":"2026-01-06T12:00:00+00:00","dateModified":"2026-01-07T19:35:34+00:00","description":"Capa de \u00e1lbum musical: guia completo para artistas que querem identidade visual forte, profissionalismo e capas que geram destaque.","breadcrumb":{"@id":"https:\/\/icomp.com.br\/camarim\/capa-de-album-musical\/#breadcrumb"},"inLanguage":"pt-BR","potentialAction":[{"@type":"ReadAction","target":["https:\/\/icomp.com.br\/camarim\/capa-de-album-musical\/"]}]},{"@type":"ImageObject","inLanguage":"pt-BR","@id":"https:\/\/icomp.com.br\/camarim\/capa-de-album-musical\/#primaryimage","url":"https:\/\/icomp.com.br\/camarim\/wp-content\/uploads\/2025\/12\/Capa-de-album-musical.jpg","contentUrl":"https:\/\/icomp.com.br\/camarim\/wp-content\/uploads\/2025\/12\/Capa-de-album-musical.jpg","width":1920,"height":1280,"caption":"Capa de \u00e1lbum musical"},{"@type":"BreadcrumbList","@id":"https:\/\/icomp.com.br\/camarim\/capa-de-album-musical\/#breadcrumb","itemListElement":[{"@type":"ListItem","position":1,"name":"Home","item":"https:\/\/icomp.com.br\/camarim\/"},{"@type":"ListItem","position":2,"name":"Capa de \u00c1lbum Musical: Guia Completo para artistas que buscam identidade e profissionalismo"}]},{"@type":"WebSite","@id":"https:\/\/icomp.com.br\/camarim\/#website","url":"https:\/\/icomp.com.br\/camarim\/","name":"Marketing Musical com Dhiego Bicudo","description":"Conhe\u00e7a as estrat\u00e9gias no marketing musical que uso na Ag\u00eancia ICOMP para transformar cantores, duplas e bandas em artistas reconhecidos","publisher":{"@id":"https:\/\/icomp.com.br\/camarim\/#organization"},"potentialAction":[{"@type":"SearchAction","target":{"@type":"EntryPoint","urlTemplate":"https:\/\/icomp.com.br\/camarim\/?s={search_term_string}"},"query-input":{"@type":"PropertyValueSpecification","valueRequired":true,"valueName":"search_term_string"}}],"inLanguage":"pt-BR"},{"@type":"Organization","@id":"https:\/\/icomp.com.br\/camarim\/#organization","name":"Marketing Musical com Dhiego Bicudo","url":"https:\/\/icomp.com.br\/camarim\/","logo":{"@type":"ImageObject","inLanguage":"pt-BR","@id":"https:\/\/icomp.com.br\/camarim\/#\/schema\/logo\/image\/","url":"https:\/\/icomp.com.br\/camarim\/wp-content\/uploads\/2017\/10\/cropped-icone.png","contentUrl":"https:\/\/icomp.com.br\/camarim\/wp-content\/uploads\/2017\/10\/cropped-icone.png","width":512,"height":512,"caption":"Marketing Musical com Dhiego Bicudo"},"image":{"@id":"https:\/\/icomp.com.br\/camarim\/#\/schema\/logo\/image\/"},"sameAs":["https:\/\/www.facebook.com\/agenciaicomp","https:\/\/www.instagram.com\/dhiegobicudo","https:\/\/www.linkedin.com\/in\/dhiegobicudo","https:\/\/www.youtube.com\/@TrilhadoCantor"]},{"@type":"Person","@id":"https:\/\/icomp.com.br\/camarim\/#\/schema\/person\/d10a1b1471cde95c3738b4de07287002","name":"Dhiego Bicudo","image":{"@type":"ImageObject","inLanguage":"pt-BR","@id":"https:\/\/secure.gravatar.com\/avatar\/199e5081b46939e9add8e7fc06e802eb2f43ff99423ca0ef09d71f21882a5c49?s=96&d=mm&r=g","url":"https:\/\/secure.gravatar.com\/avatar\/199e5081b46939e9add8e7fc06e802eb2f43ff99423ca0ef09d71f21882a5c49?s=96&d=mm&r=g","contentUrl":"https:\/\/secure.gravatar.com\/avatar\/199e5081b46939e9add8e7fc06e802eb2f43ff99423ca0ef09d71f21882a5c49?s=96&d=mm&r=g","caption":"Dhiego Bicudo"},"description":"possui muita experi\u00eancia em estrat\u00e9gias de marketing musical para cantores, duplas e bandas na Ag\u00eancia ICOMP","url":"https:\/\/icomp.com.br\/camarim\/author\/d2ecf63ba8a1943f\/"}]}},"_links":{"self":[{"href":"https:\/\/icomp.com.br\/camarim\/wp-json\/wp\/v2\/posts\/1578","targetHints":{"allow":["GET"]}}],"collection":[{"href":"https:\/\/icomp.com.br\/camarim\/wp-json\/wp\/v2\/posts"}],"about":[{"href":"https:\/\/icomp.com.br\/camarim\/wp-json\/wp\/v2\/types\/post"}],"author":[{"embeddable":true,"href":"https:\/\/icomp.com.br\/camarim\/wp-json\/wp\/v2\/users\/10"}],"replies":[{"embeddable":true,"href":"https:\/\/icomp.com.br\/camarim\/wp-json\/wp\/v2\/comments?post=1578"}],"version-history":[{"count":2,"href":"https:\/\/icomp.com.br\/camarim\/wp-json\/wp\/v2\/posts\/1578\/revisions"}],"predecessor-version":[{"id":1586,"href":"https:\/\/icomp.com.br\/camarim\/wp-json\/wp\/v2\/posts\/1578\/revisions\/1586"}],"wp:featuredmedia":[{"embeddable":true,"href":"https:\/\/icomp.com.br\/camarim\/wp-json\/wp\/v2\/media\/1584"}],"wp:attachment":[{"href":"https:\/\/icomp.com.br\/camarim\/wp-json\/wp\/v2\/media?parent=1578"}],"wp:term":[{"taxonomy":"category","embeddable":true,"href":"https:\/\/icomp.com.br\/camarim\/wp-json\/wp\/v2\/categories?post=1578"},{"taxonomy":"post_tag","embeddable":true,"href":"https:\/\/icomp.com.br\/camarim\/wp-json\/wp\/v2\/tags?post=1578"}],"curies":[{"name":"wp","href":"https:\/\/api.w.org\/{rel}","templated":true}]}}