{"id":1588,"date":"2026-01-20T09:00:00","date_gmt":"2026-01-20T12:00:00","guid":{"rendered":"https:\/\/icomp.com.br\/camarim\/?p=1588"},"modified":"2026-01-20T09:58:42","modified_gmt":"2026-01-20T12:58:42","slug":"planejamento-de-carreira-musical","status":"publish","type":"post","link":"https:\/\/icomp.com.br\/camarim\/planejamento-de-carreira-musical\/","title":{"rendered":"Entenda a diferen\u00e7a entre o artista e empres\u00e1rio de carreira!"},"content":{"rendered":"\n<p>Existe um momento em que todo cantor, dupla ou banda percebe que a carreira come\u00e7ou a cobrar um pre\u00e7o que n\u00e3o aparece aos olhos de quem est\u00e1 seguindo. N\u00e3o \u00e9 s\u00f3 o cansa\u00e7o f\u00edsico de ensaios, shows e a estrada.&nbsp;<\/p>\n\n\n\n<p>\u00c9 um cansa\u00e7o mental e aquela sensa\u00e7\u00e3o de estar sempre fazendo coisas demais, decidindo r\u00e1pido demais, confiando no escuro e pagando por escolhas que, na pr\u00e1tica, nem foram totalmente suas. \u00c9 exatamente aqui que aparece a diferen\u00e7a entre o artista que vive das agendas, eventos e deste esgotamento com o empres\u00e1rio de carreira que vai direcionar, se arriscar e apostar em uma trajet\u00f3ria com o planejamento de carreira musical.<\/p>\n\n\n\n<h2 class=\"wp-block-heading\"><strong>Quando a carreira come\u00e7a a cobrar um pre\u00e7o invis\u00edvel<\/strong><\/h2>\n\n\n\n<p>No come\u00e7o, muitos artistas operam no improviso. Muitas vezes, pouco planejamento e v\u00e3o fazendo o que deu para ser feito! Depois que sobem ao palco, um show leva a outro, uma agenda abre as portas para o ano seguinte e neste contexto todo, um lan\u00e7amento acontece porque parece ser isso que tem que ser feito. Esse \u2018<em>fazejamento<\/em>\u2019 pode ser natural no in\u00edcio, quando tudo ainda est\u00e1 sendo constru\u00eddo. O problema acontece quando a vida vira e se revira em inc\u00eandios permanentes, ou seja, todo dia um problema para ser resolvido.&nbsp;<\/p>\n\n\n\n<p>A carreira passa a ser sustentada por esfor\u00e7o bruto, e n\u00e3o por dire\u00e7\u00e3o. A rotina vira uma sequ\u00eancia de urg\u00eancias e, aos poucos, o artista come\u00e7a a perceber que a graxa n\u00e3o est\u00e1 s\u00f3 no palco ou no backstage. Ela est\u00e1 na cabe\u00e7a: na ansiedade, na falta de clareza, no medo de errar, na depend\u00eancia de terceiros, na sensa\u00e7\u00e3o de que ningu\u00e9m explica o jogo por inteiro e que vencer na carreira parece t\u00e3o distante que nunca esse dia vai chegar.<\/p>\n\n\n\n<h2 class=\"wp-block-heading\"><strong>Improviso funciona no come\u00e7o, mas cobra caro no longo prazo<\/strong><\/h2>\n\n\n\n<p>Viver de ideias soltas funciona por um tempo, mas cobra um pre\u00e7o alto quando vira padr\u00e3o. Sem uma vis\u00e3o clara de onde e como se quer chegar, o artista passa a aceitar tudo o que aparece, acreditando que fazer \u00e9 sin\u00f4nimo de acontecer. O resultado \u00e9 uma carreira cheia de tarefas, mas vazia na dire\u00e7\u00e3o. Trabalha-se muito, corre-se bastante, mas a sensa\u00e7\u00e3o de estagna\u00e7\u00e3o cresce m\u00eas a m\u00eas. \u00c9 nesse ponto que muitos cantores, duplas ou bandas come\u00e7am a se desgastar n\u00e3o por falta de oportunidade, mas por falta de estrutura e organiza\u00e7\u00e3o em seus projetos.<\/p>\n\n\n\n<h2 class=\"wp-block-heading\"><strong>O mercado da m\u00fasica \u00e9 t\u00e9cnico \u2014 e pune quem n\u00e3o entende o jogo<\/strong><\/h2>\n\n\n\n<p>O mercado da m\u00fasica \u00e9 bastante complexo e muito t\u00e9cnico. Ele tem linguagem pr\u00f3pria, acordos que nem sempre s\u00e3o \u00f3bvios, decis\u00f5es r\u00e1pidas e uma cadeia extensa de envolvidos: produ\u00e7\u00e3o, equipe, contratantes, vendedores, compositores, plataformas, f\u00e3s, imprensa, audiovisual, agenda e log\u00edstica. Quem domina esse vocabul\u00e1rio e entende o caminho por tr\u00e1s das negocia\u00e7\u00f5es sai na frente. Quem n\u00e3o entende fica vulner\u00e1vel. N\u00e3o porque todo mundo age de m\u00e1 f\u00e9, mas porque informa\u00e7\u00e3o \u00e9 poder. E a falta de informa\u00e7\u00e3o gera depend\u00eancia.<\/p>\n\n\n\n<h2 class=\"wp-block-heading\"><strong>Planejamento de carreira musical n\u00e3o \u00e9 luxo, \u00e9 prote\u00e7\u00e3o<\/strong><\/h2>\n\n\n\n<p>Planejamento de carreira musical n\u00e3o \u00e9 sobre engessar a arte ou transformar m\u00fasica em burocracia. \u00c9 prote\u00e7\u00e3o. Prote\u00e7\u00e3o contra desperd\u00edcio de dinheiro, de energia, de tempo e de foco. O mercado est\u00e1 cheio de gente pagando caro pelo que n\u00e3o precisa e investindo for\u00e7a no lugar errado. Na carreira art\u00edstica, isso aparece quando o artista investe em a\u00e7\u00f5es que d\u00e3o sensa\u00e7\u00e3o de grandeza, mas n\u00e3o constroem base. Quando voc\u00ea aceita estruturas maiores do que precisa, grava e lan\u00e7a sem objetivos claros, <strong>compra visibilidade<\/strong> e chama isso de crescimento ou confunde viralizar com pensar e planejar.<\/p>\n\n\n\n<h2 class=\"wp-block-heading\"><strong>O perigo de delegar decis\u00f5es sem manter consci\u00eancia estrat\u00e9gica<\/strong><\/h2>\n\n\n\n<p>A frase mais cara de qualquer mercado t\u00e9cnico \u00e9 simples: \u201c<em>relaxa, deixa comigo<\/em>\u201d. Ela parece acolhedora e, muitas vezes, vem de algu\u00e9m bem-intencionado. O problema \u00e9 quando o artista n\u00e3o entende o que est\u00e1 sendo decidido. Delegar execu\u00e7\u00e3o \u00e9 saud\u00e1vel. Delegar consci\u00eancia estrat\u00e9gica \u00e9 perigoso. Um artista pode e deve ter parceiros, produtores e suporte, mas precisa manter clareza sobre o pr\u00f3prio caminho. Caso contr\u00e1rio, vira ref\u00e9m de decis\u00f5es tomadas por quem n\u00e3o vive as consequ\u00eancias do que est\u00e1 sendo escolhido em nome da sua carreira.<\/p>\n\n\n\n<h2 class=\"wp-block-heading\"><strong>Talento abre portas, mas n\u00e3o sustenta uma trajet\u00f3ria inteira<\/strong><\/h2>\n\n\n\n<p>Talento chama aten\u00e7\u00e3o e cria oportunidades. Mas talento n\u00e3o sustenta uma carreira inteira. O que sustenta \u00e9 consist\u00eancia. O empres\u00e1rio de carreira n\u00e3o \u00e9 o artista que perdeu a alma, \u00e9 o artista que entendeu que uma trajet\u00f3ria s\u00f3lida nasce de crit\u00e9rios claros e decis\u00f5es repetidamente boas ao longo do tempo. Sem isso, a carreira vira uma sequ\u00eancia de picos e vales. E viver de picos cansa, porque entre um e outro existe ansiedade, frustra\u00e7\u00e3o e incerteza.<\/p>\n\n\n\n<h2 class=\"wp-block-heading\"><strong>Visibilidade sem dire\u00e7\u00e3o vira desgaste<\/strong><\/h2>\n\n\n\n<p>Outro erro comum \u00e9 confundir a visibilidade com o crescimento. Aparecer mais n\u00e3o significa avan\u00e7ar. Sem dire\u00e7\u00e3o, a visibilidade vira desgaste e a depend\u00eancia constante de aparecer. Com dire\u00e7\u00e3o, ela vira alavanca e a tra\u00e7\u00e3o que o projeto muitas vezes precisa. O empres\u00e1rio de carreira n\u00e3o busca uma aten\u00e7\u00e3o gen\u00e9rica, ele constr\u00f3i valor. Ele entende que carreira \u00e9 um ativo que precisa de base, coer\u00eancia e vis\u00e3o de longo prazo. N\u00e3o \u00e9 sobre viralizar hoje, \u00e9 sobre existir daqui a cinco anos com mais for\u00e7a do que existe agora.<\/p>\n\n\n\n<h2 class=\"wp-block-heading\"><strong>Rela\u00e7\u00f5es sem crit\u00e9rio esgotam at\u00e9 os artistas mais fortes<\/strong><\/h2>\n\n\n\n<p>Existe uma camada pouco falada que destr\u00f3i profissionais talentosos: a falta de respeito nas rela\u00e7\u00f5es. Pessoas que exigem, pressionam, fazem voc\u00ea se virar em dez para atender uma demanda e depois somem. Ignoram mensagens, n\u00e3o d\u00e3o feedback e tratam seu trabalho como descart\u00e1vel. Sem crit\u00e9rios claros, o artista vira ref\u00e9m desse tipo de rela\u00e7\u00e3o. Com crit\u00e9rios, come\u00e7a a se posicionar e esse posicionamento muda o tipo de parceiro, de contratante e as novas oportunidades chegam.<\/p>\n\n\n\n<h2 class=\"wp-block-heading\"><strong>Estrat\u00e9gia n\u00e3o elimina a opera\u00e7\u00e3o, cria caminhos de evolu\u00e7\u00e3o<\/strong><\/h2>\n\n\n\n<p>\u00c9 importante dizer com honestidade: <strong>estrat\u00e9gia n\u00e3o \u00e9 m\u00e1gica e n\u00e3o promete uma vida f\u00e1cil<\/strong>. Existem fases. Existe gente que ainda gosta do operacional intenso, da correria e da entrega pesada, e isso \u00e9 leg\u00edtimo. O problema n\u00e3o \u00e9 estar no \u201cch\u00e3o\u201d hoje. O problema \u00e9 estar ali sem enxergar sa\u00edda, sem op\u00e7\u00e3o e sem clareza. Maturidade \u00e9 reconhecer que existem escolhas poss\u00edveis e que, para muita gente, chega a hora de evoluir para um lugar mais estrat\u00e9gico, com mais previsibilidade e qualidade de vida.<\/p>\n\n\n\n<h2 class=\"wp-block-heading\"><strong>O valor do profissional h\u00edbrido na carreira art\u00edstica<\/strong><\/h2>\n\n\n\n<p>\u00c9 nesse ponto que surge o valor raro do profissional h\u00edbrido. Aquele que entende a cria\u00e7\u00e3o e entende o mercado. Que fala a l\u00edngua do artista e fala a l\u00edngua do jogo. Esse profissional n\u00e3o nasce da teoria, nasce da viv\u00eancia. De ter visto as engrenagens por dentro. De saber onde o esfor\u00e7o se perde e onde a estrat\u00e9gia multiplica o resultado.<\/p>\n\n\n\n<h2 class=\"wp-block-heading\"><strong>O papel de quem prepara o artista ao mercado<\/strong><\/h2>\n\n\n\n<p>Esse \u00e9 exatamente o lugar que eu ocupo dentro da Ag\u00eancia ICOMP. Eu me preocupo com o palco, mas entendo o marketing e preparo voc\u00ea para que exista uma boa percep\u00e7\u00e3o de seu projeto. Compreendo os sonhos, os desejos do artista e entendo como o mercado funciona quando a c\u00e2mera desliga e a negocia\u00e7\u00e3o come\u00e7a. Eu n\u00e3o entro somente para dizer o que voc\u00ea deve postar ou para empurrar f\u00f3rmulas prontas. Eu entro para organizar o jogo, trazer clareza para decis\u00f5es e transformar esfor\u00e7os em avan\u00e7os de verdade. Muitos j\u00e1 me disseram que eu sou o perfil de profissional que muitos artistas gostariam de ter encontrado no in\u00edcio da carreira.<\/p>\n\n\n\n<h2 class=\"wp-block-heading\"><strong>Consultoria para artistas e avalia\u00e7\u00e3o do perfil musical<\/strong><\/h2>\n\n\n\n<p>Por isso, fa\u00e7o consultorias para cantores, duplas e bandas que querem sair do modo inc\u00eandio e construir uma carreira com mais vis\u00e3o e consist\u00eancia. E, para quem ainda est\u00e1 pensando nessa virada, existe um primeiro passo acess\u00edvel e poderoso: <strong>uma avalia\u00e7\u00e3o gratuita do perfil musical<\/strong> com as minhas anota\u00e7\u00f5es e an\u00e1lises p\u00fablicas com a base no marketing. N\u00e3o \u00e9 julgar e nem dizer se gostei ou n\u00e3o. \u00c9 uma leitura estrat\u00e9gica. \u00c9 entender o que voc\u00ea transmite neste momento, como o mercado te enxerga e o que est\u00e1 travando seu crescimento.<\/p>\n\n\n\n<h2 class=\"wp-block-heading\"><strong>Construa uma carreira sem perder a alma<\/strong><\/h2>\n\n\n\n<p>No fim das contas, a diferen\u00e7a entre artista e empres\u00e1rio de carreira n\u00e3o est\u00e1 no dom. Est\u00e1 na consci\u00eancia. Est\u00e1 em entender que a m\u00fasica \u00e9 um mercado complexo, com regras n\u00e3o ditas e custos invis\u00edveis. Quem aprende a enxergar essas etapas passa a escolher melhor, investir melhor e sofrer menos. Planejamento de carreira musical \u00e9 isso: colocar ordem no caos sem matar a alma. Se voc\u00ea quer dar esse pr\u00f3ximo passo com mais clareza, a minha consultoria pode ser o atalho honesto que faltou em um momento da sua carreira, e a avalia\u00e7\u00e3o do seu perfil pode ser a conversa que vire a chave.&nbsp;<\/p>\n\n\n\n<p>Se quiser saber mais, agende uma conversa comigo <a href=\"https:\/\/conteudo.icomp.com.br\/avaliacao-de-perfil-musical\">aqui<\/a>.&nbsp;<\/p>\n","protected":false},"excerpt":{"rendered":"<p>Existe um momento em que todo cantor, dupla ou banda percebe que a carreira come\u00e7ou a cobrar um pre\u00e7o que n\u00e3o aparece aos olhos de quem est\u00e1 seguindo. N\u00e3o \u00e9 s\u00f3 o cansa\u00e7o f\u00edsico de ensaios, shows e a estrada.&nbsp; \u00c9 um cansa\u00e7o mental e aquela sensa\u00e7\u00e3o de estar sempre fazendo coisas demais, decidindo r\u00e1pido [&hellip;]<\/p>\n","protected":false},"author":10,"featured_media":1589,"comment_status":"open","ping_status":"closed","sticky":false,"template":"","format":"standard","meta":{"ocean_post_layout":"","ocean_both_sidebars_style":"","ocean_both_sidebars_content_width":0,"ocean_both_sidebars_sidebars_width":0,"ocean_sidebar":"","ocean_second_sidebar":"","ocean_disable_margins":"enable","ocean_add_body_class":"","ocean_shortcode_before_top_bar":"","ocean_shortcode_after_top_bar":"","ocean_shortcode_before_header":"","ocean_shortcode_after_header":"","ocean_has_shortcode":"","ocean_shortcode_after_title":"","ocean_shortcode_before_footer_widgets":"","ocean_shortcode_after_footer_widgets":"","ocean_shortcode_before_footer_bottom":"","ocean_shortcode_after_footer_bottom":"","ocean_display_top_bar":"default","ocean_display_header":"default","ocean_header_style":"","ocean_center_header_left_menu":"","ocean_custom_header_template":"","ocean_custom_logo":0,"ocean_custom_retina_logo":0,"ocean_custom_logo_max_width":0,"ocean_custom_logo_tablet_max_width":0,"ocean_custom_logo_mobile_max_width":0,"ocean_custom_logo_max_height":0,"ocean_custom_logo_tablet_max_height":0,"ocean_custom_logo_mobile_max_height":0,"ocean_header_custom_menu":"","ocean_menu_typo_font_family":"","ocean_menu_typo_font_subset":"","ocean_menu_typo_font_size":0,"ocean_menu_typo_font_size_tablet":0,"ocean_menu_typo_font_size_mobile":0,"ocean_menu_typo_font_size_unit":"px","ocean_menu_typo_font_weight":"","ocean_menu_typo_font_weight_tablet":"","ocean_menu_typo_font_weight_mobile":"","ocean_menu_typo_transform":"","ocean_menu_typo_transform_tablet":"","ocean_menu_typo_transform_mobile":"","ocean_menu_typo_line_height":0,"ocean_menu_typo_line_height_tablet":0,"ocean_menu_typo_line_height_mobile":0,"ocean_menu_typo_line_height_unit":"","ocean_menu_typo_spacing":0,"ocean_menu_typo_spacing_tablet":0,"ocean_menu_typo_spacing_mobile":0,"ocean_menu_typo_spacing_unit":"","ocean_menu_link_color":"","ocean_menu_link_color_hover":"","ocean_menu_link_color_active":"","ocean_menu_link_background":"","ocean_menu_link_hover_background":"","ocean_menu_link_active_background":"","ocean_menu_social_links_bg":"","ocean_menu_social_hover_links_bg":"","ocean_menu_social_links_color":"","ocean_menu_social_hover_links_color":"","ocean_disable_title":"default","ocean_disable_heading":"default","ocean_post_title":"","ocean_post_subheading":"","ocean_post_title_style":"","ocean_post_title_background_color":"","ocean_post_title_background":0,"ocean_post_title_bg_image_position":"","ocean_post_title_bg_image_attachment":"","ocean_post_title_bg_image_repeat":"","ocean_post_title_bg_image_size":"","ocean_post_title_height":0,"ocean_post_title_bg_overlay":0.5,"ocean_post_title_bg_overlay_color":"","ocean_disable_breadcrumbs":"default","ocean_breadcrumbs_color":"","ocean_breadcrumbs_separator_color":"","ocean_breadcrumbs_links_color":"","ocean_breadcrumbs_links_hover_color":"","ocean_display_footer_widgets":"default","ocean_display_footer_bottom":"default","ocean_custom_footer_template":"","ocean_post_oembed":"","ocean_post_self_hosted_media":"","ocean_post_video_embed":"","ocean_link_format":"","ocean_link_format_target":"self","ocean_quote_format":"","ocean_quote_format_link":"post","ocean_gallery_link_images":"on","ocean_gallery_id":[],"footnotes":""},"categories":[107],"tags":[122],"class_list":["post-1588","post","type-post","status-publish","format-standard","has-post-thumbnail","hentry","category-gestao-de-carreira-musical","tag-planejamento-de-carreira-musical","entry","has-media"],"yoast_head":"<!-- This site is optimized with the Yoast SEO plugin v27.4 - https:\/\/yoast.com\/product\/yoast-seo-wordpress\/ -->\n<title>Entenda a diferen\u00e7a entre o artista e empres\u00e1rio de carreira! - Marketing Musical com Dhiego Bicudo<\/title>\n<meta name=\"description\" content=\"Descubra a diferen\u00e7a entre artista e empres\u00e1rio de carreira e como estruturar uma carreira musical com estrat\u00e9gia, clareza e vis\u00e3o.\" \/>\n<meta name=\"robots\" content=\"index, follow, max-snippet:-1, max-image-preview:large, max-video-preview:-1\" \/>\n<link rel=\"canonical\" href=\"https:\/\/icomp.com.br\/camarim\/planejamento-de-carreira-musical\/\" \/>\n<meta property=\"og:locale\" content=\"pt_BR\" \/>\n<meta property=\"og:type\" content=\"article\" \/>\n<meta property=\"og:title\" content=\"Entenda a diferen\u00e7a entre o artista e empres\u00e1rio de carreira! - Marketing Musical com Dhiego Bicudo\" \/>\n<meta property=\"og:description\" content=\"Descubra a diferen\u00e7a entre artista e empres\u00e1rio de carreira e como estruturar uma carreira musical com estrat\u00e9gia, clareza e vis\u00e3o.\" \/>\n<meta property=\"og:url\" content=\"https:\/\/icomp.com.br\/camarim\/planejamento-de-carreira-musical\/\" \/>\n<meta property=\"og:site_name\" content=\"Marketing Musical com Dhiego Bicudo\" \/>\n<meta property=\"article:publisher\" content=\"https:\/\/www.facebook.com\/agenciaicomp\" \/>\n<meta property=\"article:published_time\" content=\"2026-01-20T12:00:00+00:00\" \/>\n<meta property=\"article:modified_time\" content=\"2026-01-20T12:58:42+00:00\" \/>\n<meta property=\"og:image\" content=\"https:\/\/icomp.com.br\/camarim\/wp-content\/uploads\/2026\/01\/camarim-empresario-artista.jpg\" \/>\n\t<meta property=\"og:image:width\" content=\"1524\" \/>\n\t<meta property=\"og:image:height\" content=\"1906\" \/>\n\t<meta property=\"og:image:type\" content=\"image\/jpeg\" \/>\n<meta name=\"author\" content=\"Dhiego Bicudo\" \/>\n<meta name=\"twitter:card\" content=\"summary_large_image\" \/>\n<meta name=\"twitter:label1\" content=\"Escrito por\" \/>\n\t<meta name=\"twitter:data1\" content=\"Dhiego Bicudo\" \/>\n\t<meta name=\"twitter:label2\" content=\"Est. tempo de leitura\" \/>\n\t<meta name=\"twitter:data2\" content=\"9 minutos\" \/>\n<script type=\"application\/ld+json\" class=\"yoast-schema-graph\">{\"@context\":\"https:\\\/\\\/schema.org\",\"@graph\":[{\"@type\":\"Article\",\"@id\":\"https:\\\/\\\/icomp.com.br\\\/camarim\\\/planejamento-de-carreira-musical\\\/#article\",\"isPartOf\":{\"@id\":\"https:\\\/\\\/icomp.com.br\\\/camarim\\\/planejamento-de-carreira-musical\\\/\"},\"author\":{\"name\":\"Dhiego Bicudo\",\"@id\":\"https:\\\/\\\/icomp.com.br\\\/camarim\\\/#\\\/schema\\\/person\\\/d10a1b1471cde95c3738b4de07287002\"},\"headline\":\"Entenda a diferen\u00e7a entre o artista e empres\u00e1rio de carreira!\",\"datePublished\":\"2026-01-20T12:00:00+00:00\",\"dateModified\":\"2026-01-20T12:58:42+00:00\",\"mainEntityOfPage\":{\"@id\":\"https:\\\/\\\/icomp.com.br\\\/camarim\\\/planejamento-de-carreira-musical\\\/\"},\"wordCount\":1632,\"commentCount\":0,\"publisher\":{\"@id\":\"https:\\\/\\\/icomp.com.br\\\/camarim\\\/#organization\"},\"image\":{\"@id\":\"https:\\\/\\\/icomp.com.br\\\/camarim\\\/planejamento-de-carreira-musical\\\/#primaryimage\"},\"thumbnailUrl\":\"https:\\\/\\\/icomp.com.br\\\/camarim\\\/wp-content\\\/uploads\\\/2026\\\/01\\\/camarim-empresario-artista.jpg\",\"keywords\":[\"planejamento de carreira musical\"],\"articleSection\":[\"Gest\u00e3o de Carreira Musical\"],\"inLanguage\":\"pt-BR\",\"potentialAction\":[{\"@type\":\"CommentAction\",\"name\":\"Comment\",\"target\":[\"https:\\\/\\\/icomp.com.br\\\/camarim\\\/planejamento-de-carreira-musical\\\/#respond\"]}]},{\"@type\":\"WebPage\",\"@id\":\"https:\\\/\\\/icomp.com.br\\\/camarim\\\/planejamento-de-carreira-musical\\\/\",\"url\":\"https:\\\/\\\/icomp.com.br\\\/camarim\\\/planejamento-de-carreira-musical\\\/\",\"name\":\"Entenda a diferen\u00e7a entre o artista e empres\u00e1rio de carreira! - Marketing Musical com Dhiego Bicudo\",\"isPartOf\":{\"@id\":\"https:\\\/\\\/icomp.com.br\\\/camarim\\\/#website\"},\"primaryImageOfPage\":{\"@id\":\"https:\\\/\\\/icomp.com.br\\\/camarim\\\/planejamento-de-carreira-musical\\\/#primaryimage\"},\"image\":{\"@id\":\"https:\\\/\\\/icomp.com.br\\\/camarim\\\/planejamento-de-carreira-musical\\\/#primaryimage\"},\"thumbnailUrl\":\"https:\\\/\\\/icomp.com.br\\\/camarim\\\/wp-content\\\/uploads\\\/2026\\\/01\\\/camarim-empresario-artista.jpg\",\"datePublished\":\"2026-01-20T12:00:00+00:00\",\"dateModified\":\"2026-01-20T12:58:42+00:00\",\"description\":\"Descubra a diferen\u00e7a entre artista e empres\u00e1rio de carreira e como estruturar uma carreira musical com estrat\u00e9gia, clareza e vis\u00e3o.\",\"breadcrumb\":{\"@id\":\"https:\\\/\\\/icomp.com.br\\\/camarim\\\/planejamento-de-carreira-musical\\\/#breadcrumb\"},\"inLanguage\":\"pt-BR\",\"potentialAction\":[{\"@type\":\"ReadAction\",\"target\":[\"https:\\\/\\\/icomp.com.br\\\/camarim\\\/planejamento-de-carreira-musical\\\/\"]}]},{\"@type\":\"ImageObject\",\"inLanguage\":\"pt-BR\",\"@id\":\"https:\\\/\\\/icomp.com.br\\\/camarim\\\/planejamento-de-carreira-musical\\\/#primaryimage\",\"url\":\"https:\\\/\\\/icomp.com.br\\\/camarim\\\/wp-content\\\/uploads\\\/2026\\\/01\\\/camarim-empresario-artista.jpg\",\"contentUrl\":\"https:\\\/\\\/icomp.com.br\\\/camarim\\\/wp-content\\\/uploads\\\/2026\\\/01\\\/camarim-empresario-artista.jpg\",\"width\":1524,\"height\":1906,\"caption\":\"planejamento de carreira musical\"},{\"@type\":\"BreadcrumbList\",\"@id\":\"https:\\\/\\\/icomp.com.br\\\/camarim\\\/planejamento-de-carreira-musical\\\/#breadcrumb\",\"itemListElement\":[{\"@type\":\"ListItem\",\"position\":1,\"name\":\"Home\",\"item\":\"https:\\\/\\\/icomp.com.br\\\/camarim\\\/\"},{\"@type\":\"ListItem\",\"position\":2,\"name\":\"Entenda a diferen\u00e7a entre o artista e empres\u00e1rio de carreira!\"}]},{\"@type\":\"WebSite\",\"@id\":\"https:\\\/\\\/icomp.com.br\\\/camarim\\\/#website\",\"url\":\"https:\\\/\\\/icomp.com.br\\\/camarim\\\/\",\"name\":\"Marketing Musical com Dhiego Bicudo\",\"description\":\"Conhe\u00e7a as estrat\u00e9gias no marketing musical que uso na Ag\u00eancia ICOMP para transformar cantores, duplas e bandas em artistas reconhecidos\",\"publisher\":{\"@id\":\"https:\\\/\\\/icomp.com.br\\\/camarim\\\/#organization\"},\"potentialAction\":[{\"@type\":\"SearchAction\",\"target\":{\"@type\":\"EntryPoint\",\"urlTemplate\":\"https:\\\/\\\/icomp.com.br\\\/camarim\\\/?s={search_term_string}\"},\"query-input\":{\"@type\":\"PropertyValueSpecification\",\"valueRequired\":true,\"valueName\":\"search_term_string\"}}],\"inLanguage\":\"pt-BR\"},{\"@type\":\"Organization\",\"@id\":\"https:\\\/\\\/icomp.com.br\\\/camarim\\\/#organization\",\"name\":\"Marketing Musical com Dhiego Bicudo\",\"url\":\"https:\\\/\\\/icomp.com.br\\\/camarim\\\/\",\"logo\":{\"@type\":\"ImageObject\",\"inLanguage\":\"pt-BR\",\"@id\":\"https:\\\/\\\/icomp.com.br\\\/camarim\\\/#\\\/schema\\\/logo\\\/image\\\/\",\"url\":\"https:\\\/\\\/icomp.com.br\\\/camarim\\\/wp-content\\\/uploads\\\/2017\\\/10\\\/cropped-icone.png\",\"contentUrl\":\"https:\\\/\\\/icomp.com.br\\\/camarim\\\/wp-content\\\/uploads\\\/2017\\\/10\\\/cropped-icone.png\",\"width\":512,\"height\":512,\"caption\":\"Marketing Musical com Dhiego Bicudo\"},\"image\":{\"@id\":\"https:\\\/\\\/icomp.com.br\\\/camarim\\\/#\\\/schema\\\/logo\\\/image\\\/\"},\"sameAs\":[\"https:\\\/\\\/www.facebook.com\\\/agenciaicomp\",\"https:\\\/\\\/www.instagram.com\\\/dhiegobicudo\",\"https:\\\/\\\/www.linkedin.com\\\/in\\\/dhiegobicudo\",\"https:\\\/\\\/www.youtube.com\\\/@TrilhadoCantor\"]},{\"@type\":\"Person\",\"@id\":\"https:\\\/\\\/icomp.com.br\\\/camarim\\\/#\\\/schema\\\/person\\\/d10a1b1471cde95c3738b4de07287002\",\"name\":\"Dhiego Bicudo\",\"image\":{\"@type\":\"ImageObject\",\"inLanguage\":\"pt-BR\",\"@id\":\"https:\\\/\\\/secure.gravatar.com\\\/avatar\\\/199e5081b46939e9add8e7fc06e802eb2f43ff99423ca0ef09d71f21882a5c49?s=96&d=mm&r=g\",\"url\":\"https:\\\/\\\/secure.gravatar.com\\\/avatar\\\/199e5081b46939e9add8e7fc06e802eb2f43ff99423ca0ef09d71f21882a5c49?s=96&d=mm&r=g\",\"contentUrl\":\"https:\\\/\\\/secure.gravatar.com\\\/avatar\\\/199e5081b46939e9add8e7fc06e802eb2f43ff99423ca0ef09d71f21882a5c49?s=96&d=mm&r=g\",\"caption\":\"Dhiego Bicudo\"},\"description\":\"possui muita experi\u00eancia em estrat\u00e9gias de marketing musical para cantores, duplas e bandas na Ag\u00eancia ICOMP\",\"url\":\"https:\\\/\\\/icomp.com.br\\\/camarim\\\/author\\\/d2ecf63ba8a1943f\\\/\"}]}<\/script>\n<!-- \/ Yoast SEO plugin. -->","yoast_head_json":{"title":"Entenda a diferen\u00e7a entre o artista e empres\u00e1rio de carreira! - Marketing Musical com Dhiego Bicudo","description":"Descubra a diferen\u00e7a entre artista e empres\u00e1rio de carreira e como estruturar uma carreira musical com estrat\u00e9gia, clareza e vis\u00e3o.","robots":{"index":"index","follow":"follow","max-snippet":"max-snippet:-1","max-image-preview":"max-image-preview:large","max-video-preview":"max-video-preview:-1"},"canonical":"https:\/\/icomp.com.br\/camarim\/planejamento-de-carreira-musical\/","og_locale":"pt_BR","og_type":"article","og_title":"Entenda a diferen\u00e7a entre o artista e empres\u00e1rio de carreira! - Marketing Musical com Dhiego Bicudo","og_description":"Descubra a diferen\u00e7a entre artista e empres\u00e1rio de carreira e como estruturar uma carreira musical com estrat\u00e9gia, clareza e vis\u00e3o.","og_url":"https:\/\/icomp.com.br\/camarim\/planejamento-de-carreira-musical\/","og_site_name":"Marketing Musical com Dhiego Bicudo","article_publisher":"https:\/\/www.facebook.com\/agenciaicomp","article_published_time":"2026-01-20T12:00:00+00:00","article_modified_time":"2026-01-20T12:58:42+00:00","og_image":[{"width":1524,"height":1906,"url":"https:\/\/icomp.com.br\/camarim\/wp-content\/uploads\/2026\/01\/camarim-empresario-artista.jpg","type":"image\/jpeg"}],"author":"Dhiego Bicudo","twitter_card":"summary_large_image","twitter_misc":{"Escrito por":"Dhiego Bicudo","Est. tempo de leitura":"9 minutos"},"schema":{"@context":"https:\/\/schema.org","@graph":[{"@type":"Article","@id":"https:\/\/icomp.com.br\/camarim\/planejamento-de-carreira-musical\/#article","isPartOf":{"@id":"https:\/\/icomp.com.br\/camarim\/planejamento-de-carreira-musical\/"},"author":{"name":"Dhiego Bicudo","@id":"https:\/\/icomp.com.br\/camarim\/#\/schema\/person\/d10a1b1471cde95c3738b4de07287002"},"headline":"Entenda a diferen\u00e7a entre o artista e empres\u00e1rio de carreira!","datePublished":"2026-01-20T12:00:00+00:00","dateModified":"2026-01-20T12:58:42+00:00","mainEntityOfPage":{"@id":"https:\/\/icomp.com.br\/camarim\/planejamento-de-carreira-musical\/"},"wordCount":1632,"commentCount":0,"publisher":{"@id":"https:\/\/icomp.com.br\/camarim\/#organization"},"image":{"@id":"https:\/\/icomp.com.br\/camarim\/planejamento-de-carreira-musical\/#primaryimage"},"thumbnailUrl":"https:\/\/icomp.com.br\/camarim\/wp-content\/uploads\/2026\/01\/camarim-empresario-artista.jpg","keywords":["planejamento de carreira musical"],"articleSection":["Gest\u00e3o de Carreira Musical"],"inLanguage":"pt-BR","potentialAction":[{"@type":"CommentAction","name":"Comment","target":["https:\/\/icomp.com.br\/camarim\/planejamento-de-carreira-musical\/#respond"]}]},{"@type":"WebPage","@id":"https:\/\/icomp.com.br\/camarim\/planejamento-de-carreira-musical\/","url":"https:\/\/icomp.com.br\/camarim\/planejamento-de-carreira-musical\/","name":"Entenda a diferen\u00e7a entre o artista e empres\u00e1rio de carreira! - Marketing Musical com Dhiego Bicudo","isPartOf":{"@id":"https:\/\/icomp.com.br\/camarim\/#website"},"primaryImageOfPage":{"@id":"https:\/\/icomp.com.br\/camarim\/planejamento-de-carreira-musical\/#primaryimage"},"image":{"@id":"https:\/\/icomp.com.br\/camarim\/planejamento-de-carreira-musical\/#primaryimage"},"thumbnailUrl":"https:\/\/icomp.com.br\/camarim\/wp-content\/uploads\/2026\/01\/camarim-empresario-artista.jpg","datePublished":"2026-01-20T12:00:00+00:00","dateModified":"2026-01-20T12:58:42+00:00","description":"Descubra a diferen\u00e7a entre artista e empres\u00e1rio de carreira e como estruturar uma carreira musical com estrat\u00e9gia, clareza e vis\u00e3o.","breadcrumb":{"@id":"https:\/\/icomp.com.br\/camarim\/planejamento-de-carreira-musical\/#breadcrumb"},"inLanguage":"pt-BR","potentialAction":[{"@type":"ReadAction","target":["https:\/\/icomp.com.br\/camarim\/planejamento-de-carreira-musical\/"]}]},{"@type":"ImageObject","inLanguage":"pt-BR","@id":"https:\/\/icomp.com.br\/camarim\/planejamento-de-carreira-musical\/#primaryimage","url":"https:\/\/icomp.com.br\/camarim\/wp-content\/uploads\/2026\/01\/camarim-empresario-artista.jpg","contentUrl":"https:\/\/icomp.com.br\/camarim\/wp-content\/uploads\/2026\/01\/camarim-empresario-artista.jpg","width":1524,"height":1906,"caption":"planejamento de carreira musical"},{"@type":"BreadcrumbList","@id":"https:\/\/icomp.com.br\/camarim\/planejamento-de-carreira-musical\/#breadcrumb","itemListElement":[{"@type":"ListItem","position":1,"name":"Home","item":"https:\/\/icomp.com.br\/camarim\/"},{"@type":"ListItem","position":2,"name":"Entenda a diferen\u00e7a entre o artista e empres\u00e1rio de carreira!"}]},{"@type":"WebSite","@id":"https:\/\/icomp.com.br\/camarim\/#website","url":"https:\/\/icomp.com.br\/camarim\/","name":"Marketing Musical com Dhiego Bicudo","description":"Conhe\u00e7a as estrat\u00e9gias no marketing musical que uso na Ag\u00eancia ICOMP para transformar cantores, duplas e bandas em artistas reconhecidos","publisher":{"@id":"https:\/\/icomp.com.br\/camarim\/#organization"},"potentialAction":[{"@type":"SearchAction","target":{"@type":"EntryPoint","urlTemplate":"https:\/\/icomp.com.br\/camarim\/?s={search_term_string}"},"query-input":{"@type":"PropertyValueSpecification","valueRequired":true,"valueName":"search_term_string"}}],"inLanguage":"pt-BR"},{"@type":"Organization","@id":"https:\/\/icomp.com.br\/camarim\/#organization","name":"Marketing Musical com Dhiego Bicudo","url":"https:\/\/icomp.com.br\/camarim\/","logo":{"@type":"ImageObject","inLanguage":"pt-BR","@id":"https:\/\/icomp.com.br\/camarim\/#\/schema\/logo\/image\/","url":"https:\/\/icomp.com.br\/camarim\/wp-content\/uploads\/2017\/10\/cropped-icone.png","contentUrl":"https:\/\/icomp.com.br\/camarim\/wp-content\/uploads\/2017\/10\/cropped-icone.png","width":512,"height":512,"caption":"Marketing Musical com Dhiego Bicudo"},"image":{"@id":"https:\/\/icomp.com.br\/camarim\/#\/schema\/logo\/image\/"},"sameAs":["https:\/\/www.facebook.com\/agenciaicomp","https:\/\/www.instagram.com\/dhiegobicudo","https:\/\/www.linkedin.com\/in\/dhiegobicudo","https:\/\/www.youtube.com\/@TrilhadoCantor"]},{"@type":"Person","@id":"https:\/\/icomp.com.br\/camarim\/#\/schema\/person\/d10a1b1471cde95c3738b4de07287002","name":"Dhiego Bicudo","image":{"@type":"ImageObject","inLanguage":"pt-BR","@id":"https:\/\/secure.gravatar.com\/avatar\/199e5081b46939e9add8e7fc06e802eb2f43ff99423ca0ef09d71f21882a5c49?s=96&d=mm&r=g","url":"https:\/\/secure.gravatar.com\/avatar\/199e5081b46939e9add8e7fc06e802eb2f43ff99423ca0ef09d71f21882a5c49?s=96&d=mm&r=g","contentUrl":"https:\/\/secure.gravatar.com\/avatar\/199e5081b46939e9add8e7fc06e802eb2f43ff99423ca0ef09d71f21882a5c49?s=96&d=mm&r=g","caption":"Dhiego Bicudo"},"description":"possui muita experi\u00eancia em estrat\u00e9gias de marketing musical para cantores, duplas e bandas na Ag\u00eancia ICOMP","url":"https:\/\/icomp.com.br\/camarim\/author\/d2ecf63ba8a1943f\/"}]}},"_links":{"self":[{"href":"https:\/\/icomp.com.br\/camarim\/wp-json\/wp\/v2\/posts\/1588","targetHints":{"allow":["GET"]}}],"collection":[{"href":"https:\/\/icomp.com.br\/camarim\/wp-json\/wp\/v2\/posts"}],"about":[{"href":"https:\/\/icomp.com.br\/camarim\/wp-json\/wp\/v2\/types\/post"}],"author":[{"embeddable":true,"href":"https:\/\/icomp.com.br\/camarim\/wp-json\/wp\/v2\/users\/10"}],"replies":[{"embeddable":true,"href":"https:\/\/icomp.com.br\/camarim\/wp-json\/wp\/v2\/comments?post=1588"}],"version-history":[{"count":1,"href":"https:\/\/icomp.com.br\/camarim\/wp-json\/wp\/v2\/posts\/1588\/revisions"}],"predecessor-version":[{"id":1590,"href":"https:\/\/icomp.com.br\/camarim\/wp-json\/wp\/v2\/posts\/1588\/revisions\/1590"}],"wp:featuredmedia":[{"embeddable":true,"href":"https:\/\/icomp.com.br\/camarim\/wp-json\/wp\/v2\/media\/1589"}],"wp:attachment":[{"href":"https:\/\/icomp.com.br\/camarim\/wp-json\/wp\/v2\/media?parent=1588"}],"wp:term":[{"taxonomy":"category","embeddable":true,"href":"https:\/\/icomp.com.br\/camarim\/wp-json\/wp\/v2\/categories?post=1588"},{"taxonomy":"post_tag","embeddable":true,"href":"https:\/\/icomp.com.br\/camarim\/wp-json\/wp\/v2\/tags?post=1588"}],"curies":[{"name":"wp","href":"https:\/\/api.w.org\/{rel}","templated":true}]}}