{"id":17,"date":"2024-07-26T12:12:00","date_gmt":"2024-07-26T15:12:00","guid":{"rendered":"http:\/\/www.icomp.com.br\/camarim\/?p=17"},"modified":"2026-01-22T20:51:40","modified_gmt":"2026-01-22T23:51:40","slug":"divulgarbanda","status":"publish","type":"post","link":"https:\/\/icomp.com.br\/camarim\/divulgarbanda\/","title":{"rendered":"Para divulgar a banda preciso ter um site oficial ou o Instagram e Youtube resolvem?"},"content":{"rendered":"<p>Muitos cantores me perguntam se ter um canal no Youtube, uma p\u00e1gina no Facebook ou um perfil no Instagram j\u00e1 \u00e9 suficiente para divulgar o projeto. Com toda a experi\u00eancia nestes 25 anos na Ag\u00eancia ICOMP eu respondo que n\u00e3o. As m\u00eddias sociais s\u00e3o importantes na estrat\u00e9gia de divulga\u00e7\u00e3o de bandas, mas a sua hist\u00f3ria como cantor n\u00e3o pode se ancorar nelas, principalmente porque sobre as m\u00eddias sociais voc\u00ea n\u00e3o tem controle, s\u00e3o servi\u00e7os terceirizados que podem acabar a qualquer momento. Por alguns motivos abaixo \u00e9 importante voc\u00ea ter um site para cantores.<\/p>\n<h2><strong>Voc\u00ea e sua banda\u00a0n\u00e3o devem ficar ref\u00e9m de terceiros<\/strong><\/h2>\n<p>Imagine se voc\u00ea fosse cantor a alguns anos atr\u00e1s e tivesse constru\u00eddo toda sua audi\u00eancia ou base de f\u00e3s sobre o Orkut? A rede durou bastante e foi febre, mas passou. O que eu quero te alertar hoje \u00e9 que se o Facebook acaba ou se a sua p\u00e1gina \u00e9 roubada, voc\u00ea simplesmente perdeu todo o esfor\u00e7o e os f\u00e3s que havia conquistado ali.<\/p>\n<p>Por isso \u00e9 muito importante voc\u00ea ter seu pr\u00f3prio canal (o site oficial) e usar as m\u00eddias sociais para atrair pessoas para ele e integrar com ele para deixar sempre din\u00e2mico o conte\u00fado atualizado. No seu site voc\u00ea registra um endere\u00e7o pr\u00f3prio (com seu nome) e organizar com todas as informa\u00e7\u00f5es sobre sua carreira e projeto, o que n\u00e3o acontece nas m\u00eddias sociais, pois l\u00e1 \u00e9 o ambiente de relacionamento.<\/p>\n<p>Tanto no Facebook, quanto no Instagram voc\u00ea n\u00e3o tem acesso aos dados de seus f\u00e3s como os e-mails ou contatos e isso impede que voc\u00ea se relacione com eles de outra forma. Ent\u00e3o, vamos combinar uma coisa? Por favooooor\u2026. <span style=\"color: #000000;\"><strong>pare de ficar repetindo:<\/strong><\/span><\/p>\n<blockquote>\n<p style=\"text-align: center;\"><strong><em>\u201cEntra l\u00e1 no meu Insta, no meu Face, entra no Youtube e digita o meu nome \u201c. O Insta n\u00e3o \u00e9 seu, \u00e9 do Mark Zuckerberg n\u00e9!\u00a0<\/em><\/strong><\/p>\n<\/blockquote>\n<h2><span style=\"color: #000000;\"><strong>Site Oficial passa uma imagem profissional da sua banda, dupla e carreira<br \/>\n<\/strong><\/span><\/h2>\n<p>Ter uma conta no Facebook, um perfil no Instagram ou no TikTok qualquer pessoa consegue fazer certo? Por isso, somente estar presente nas m\u00eddias sociais n\u00e3o te destaca perante outros milhares de cantores no Brasil e n\u00e3o \u00e9 suficiente para divulgar banda.<\/p>\n<p>Se voc\u00ea tem um site oficial, <a href=\"http:\/\/www.icomp.com.br\/camarim\/cantorprofissional\/\" target=\"_blank\" rel=\"nofollow noopener\">demonstra profissionalismo<\/a>, organiza\u00e7\u00e3o e zelo pela imagem, as pessoas percebem que voc\u00ea fez um <a href=\"http:\/\/www.icomp.com.br\/camarim\/marketing_musical\/\" target=\"_blank\" rel=\"nofollow noopener\">investimento na sua carreira<\/a> e est\u00e1 levando isso muito a s\u00e9rio e n\u00e3o apenas \u201ctentando a sorte pra ver no que vai dar\u201d. Eu costumo dizer que o site oficial \u00e9 o cart\u00e3o de visitas e o palco do cantor na internet, ent\u00e3o precisamos fazer bonito, concorda?<\/p>\n<p><img loading=\"lazy\" decoding=\"async\" class=\"img-max aligncenter\" title=\"Dilvugar banda com site para cantores\" src=\"https:\/\/d335luupugsy2.cloudfront.net\/cms\/files\/28361\/1500322773\/$oryptb0i2ko\" alt=\"Dilvugar banda com site para cantores\" width=\"560\" height=\"315\" border=\"0\" \/><\/p>\n<h2><span style=\"color: #000000;\"><strong>Site para divulgar cantores, duplas e bandas precisa atender as necessidades da ind\u00fastria da m\u00fasica<\/strong><\/span><\/h2>\n<p>A diferen\u00e7a de um site para cantores de outros sites normais \u00e9 que voc\u00ea consegue suprir as necessidades do neg\u00f3cio da m\u00fasica. Um site para cantores precisa conter a sua agenda de shows, acesso \u00e0s plataformas digitais como Spotify, Deezer, Apple Music entre outras, integra\u00e7\u00e3o com seus v\u00eddeos do Youtube, suas publica\u00e7\u00f5es do Instagram, uma p\u00e1gina para seus \u00e1lbuns de fotos e v\u00eddeos, espa\u00e7os para que os visitantes possam ouvir suas m\u00fasicas, conhecer sua discografia e acessar os materiais para imprensa e principalmente para os contratantes.<\/p>\n<p>Um site para cantor \u00e9 um local importante, onde se centraliza, organiza e divulga todas as informa\u00e7\u00f5es do cantor. Ao acessar o site, o visitante tem acesso a tudo e consegue ter uma vis\u00e3o geral da sua carreira, coisa que n\u00e3o \u00e9 poss\u00edvel fazer nas m\u00eddias sociais.<\/p>\n<h2><span style=\"color: #000000;\"><strong>Site para cantores precisa ser diferente e exclusivo<\/strong><\/span><\/h2>\n<p>Um site para cantores precisa se diferenciar de todos os outros muitos sites para cantores dispon\u00edveis no mercado. Por isso \u00e9 preciso que voc\u00ea escolha um fornecedor que entenda bem o segmento da m\u00fasica e consiga fazer algo \u00e0 altura e ao mesmo tempo diferente, afinal o seu estilo \u00e9 pr\u00f3prio e o seu site deve refletir isso, n\u00e3o escolha o fornecedor mais barato para assumir a grande responsabilidade que \u00e9 apresentar a banda.<\/p>\n<p>Ent\u00e3o? Voc\u00ea precisa de um site para cantores ou vai continuar se posicionando como um cantor amador? Se decidir fazer isso bem feito,\u00a0<a href=\"http:\/\/conteudo.icomp.com.br\/consultoria\" target=\"_blank\" rel=\"nofollow noopener\"><strong>entre em contato comigo e solicite um or\u00e7amento<\/strong><\/a>. Te garanto que \u00e9 mais acess\u00edvel do que voc\u00ea imagina ?<\/p>\n<p>Aguardo seu contato hein!?<\/p>\n<p>At\u00e9 breve!<\/p>\n","protected":false},"excerpt":{"rendered":"<p>Muitos cantores me perguntam se ter um canal no Youtube, uma p\u00e1gina no Facebook ou um perfil no Instagram j\u00e1 \u00e9 suficiente para divulgar o projeto. Com toda a experi\u00eancia nestes 25 anos na Ag\u00eancia ICOMP eu respondo que n\u00e3o. As m\u00eddias sociais s\u00e3o importantes na estrat\u00e9gia de divulga\u00e7\u00e3o de bandas, mas a sua hist\u00f3ria [&hellip;]<\/p>\n","protected":false},"author":10,"featured_media":95,"comment_status":"closed","ping_status":"closed","sticky":false,"template":"","format":"image","meta":{"ocean_post_layout":"","ocean_both_sidebars_style":"","ocean_both_sidebars_content_width":0,"ocean_both_sidebars_sidebars_width":0,"ocean_sidebar":"","ocean_second_sidebar":"","ocean_disable_margins":"enable","ocean_add_body_class":"","ocean_shortcode_before_top_bar":"","ocean_shortcode_after_top_bar":"","ocean_shortcode_before_header":"","ocean_shortcode_after_header":"","ocean_has_shortcode":"","ocean_shortcode_after_title":"","ocean_shortcode_before_footer_widgets":"","ocean_shortcode_after_footer_widgets":"","ocean_shortcode_before_footer_bottom":"","ocean_shortcode_after_footer_bottom":"","ocean_display_top_bar":"default","ocean_display_header":"default","ocean_header_style":"","ocean_center_header_left_menu":"","ocean_custom_header_template":"","ocean_custom_logo":0,"ocean_custom_retina_logo":0,"ocean_custom_logo_max_width":0,"ocean_custom_logo_tablet_max_width":0,"ocean_custom_logo_mobile_max_width":0,"ocean_custom_logo_max_height":0,"ocean_custom_logo_tablet_max_height":0,"ocean_custom_logo_mobile_max_height":0,"ocean_header_custom_menu":"","ocean_menu_typo_font_family":"","ocean_menu_typo_font_subset":"","ocean_menu_typo_font_size":0,"ocean_menu_typo_font_size_tablet":0,"ocean_menu_typo_font_size_mobile":0,"ocean_menu_typo_font_size_unit":"px","ocean_menu_typo_font_weight":"","ocean_menu_typo_font_weight_tablet":"","ocean_menu_typo_font_weight_mobile":"","ocean_menu_typo_transform":"","ocean_menu_typo_transform_tablet":"","ocean_menu_typo_transform_mobile":"","ocean_menu_typo_line_height":0,"ocean_menu_typo_line_height_tablet":0,"ocean_menu_typo_line_height_mobile":0,"ocean_menu_typo_line_height_unit":"","ocean_menu_typo_spacing":0,"ocean_menu_typo_spacing_tablet":0,"ocean_menu_typo_spacing_mobile":0,"ocean_menu_typo_spacing_unit":"","ocean_menu_link_color":"","ocean_menu_link_color_hover":"","ocean_menu_link_color_active":"","ocean_menu_link_background":"","ocean_menu_link_hover_background":"","ocean_menu_link_active_background":"","ocean_menu_social_links_bg":"","ocean_menu_social_hover_links_bg":"","ocean_menu_social_links_color":"","ocean_menu_social_hover_links_color":"","ocean_disable_title":"default","ocean_disable_heading":"default","ocean_post_title":"","ocean_post_subheading":"","ocean_post_title_style":"","ocean_post_title_background_color":"","ocean_post_title_background":0,"ocean_post_title_bg_image_position":"","ocean_post_title_bg_image_attachment":"","ocean_post_title_bg_image_repeat":"","ocean_post_title_bg_image_size":"","ocean_post_title_height":0,"ocean_post_title_bg_overlay":0.5,"ocean_post_title_bg_overlay_color":"","ocean_disable_breadcrumbs":"default","ocean_breadcrumbs_color":"","ocean_breadcrumbs_separator_color":"","ocean_breadcrumbs_links_color":"","ocean_breadcrumbs_links_hover_color":"","ocean_display_footer_widgets":"default","ocean_display_footer_bottom":"default","ocean_custom_footer_template":"","ocean_post_oembed":"","ocean_post_self_hosted_media":"","ocean_post_video_embed":"","ocean_link_format":"","ocean_link_format_target":"self","ocean_quote_format":"","ocean_quote_format_link":"post","ocean_gallery_link_images":"on","ocean_gallery_id":[],"footnotes":""},"categories":[104],"tags":[31,34,60,61,62],"class_list":["post-17","post","type-post","status-publish","format-image","has-post-thumbnail","hentry","category-sites-para-musicos","tag-divulgacao-de-bandas","tag-divulgar-banda","tag-site-de-cantores","tag-site-para-cantores","tag-sites-de-cantores","post_format-post-format-image","entry","has-media"],"yoast_head":"<!-- This site is optimized with the Yoast SEO plugin v27.4 - https:\/\/yoast.com\/product\/yoast-seo-wordpress\/ -->\n<title>Para divulgar a banda preciso ter site ou o Instagram e Youtube resolvem?<\/title>\n<meta name=\"description\" content=\"H\u00e1 muitas d\u00favidas na hora de escolher uma boa estrat\u00e9gia de marketing para divulgar a banda. Ter o Instagram, Youtube, Facebook ou um site para cantores? Leia o conte\u00fado e coloque em pr\u00e1tica.\" \/>\n<meta name=\"robots\" content=\"index, follow, max-snippet:-1, max-image-preview:large, max-video-preview:-1\" \/>\n<link rel=\"canonical\" href=\"https:\/\/icomp.com.br\/camarim\/divulgarbanda\/\" \/>\n<meta property=\"og:locale\" content=\"pt_BR\" \/>\n<meta property=\"og:type\" content=\"article\" \/>\n<meta property=\"og:title\" content=\"Para divulgar a banda preciso ter site ou o Instagram e Youtube resolvem?\" \/>\n<meta property=\"og:description\" content=\"H\u00e1 muitas d\u00favidas na hora de escolher uma boa estrat\u00e9gia de marketing para divulgar a banda. Ter o Instagram, Youtube, Facebook ou um site para cantores? Leia o conte\u00fado e coloque em pr\u00e1tica.\" \/>\n<meta property=\"og:url\" content=\"https:\/\/icomp.com.br\/camarim\/divulgarbanda\/\" \/>\n<meta property=\"og:site_name\" content=\"Marketing Musical com Dhiego Bicudo\" \/>\n<meta property=\"article:publisher\" content=\"https:\/\/www.facebook.com\/agenciaicomp\" \/>\n<meta property=\"article:published_time\" content=\"2024-07-26T15:12:00+00:00\" \/>\n<meta property=\"article:modified_time\" content=\"2026-01-22T23:51:40+00:00\" \/>\n<meta property=\"og:image\" content=\"https:\/\/icomp.com.br\/camarim\/wp-content\/uploads\/2017\/07\/3-1.png\" \/>\n\t<meta property=\"og:image:width\" content=\"1600\" \/>\n\t<meta property=\"og:image:height\" content=\"900\" \/>\n\t<meta property=\"og:image:type\" content=\"image\/png\" \/>\n<meta name=\"author\" content=\"Dhiego Bicudo\" \/>\n<meta name=\"twitter:card\" content=\"summary_large_image\" \/>\n<meta name=\"twitter:label1\" content=\"Escrito por\" \/>\n\t<meta name=\"twitter:data1\" content=\"Dhiego Bicudo\" \/>\n\t<meta name=\"twitter:label2\" content=\"Est. tempo de leitura\" \/>\n\t<meta name=\"twitter:data2\" content=\"5 minutos\" \/>\n<script type=\"application\/ld+json\" class=\"yoast-schema-graph\">{\"@context\":\"https:\\\/\\\/schema.org\",\"@graph\":[{\"@type\":\"Article\",\"@id\":\"https:\\\/\\\/icomp.com.br\\\/camarim\\\/divulgarbanda\\\/#article\",\"isPartOf\":{\"@id\":\"https:\\\/\\\/icomp.com.br\\\/camarim\\\/divulgarbanda\\\/\"},\"author\":{\"name\":\"Dhiego Bicudo\",\"@id\":\"https:\\\/\\\/icomp.com.br\\\/camarim\\\/#\\\/schema\\\/person\\\/d10a1b1471cde95c3738b4de07287002\"},\"headline\":\"Para divulgar a banda preciso ter um site oficial ou o Instagram e Youtube resolvem?\",\"datePublished\":\"2024-07-26T15:12:00+00:00\",\"dateModified\":\"2026-01-22T23:51:40+00:00\",\"mainEntityOfPage\":{\"@id\":\"https:\\\/\\\/icomp.com.br\\\/camarim\\\/divulgarbanda\\\/\"},\"wordCount\":768,\"publisher\":{\"@id\":\"https:\\\/\\\/icomp.com.br\\\/camarim\\\/#organization\"},\"image\":{\"@id\":\"https:\\\/\\\/icomp.com.br\\\/camarim\\\/divulgarbanda\\\/#primaryimage\"},\"thumbnailUrl\":\"https:\\\/\\\/icomp.com.br\\\/camarim\\\/wp-content\\\/uploads\\\/2017\\\/07\\\/3-1.png\",\"keywords\":[\"divulga\u00e7\u00e3o de bandas\",\"divulgar banda\",\"site de cantores\",\"site para cantores\",\"sites de cantores\"],\"articleSection\":[\"Sites para M\u00fasicos\"],\"inLanguage\":\"pt-BR\"},{\"@type\":\"WebPage\",\"@id\":\"https:\\\/\\\/icomp.com.br\\\/camarim\\\/divulgarbanda\\\/\",\"url\":\"https:\\\/\\\/icomp.com.br\\\/camarim\\\/divulgarbanda\\\/\",\"name\":\"Para divulgar a banda preciso ter site ou o Instagram e Youtube resolvem?\",\"isPartOf\":{\"@id\":\"https:\\\/\\\/icomp.com.br\\\/camarim\\\/#website\"},\"primaryImageOfPage\":{\"@id\":\"https:\\\/\\\/icomp.com.br\\\/camarim\\\/divulgarbanda\\\/#primaryimage\"},\"image\":{\"@id\":\"https:\\\/\\\/icomp.com.br\\\/camarim\\\/divulgarbanda\\\/#primaryimage\"},\"thumbnailUrl\":\"https:\\\/\\\/icomp.com.br\\\/camarim\\\/wp-content\\\/uploads\\\/2017\\\/07\\\/3-1.png\",\"datePublished\":\"2024-07-26T15:12:00+00:00\",\"dateModified\":\"2026-01-22T23:51:40+00:00\",\"description\":\"H\u00e1 muitas d\u00favidas na hora de escolher uma boa estrat\u00e9gia de marketing para divulgar a banda. Ter o Instagram, Youtube, Facebook ou um site para cantores? Leia o conte\u00fado e coloque em pr\u00e1tica.\",\"breadcrumb\":{\"@id\":\"https:\\\/\\\/icomp.com.br\\\/camarim\\\/divulgarbanda\\\/#breadcrumb\"},\"inLanguage\":\"pt-BR\",\"potentialAction\":[{\"@type\":\"ReadAction\",\"target\":[\"https:\\\/\\\/icomp.com.br\\\/camarim\\\/divulgarbanda\\\/\"]}]},{\"@type\":\"ImageObject\",\"inLanguage\":\"pt-BR\",\"@id\":\"https:\\\/\\\/icomp.com.br\\\/camarim\\\/divulgarbanda\\\/#primaryimage\",\"url\":\"https:\\\/\\\/icomp.com.br\\\/camarim\\\/wp-content\\\/uploads\\\/2017\\\/07\\\/3-1.png\",\"contentUrl\":\"https:\\\/\\\/icomp.com.br\\\/camarim\\\/wp-content\\\/uploads\\\/2017\\\/07\\\/3-1.png\",\"width\":1600,\"height\":900},{\"@type\":\"BreadcrumbList\",\"@id\":\"https:\\\/\\\/icomp.com.br\\\/camarim\\\/divulgarbanda\\\/#breadcrumb\",\"itemListElement\":[{\"@type\":\"ListItem\",\"position\":1,\"name\":\"Home\",\"item\":\"https:\\\/\\\/icomp.com.br\\\/camarim\\\/\"},{\"@type\":\"ListItem\",\"position\":2,\"name\":\"Para divulgar a banda preciso ter um site oficial ou o Instagram e Youtube resolvem?\"}]},{\"@type\":\"WebSite\",\"@id\":\"https:\\\/\\\/icomp.com.br\\\/camarim\\\/#website\",\"url\":\"https:\\\/\\\/icomp.com.br\\\/camarim\\\/\",\"name\":\"Marketing Musical com Dhiego Bicudo\",\"description\":\"Conhe\u00e7a as estrat\u00e9gias no marketing musical que uso na Ag\u00eancia ICOMP para transformar cantores, duplas e bandas em artistas reconhecidos\",\"publisher\":{\"@id\":\"https:\\\/\\\/icomp.com.br\\\/camarim\\\/#organization\"},\"potentialAction\":[{\"@type\":\"SearchAction\",\"target\":{\"@type\":\"EntryPoint\",\"urlTemplate\":\"https:\\\/\\\/icomp.com.br\\\/camarim\\\/?s={search_term_string}\"},\"query-input\":{\"@type\":\"PropertyValueSpecification\",\"valueRequired\":true,\"valueName\":\"search_term_string\"}}],\"inLanguage\":\"pt-BR\"},{\"@type\":\"Organization\",\"@id\":\"https:\\\/\\\/icomp.com.br\\\/camarim\\\/#organization\",\"name\":\"Marketing Musical com Dhiego Bicudo\",\"url\":\"https:\\\/\\\/icomp.com.br\\\/camarim\\\/\",\"logo\":{\"@type\":\"ImageObject\",\"inLanguage\":\"pt-BR\",\"@id\":\"https:\\\/\\\/icomp.com.br\\\/camarim\\\/#\\\/schema\\\/logo\\\/image\\\/\",\"url\":\"https:\\\/\\\/icomp.com.br\\\/camarim\\\/wp-content\\\/uploads\\\/2017\\\/10\\\/cropped-icone.png\",\"contentUrl\":\"https:\\\/\\\/icomp.com.br\\\/camarim\\\/wp-content\\\/uploads\\\/2017\\\/10\\\/cropped-icone.png\",\"width\":512,\"height\":512,\"caption\":\"Marketing Musical com Dhiego Bicudo\"},\"image\":{\"@id\":\"https:\\\/\\\/icomp.com.br\\\/camarim\\\/#\\\/schema\\\/logo\\\/image\\\/\"},\"sameAs\":[\"https:\\\/\\\/www.facebook.com\\\/agenciaicomp\",\"https:\\\/\\\/www.instagram.com\\\/dhiegobicudo\",\"https:\\\/\\\/www.linkedin.com\\\/in\\\/dhiegobicudo\",\"https:\\\/\\\/www.youtube.com\\\/@TrilhadoCantor\"]},{\"@type\":\"Person\",\"@id\":\"https:\\\/\\\/icomp.com.br\\\/camarim\\\/#\\\/schema\\\/person\\\/d10a1b1471cde95c3738b4de07287002\",\"name\":\"Dhiego Bicudo\",\"image\":{\"@type\":\"ImageObject\",\"inLanguage\":\"pt-BR\",\"@id\":\"https:\\\/\\\/secure.gravatar.com\\\/avatar\\\/199e5081b46939e9add8e7fc06e802eb2f43ff99423ca0ef09d71f21882a5c49?s=96&d=mm&r=g\",\"url\":\"https:\\\/\\\/secure.gravatar.com\\\/avatar\\\/199e5081b46939e9add8e7fc06e802eb2f43ff99423ca0ef09d71f21882a5c49?s=96&d=mm&r=g\",\"contentUrl\":\"https:\\\/\\\/secure.gravatar.com\\\/avatar\\\/199e5081b46939e9add8e7fc06e802eb2f43ff99423ca0ef09d71f21882a5c49?s=96&d=mm&r=g\",\"caption\":\"Dhiego Bicudo\"},\"description\":\"possui muita experi\u00eancia em estrat\u00e9gias de marketing musical para cantores, duplas e bandas na Ag\u00eancia ICOMP\",\"url\":\"https:\\\/\\\/icomp.com.br\\\/camarim\\\/author\\\/d2ecf63ba8a1943f\\\/\"}]}<\/script>\n<!-- \/ Yoast SEO plugin. -->","yoast_head_json":{"title":"Para divulgar a banda preciso ter site ou o Instagram e Youtube resolvem?","description":"H\u00e1 muitas d\u00favidas na hora de escolher uma boa estrat\u00e9gia de marketing para divulgar a banda. Ter o Instagram, Youtube, Facebook ou um site para cantores? Leia o conte\u00fado e coloque em pr\u00e1tica.","robots":{"index":"index","follow":"follow","max-snippet":"max-snippet:-1","max-image-preview":"max-image-preview:large","max-video-preview":"max-video-preview:-1"},"canonical":"https:\/\/icomp.com.br\/camarim\/divulgarbanda\/","og_locale":"pt_BR","og_type":"article","og_title":"Para divulgar a banda preciso ter site ou o Instagram e Youtube resolvem?","og_description":"H\u00e1 muitas d\u00favidas na hora de escolher uma boa estrat\u00e9gia de marketing para divulgar a banda. Ter o Instagram, Youtube, Facebook ou um site para cantores? Leia o conte\u00fado e coloque em pr\u00e1tica.","og_url":"https:\/\/icomp.com.br\/camarim\/divulgarbanda\/","og_site_name":"Marketing Musical com Dhiego Bicudo","article_publisher":"https:\/\/www.facebook.com\/agenciaicomp","article_published_time":"2024-07-26T15:12:00+00:00","article_modified_time":"2026-01-22T23:51:40+00:00","og_image":[{"width":1600,"height":900,"url":"https:\/\/icomp.com.br\/camarim\/wp-content\/uploads\/2017\/07\/3-1.png","type":"image\/png"}],"author":"Dhiego Bicudo","twitter_card":"summary_large_image","twitter_misc":{"Escrito por":"Dhiego Bicudo","Est. tempo de leitura":"5 minutos"},"schema":{"@context":"https:\/\/schema.org","@graph":[{"@type":"Article","@id":"https:\/\/icomp.com.br\/camarim\/divulgarbanda\/#article","isPartOf":{"@id":"https:\/\/icomp.com.br\/camarim\/divulgarbanda\/"},"author":{"name":"Dhiego Bicudo","@id":"https:\/\/icomp.com.br\/camarim\/#\/schema\/person\/d10a1b1471cde95c3738b4de07287002"},"headline":"Para divulgar a banda preciso ter um site oficial ou o Instagram e Youtube resolvem?","datePublished":"2024-07-26T15:12:00+00:00","dateModified":"2026-01-22T23:51:40+00:00","mainEntityOfPage":{"@id":"https:\/\/icomp.com.br\/camarim\/divulgarbanda\/"},"wordCount":768,"publisher":{"@id":"https:\/\/icomp.com.br\/camarim\/#organization"},"image":{"@id":"https:\/\/icomp.com.br\/camarim\/divulgarbanda\/#primaryimage"},"thumbnailUrl":"https:\/\/icomp.com.br\/camarim\/wp-content\/uploads\/2017\/07\/3-1.png","keywords":["divulga\u00e7\u00e3o de bandas","divulgar banda","site de cantores","site para cantores","sites de cantores"],"articleSection":["Sites para M\u00fasicos"],"inLanguage":"pt-BR"},{"@type":"WebPage","@id":"https:\/\/icomp.com.br\/camarim\/divulgarbanda\/","url":"https:\/\/icomp.com.br\/camarim\/divulgarbanda\/","name":"Para divulgar a banda preciso ter site ou o Instagram e Youtube resolvem?","isPartOf":{"@id":"https:\/\/icomp.com.br\/camarim\/#website"},"primaryImageOfPage":{"@id":"https:\/\/icomp.com.br\/camarim\/divulgarbanda\/#primaryimage"},"image":{"@id":"https:\/\/icomp.com.br\/camarim\/divulgarbanda\/#primaryimage"},"thumbnailUrl":"https:\/\/icomp.com.br\/camarim\/wp-content\/uploads\/2017\/07\/3-1.png","datePublished":"2024-07-26T15:12:00+00:00","dateModified":"2026-01-22T23:51:40+00:00","description":"H\u00e1 muitas d\u00favidas na hora de escolher uma boa estrat\u00e9gia de marketing para divulgar a banda. Ter o Instagram, Youtube, Facebook ou um site para cantores? Leia o conte\u00fado e coloque em pr\u00e1tica.","breadcrumb":{"@id":"https:\/\/icomp.com.br\/camarim\/divulgarbanda\/#breadcrumb"},"inLanguage":"pt-BR","potentialAction":[{"@type":"ReadAction","target":["https:\/\/icomp.com.br\/camarim\/divulgarbanda\/"]}]},{"@type":"ImageObject","inLanguage":"pt-BR","@id":"https:\/\/icomp.com.br\/camarim\/divulgarbanda\/#primaryimage","url":"https:\/\/icomp.com.br\/camarim\/wp-content\/uploads\/2017\/07\/3-1.png","contentUrl":"https:\/\/icomp.com.br\/camarim\/wp-content\/uploads\/2017\/07\/3-1.png","width":1600,"height":900},{"@type":"BreadcrumbList","@id":"https:\/\/icomp.com.br\/camarim\/divulgarbanda\/#breadcrumb","itemListElement":[{"@type":"ListItem","position":1,"name":"Home","item":"https:\/\/icomp.com.br\/camarim\/"},{"@type":"ListItem","position":2,"name":"Para divulgar a banda preciso ter um site oficial ou o Instagram e Youtube resolvem?"}]},{"@type":"WebSite","@id":"https:\/\/icomp.com.br\/camarim\/#website","url":"https:\/\/icomp.com.br\/camarim\/","name":"Marketing Musical com Dhiego Bicudo","description":"Conhe\u00e7a as estrat\u00e9gias no marketing musical que uso na Ag\u00eancia ICOMP para transformar cantores, duplas e bandas em artistas reconhecidos","publisher":{"@id":"https:\/\/icomp.com.br\/camarim\/#organization"},"potentialAction":[{"@type":"SearchAction","target":{"@type":"EntryPoint","urlTemplate":"https:\/\/icomp.com.br\/camarim\/?s={search_term_string}"},"query-input":{"@type":"PropertyValueSpecification","valueRequired":true,"valueName":"search_term_string"}}],"inLanguage":"pt-BR"},{"@type":"Organization","@id":"https:\/\/icomp.com.br\/camarim\/#organization","name":"Marketing Musical com Dhiego Bicudo","url":"https:\/\/icomp.com.br\/camarim\/","logo":{"@type":"ImageObject","inLanguage":"pt-BR","@id":"https:\/\/icomp.com.br\/camarim\/#\/schema\/logo\/image\/","url":"https:\/\/icomp.com.br\/camarim\/wp-content\/uploads\/2017\/10\/cropped-icone.png","contentUrl":"https:\/\/icomp.com.br\/camarim\/wp-content\/uploads\/2017\/10\/cropped-icone.png","width":512,"height":512,"caption":"Marketing Musical com Dhiego Bicudo"},"image":{"@id":"https:\/\/icomp.com.br\/camarim\/#\/schema\/logo\/image\/"},"sameAs":["https:\/\/www.facebook.com\/agenciaicomp","https:\/\/www.instagram.com\/dhiegobicudo","https:\/\/www.linkedin.com\/in\/dhiegobicudo","https:\/\/www.youtube.com\/@TrilhadoCantor"]},{"@type":"Person","@id":"https:\/\/icomp.com.br\/camarim\/#\/schema\/person\/d10a1b1471cde95c3738b4de07287002","name":"Dhiego Bicudo","image":{"@type":"ImageObject","inLanguage":"pt-BR","@id":"https:\/\/secure.gravatar.com\/avatar\/199e5081b46939e9add8e7fc06e802eb2f43ff99423ca0ef09d71f21882a5c49?s=96&d=mm&r=g","url":"https:\/\/secure.gravatar.com\/avatar\/199e5081b46939e9add8e7fc06e802eb2f43ff99423ca0ef09d71f21882a5c49?s=96&d=mm&r=g","contentUrl":"https:\/\/secure.gravatar.com\/avatar\/199e5081b46939e9add8e7fc06e802eb2f43ff99423ca0ef09d71f21882a5c49?s=96&d=mm&r=g","caption":"Dhiego Bicudo"},"description":"possui muita experi\u00eancia em estrat\u00e9gias de marketing musical para cantores, duplas e bandas na Ag\u00eancia ICOMP","url":"https:\/\/icomp.com.br\/camarim\/author\/d2ecf63ba8a1943f\/"}]}},"_links":{"self":[{"href":"https:\/\/icomp.com.br\/camarim\/wp-json\/wp\/v2\/posts\/17","targetHints":{"allow":["GET"]}}],"collection":[{"href":"https:\/\/icomp.com.br\/camarim\/wp-json\/wp\/v2\/posts"}],"about":[{"href":"https:\/\/icomp.com.br\/camarim\/wp-json\/wp\/v2\/types\/post"}],"author":[{"embeddable":true,"href":"https:\/\/icomp.com.br\/camarim\/wp-json\/wp\/v2\/users\/10"}],"replies":[{"embeddable":true,"href":"https:\/\/icomp.com.br\/camarim\/wp-json\/wp\/v2\/comments?post=17"}],"version-history":[{"count":1,"href":"https:\/\/icomp.com.br\/camarim\/wp-json\/wp\/v2\/posts\/17\/revisions"}],"predecessor-version":[{"id":1593,"href":"https:\/\/icomp.com.br\/camarim\/wp-json\/wp\/v2\/posts\/17\/revisions\/1593"}],"wp:featuredmedia":[{"embeddable":true,"href":"https:\/\/icomp.com.br\/camarim\/wp-json\/wp\/v2\/media\/95"}],"wp:attachment":[{"href":"https:\/\/icomp.com.br\/camarim\/wp-json\/wp\/v2\/media?parent=17"}],"wp:term":[{"taxonomy":"category","embeddable":true,"href":"https:\/\/icomp.com.br\/camarim\/wp-json\/wp\/v2\/categories?post=17"},{"taxonomy":"post_tag","embeddable":true,"href":"https:\/\/icomp.com.br\/camarim\/wp-json\/wp\/v2\/tags?post=17"}],"curies":[{"name":"wp","href":"https:\/\/api.w.org\/{rel}","templated":true}]}}