{"id":244,"date":"2023-10-27T16:30:18","date_gmt":"2023-10-27T19:30:18","guid":{"rendered":"http:\/\/www.icomp.com.br\/camarim\/?p=244"},"modified":"2025-01-24T16:45:33","modified_gmt":"2025-01-24T19:45:33","slug":"dicas-de-divulgacao-para-cantores-o-que-postar-no-facebook","status":"publish","type":"post","link":"https:\/\/icomp.com.br\/camarim\/dicas-de-divulgacao-para-cantores-o-que-postar-no-facebook\/","title":{"rendered":"Dicas de Divulga\u00e7\u00e3o para Cantores: O que postar no facebook de um cantor, dupla ou banda?"},"content":{"rendered":"<p><span style=\"font-weight: 400;\">Tenho recebido v\u00e1rios e-mails de cantores me pedindo dicas de divulga\u00e7\u00e3o no Facebook, por isso resolvi compilar as dicas de divulga\u00e7\u00e3o mais importantes e pr\u00e1ticas nesse artigo. <\/span><\/p>\n<p><span style=\"font-weight: 400;\">Independente do momento da carreira do artista, uma coisa \u00e9 fato: ele precisa cuidar muito bem das m\u00eddias sociais. O Facebook \u00e9 ponto de partida de muitos cantores, afinal todo mundo j\u00e1 tem intimidade com ele, \u00a0mas como se diferenciar em meio a tantas p\u00e1ginas?\u00a0<\/span><\/p>\n<p><span style=\"font-weight: 400;\">Bem, eu j\u00e1 expliquei <a href=\"http:\/\/www.icomp.com.br\/camarim\/divulgarbanda\/\" target=\"_blank\" rel=\"noopener\">nesse conte\u00fado<\/a> que um cantor, dupla ou banda precisa ter um site, justamente para n\u00e3o ficar ref\u00e9m de uma m\u00eddia social, pois esta pode perder audi\u00eancia em qualquer momento. Por\u00e9m, n\u00e3o podemos menosprezar o poder do Facebook, se bem cuidado ele ajuda muito o artista a ganhar mais visibilidade. <\/span><\/p>\n<h2><b>Aumento da Base de F\u00e3s ou Engajamento? <\/b><\/h2>\n<p><span style=\"font-weight: 400;\">Normalmente, aqui na ag\u00eancia os projetos com gest\u00e3o de m\u00eddia sociais tem objetivos diferentes, mas eles costumam alternar entre aumentar a base de f\u00e3s ou melhorar o engajamento. O que isso significa? Bem, se uma p\u00e1gina de cantor tem poucos f\u00e3s n\u00f3s vamos investir em estrat\u00e9gias para tornar o cantor mais conhecido e atrair mais pessoas para a p\u00e1gina. <\/span><\/p>\n<p><span style=\"font-weight: 400;\">Mas existem muitos casos em que o cantor j\u00e1 possui muitos f\u00e3s na p\u00e1gina, por\u00e9m, com poucas intera\u00e7\u00f5es em suas publica\u00e7\u00f5es. Ali\u00e1s uma das coisas que eu analiso primeiro em uma p\u00e1gina \u00e9 quantas pessoas se engajaram com as publica\u00e7\u00f5es. Se os seus conte\u00fados s\u00e3o curtidos por poucas pessoas e essas pessoas ainda s\u00e3o os seus amigos, voc\u00ea est\u00e1 perdendo tempo fazendo publica\u00e7\u00f5es que ningu\u00e9m est\u00e1 vendo\u00a0?<\/span><\/p>\n<p><span style=\"font-weight: 400;\">H\u00e1 projetos em que trabalhamos em cima dos dois objetivos, com estrat\u00e9gias paralelas tanto para aumentar os f\u00e3s quanto para incentiv\u00e1-los a participar. <\/span><\/p>\n<h2><b>Responder os F\u00e3s <\/b><\/h2>\n<p><span style=\"font-weight: 400;\">Depois de conseguir a participa\u00e7\u00e3o dos f\u00e3s na p\u00e1gina, voc\u00ea n\u00e3o pode deixar eles fiquem no v\u00e1cuo. \u00c9 preciso reagir e responder a todas as intera\u00e7\u00f5es recebidas, nem que seja uma curtida no coment\u00e1rio\/elogio do seu f\u00e3. Ningu\u00e9m gosta de ficar falando sozinho e se voc\u00ea n\u00e3o responde, certamente essa pessoa n\u00e3o ir\u00e1 mais interagir. \u00c9 preciso responder todos os contatos no inbox e movimentar a p\u00e1gina. Voc\u00ea deve passar uma percep\u00e7\u00e3o de simpatia na rede, para que os f\u00e3s se aproximem cada vez mais e haja empatia com o cantor. Essa \u00e9 uma das dicas de divulga\u00e7\u00e3o mais b\u00e1sicas e tamb\u00e9m a mais esquecida\u00a0?<\/span><\/p>\n<h2><b>Ter um Cronograma. Manter uma Frequ\u00eancia<\/b><\/h2>\n<p><span style=\"font-weight: 400;\">Esse \u00e9 um trabalho cont\u00ednuo! \u00a0Publicar apenas 1 post por semana n\u00e3o ir\u00e1 fazer seu f\u00e3 se lembrar sempre de voc\u00ea. Nas m\u00eddias sociais a concorr\u00eancia por conte\u00fado \u00e9 muito grande, por isso voc\u00ea precisa ser muito interessante para manter as pessoas engajadas. Aqui na ICOMP \u00a0a frequ\u00eancia m\u00ednima que fazemos para nossos artistas \u00e9 de 1 post a cada 2 dias, ou seja, no m\u00ednimo dia sim dia n\u00e3o. <\/span><\/p>\n<p><span style=\"font-weight: 400;\">Se voc\u00ea n\u00e3o consegue dar conta de responder tudo sozinho, talvez precise <a href=\"http:\/\/conteudo.icomp.com.br\/consultoria\" target=\"_blank\" rel=\"noopener\">contratar uma ajuda especializada<\/a> para fazer isso, pois o seu tempo investido nesse trabalho pode n\u00e3o compensar, pois voc\u00ea poderia estar cuidando de assuntos que s\u00f3 voc\u00ea pode fazer, como por exemplo os ensaios com a banda. Se decidir contratar <a href=\"http:\/\/www.icomp.com.br\/camarim\/divulgar-musica\/\">leia esse post para escolher o fornecedor certo<\/a> pra voc\u00ea!\u00a0<\/span><\/p>\n<h2><b>Cria\u00e7\u00e3o e Produ\u00e7\u00e3o dos Posts <\/b><\/h2>\n<p><span style=\"font-weight: 400;\">Sabemos o quanto \u00e9 importante ter uma produ\u00e7\u00e3o art\u00edstica nos shows n\u00e9? Estar com figurino, cen\u00e1rio e efeitos especiais incr\u00edveis para surpreender os f\u00e3s. Pois \u00e9, tamb\u00e9m n\u00e3o abrimos m\u00e3o da cria\u00e7\u00e3o e produ\u00e7\u00e3o nos posts. Ter artes bonitas e bem produzidas \u00e9 imprescind\u00edvel para comunicar uma boa imagem do cantor e encantar seus f\u00e3s. Aqui na ICOMP \u00e9 muito comum a gente receber v\u00e1rios contatos de f\u00e3s dos artistas pedindo a arte que fizemos para usar como fundo de tela do computador ou do celular. As suas artes est\u00e3o nesse n\u00edvel de desejo e encantamento?\u00a0?\u00a0<\/span><\/p>\n<h2><b>Planejamento de Conte\u00fados <\/b><\/h2>\n<p><span style=\"font-weight: 400;\">Antes de come\u00e7ar qualquer trabalho com m\u00eddias sociais, n\u00f3s enviamos um question\u00e1rio levantando informa\u00e7\u00f5es importantes do cantor, seus h\u00e1bitos e rotinas, datas comemorativas e outros conte\u00fados que n\u00e3o podem passar batido. Com todas as informa\u00e7\u00f5es em m\u00e3os, come\u00e7amos a montar um plano editorial de publica\u00e7\u00f5es para o artista. \u00c9 uma esp\u00e9cie de calend\u00e1rio da m\u00fasica, onde j\u00e1 temos as datas importantes do segmento e organizamos o que ser\u00e1 publicado em cada dia. Mesmo o cronograma sendo anual, n\u00f3s adiantamos no m\u00e1ximo ao planejamento para que os conte\u00fados n\u00e3o fiquem engessados at\u00e9 o fim do ano. Fazemos isso, porque sempre aparecem novas ideias e oportunidades que o planejamento precisa estar flex\u00edvel para aproveitar, como novos shows e mudan\u00e7a da agenda.\u00a0<\/span><\/p>\n<h2><b>Dicas de Conte\u00fados do que postar no Facebook de cantores, duplas ou bandas<\/b><\/h2>\n<p><span style=\"font-weight: 400;\">Aqui eu estou citando para voc\u00ea algumas dicas para divulga\u00e7\u00e3o de posts que voc\u00ea pode construir, mas fique atento para selecionar o \u00a0que realmente funciona para o seu estilo e regi\u00e3o. <\/span><\/p>\n<ul>\n<li style=\"font-weight: 400;\"><span style=\"font-weight: 400;\">Divulgar a m\u00fasica de trabalho com mais \u00eanfase<\/span><\/li>\n<li style=\"font-weight: 400;\"><span style=\"font-weight: 400;\">Divulgar as m\u00eddias sociais e as plataformas digitais (com artes e links)<\/span><\/li>\n<li style=\"font-weight: 400;\"><span style=\"font-weight: 400;\">Gifs de intera\u00e7\u00e3o<\/span><\/li>\n<li style=\"font-weight: 400;\"><span style=\"font-weight: 400;\">Fotos e v\u00eddeos de dia a dia com conte\u00fados pessoais que o artista postaria nas contas pessoais<\/span><\/li>\n<li style=\"font-weight: 400;\"><span style=\"font-weight: 400;\">Mostrar a hist\u00f3ria do artista, intera\u00e7\u00f5es como: cidade que nasceu, quando nasceu (saber se o f\u00e3 conhece ele mesmo)<\/span><\/li>\n<li style=\"font-weight: 400;\"><span style=\"font-weight: 400;\">V\u00eddeos deles cantando m\u00fasicas que est\u00e3o no auge<\/span><\/li>\n<li style=\"font-weight: 400;\"><span style=\"font-weight: 400;\">Memes do momento que podem se encaixar ao projeto<\/span><\/li>\n<li style=\"font-weight: 400;\"><span style=\"font-weight: 400;\">Contatos de shows <\/span><\/li>\n<li style=\"font-weight: 400;\"><span style=\"font-weight: 400;\">Mostrar conte\u00fado com parceiro e patrocinadores (lojas de roupas, acess\u00f3rios e etc)<\/span><\/li>\n<li style=\"font-weight: 400;\"><span style=\"font-weight: 400;\">Postar com amigos famosos<\/span><\/li>\n<li style=\"font-weight: 400;\"><span style=\"font-weight: 400;\">Links de mat\u00e9rias em outros sites<\/span><\/li>\n<li style=\"font-weight: 400;\"><span style=\"font-weight: 400;\">Divulgar que est\u00e3o nas r\u00e1dios<\/span><\/li>\n<li style=\"font-weight: 400;\"><span style=\"font-weight: 400;\">Shows com arte e v\u00eddeo<\/span><\/li>\n<li style=\"font-weight: 400;\"><span style=\"font-weight: 400;\">P\u00e9 na Estrada com os bastidores durante as visitas nas r\u00e1dios<\/span><\/li>\n<li style=\"font-weight: 400;\"><span style=\"font-weight: 400;\">Alimenta\u00e7\u00e3o, se praticam esportes, lazer e momentos compondo<\/span><\/li>\n<li style=\"font-weight: 400;\"><span style=\"font-weight: 400;\">Datas comemorativas (anivers\u00e1rio, dia do cantor, lan\u00e7amento de \u00e1lbum, etc).<\/span><\/li>\n<li style=\"font-weight: 400;\"><span style=\"font-weight: 400;\">Web-s\u00e9rie com as letras de m\u00fasicas<\/span><\/li>\n<li style=\"font-weight: 400;\"><span style=\"font-weight: 400;\">Fotos do Instagram<\/span><\/li>\n<li style=\"font-weight: 400;\"><span style=\"font-weight: 400;\">Estimular Stories no Instagram<\/span><\/li>\n<li style=\"font-weight: 400;\"><span style=\"font-weight: 400;\">Artes para inscrever-se no Youtube<\/span><\/li>\n<li style=\"font-weight: 400;\"><span style=\"font-weight: 400;\">Artes para compartilhar no mural no Facebook.<\/span><\/li>\n<li style=\"font-weight: 400;\"><span style=\"font-weight: 400;\">A\u00e7\u00f5es para escute\/baixe m\u00fasicas no Palcomp3 e Sua M\u00fasica<\/span><\/li>\n<li style=\"font-weight: 400;\"><span style=\"font-weight: 400;\">Divulga\u00e7\u00e3o de V\u00eddeos do Youtube e a\u00e7\u00f5es para Inscrever-se<\/span><\/li>\n<li style=\"font-weight: 400;\"><span style=\"font-weight: 400;\">Artes para agenda com chamada para acessar o site <\/span><\/li>\n<li style=\"font-weight: 400;\"><span style=\"font-weight: 400;\">Criar eventos para agenda e compromissos<\/span><\/li>\n<li style=\"font-weight: 400;\"><span style=\"font-weight: 400;\">V\u00eddeos com trechos das m\u00fasicas <\/span><\/li>\n<\/ul>\n<h2><b>Dicas de divulga\u00e7\u00e3o no Facebook com exemplos pr\u00e1ticos <\/b><\/h2>\n<p><span style=\"font-weight: 400;\">Aqui na ICOMP n\u00f3s gerenciamos v\u00e1rias redes sociais de artistas, mas hoje eu escolhi algumas bem peculiares que englobam todos os aspectos que citei acima. <\/span><\/p>\n<p><span style=\"font-weight: 400;\">Voc\u00ea pode dar uma olhada nessas p\u00e1ginas que gerenciamos: <\/span><\/p>\n<ul>\n<li><span style=\"color: #000080;\"><strong><a href=\"https:\/\/www.facebook.com\/paulamattosoficial\/\" target=\"_blank\" rel=\"noopener\">Paula Mattos<\/a><\/strong><\/span><\/li>\n<li><span style=\"color: #000080;\"><strong><a href=\"https:\/\/www.facebook.com\/teodorosampaio\/\" target=\"_blank\" rel=\"noopener\">Teodoro e Sampaio<\/a><\/strong><\/span><\/li>\n<li><span style=\"color: #000080;\"><strong><a href=\"https:\/\/www.facebook.com\/joaoalysoneadrianooficial\/\" target=\"_blank\" rel=\"noopener\">Jo\u00e3o Alyson e Adriano<\/a><\/strong><\/span><\/li>\n<li><span style=\"color: #000080;\"><strong><a href=\"https:\/\/www.facebook.com\/karolreisoficial\" target=\"_blank\" rel=\"noopener\">Karol Reis <\/a><\/strong><\/span><\/li>\n<\/ul>\n<p><span style=\"font-weight: 400;\">S\u00f3 n\u00e3o esquece de comentar abaixo o que achou, combinado? <\/span><\/p>\n<p><span style=\"font-weight: 400;\"><span style=\"color: #000000;\"><strong>PS:<\/strong><\/span>\u00a0 Se voc\u00ea achar muito complicado ou n\u00e3o tem tempo pra cuidar de todos esses detalhes, pe\u00e7a nos <a href=\"http:\/\/conteudo.icomp.com.br\/consultoria\" target=\"_blank\" rel=\"noopener\">um or\u00e7amento sem compromisso<\/a> para gest\u00e3o de suas m\u00eddias sociais.\u00a0<\/span><\/p>\n","protected":false},"excerpt":{"rendered":"<p>Tenho recebido v\u00e1rios e-mails de cantores me pedindo dicas de divulga\u00e7\u00e3o no Facebook, por isso resolvi compilar as dicas de divulga\u00e7\u00e3o mais importantes e pr\u00e1ticas nesse artigo. Independente do momento da carreira do artista, uma coisa \u00e9 fato: ele precisa cuidar muito bem das m\u00eddias sociais. O Facebook \u00e9 ponto de partida de muitos cantores, [&hellip;]<\/p>\n","protected":false},"author":10,"featured_media":245,"comment_status":"open","ping_status":"closed","sticky":false,"template":"","format":"image","meta":{"ocean_post_layout":"","ocean_both_sidebars_style":"","ocean_both_sidebars_content_width":0,"ocean_both_sidebars_sidebars_width":0,"ocean_sidebar":"","ocean_second_sidebar":"","ocean_disable_margins":"enable","ocean_add_body_class":"","ocean_shortcode_before_top_bar":"","ocean_shortcode_after_top_bar":"","ocean_shortcode_before_header":"","ocean_shortcode_after_header":"","ocean_has_shortcode":"","ocean_shortcode_after_title":"","ocean_shortcode_before_footer_widgets":"","ocean_shortcode_after_footer_widgets":"","ocean_shortcode_before_footer_bottom":"","ocean_shortcode_after_footer_bottom":"","ocean_display_top_bar":"default","ocean_display_header":"default","ocean_header_style":"","ocean_center_header_left_menu":"","ocean_custom_header_template":"","ocean_custom_logo":0,"ocean_custom_retina_logo":0,"ocean_custom_logo_max_width":0,"ocean_custom_logo_tablet_max_width":0,"ocean_custom_logo_mobile_max_width":0,"ocean_custom_logo_max_height":0,"ocean_custom_logo_tablet_max_height":0,"ocean_custom_logo_mobile_max_height":0,"ocean_header_custom_menu":"","ocean_menu_typo_font_family":"","ocean_menu_typo_font_subset":"","ocean_menu_typo_font_size":0,"ocean_menu_typo_font_size_tablet":0,"ocean_menu_typo_font_size_mobile":0,"ocean_menu_typo_font_size_unit":"px","ocean_menu_typo_font_weight":"","ocean_menu_typo_font_weight_tablet":"","ocean_menu_typo_font_weight_mobile":"","ocean_menu_typo_transform":"","ocean_menu_typo_transform_tablet":"","ocean_menu_typo_transform_mobile":"","ocean_menu_typo_line_height":0,"ocean_menu_typo_line_height_tablet":0,"ocean_menu_typo_line_height_mobile":0,"ocean_menu_typo_line_height_unit":"","ocean_menu_typo_spacing":0,"ocean_menu_typo_spacing_tablet":0,"ocean_menu_typo_spacing_mobile":0,"ocean_menu_typo_spacing_unit":"","ocean_menu_link_color":"","ocean_menu_link_color_hover":"","ocean_menu_link_color_active":"","ocean_menu_link_background":"","ocean_menu_link_hover_background":"","ocean_menu_link_active_background":"","ocean_menu_social_links_bg":"","ocean_menu_social_hover_links_bg":"","ocean_menu_social_links_color":"","ocean_menu_social_hover_links_color":"","ocean_disable_title":"default","ocean_disable_heading":"default","ocean_post_title":"","ocean_post_subheading":"","ocean_post_title_style":"","ocean_post_title_background_color":"","ocean_post_title_background":0,"ocean_post_title_bg_image_position":"","ocean_post_title_bg_image_attachment":"","ocean_post_title_bg_image_repeat":"","ocean_post_title_bg_image_size":"","ocean_post_title_height":0,"ocean_post_title_bg_overlay":0.5,"ocean_post_title_bg_overlay_color":"","ocean_disable_breadcrumbs":"default","ocean_breadcrumbs_color":"","ocean_breadcrumbs_separator_color":"","ocean_breadcrumbs_links_color":"","ocean_breadcrumbs_links_hover_color":"","ocean_display_footer_widgets":"default","ocean_display_footer_bottom":"default","ocean_custom_footer_template":"","ocean_post_oembed":"","ocean_post_self_hosted_media":"","ocean_post_video_embed":"","ocean_link_format":"","ocean_link_format_target":"self","ocean_quote_format":"","ocean_quote_format_link":"post","ocean_gallery_link_images":"on","ocean_gallery_id":[],"footnotes":""},"categories":[102],"tags":[29,56],"class_list":["post-244","post","type-post","status-publish","format-image","has-post-thumbnail","hentry","category-redes-sociais-para-artistas","tag-dicas-de-divulgacao","tag-o-que-postar-no-facebook","post_format-post-format-image","entry","has-media"],"yoast_head":"<!-- This site is optimized with the Yoast SEO plugin v27.4 - https:\/\/yoast.com\/product\/yoast-seo-wordpress\/ -->\n<title>Dicas de Divulga\u00e7\u00e3o para Cantores: O que postar no facebook?<\/title>\n<meta name=\"description\" content=\"Voc\u00ea precisa divulgar um cantor, dupla ou banda mas n\u00e3o tem ideia do que postar no facebook? Leia esse artigo com dicas de divulga\u00e7\u00e3o e exemplos pr\u00e1ticos\" \/>\n<meta name=\"robots\" content=\"index, follow, max-snippet:-1, max-image-preview:large, max-video-preview:-1\" \/>\n<link rel=\"canonical\" href=\"https:\/\/icomp.com.br\/camarim\/dicas-de-divulgacao-para-cantores-o-que-postar-no-facebook\/\" \/>\n<meta property=\"og:locale\" content=\"pt_BR\" \/>\n<meta property=\"og:type\" content=\"article\" \/>\n<meta property=\"og:title\" content=\"Dicas de Divulga\u00e7\u00e3o para Cantores: O que postar no facebook?\" \/>\n<meta property=\"og:description\" content=\"Voc\u00ea precisa divulgar um cantor, dupla ou banda mas n\u00e3o tem ideia do que postar no facebook? Leia esse artigo com dicas de divulga\u00e7\u00e3o e exemplos pr\u00e1ticos\" \/>\n<meta property=\"og:url\" content=\"https:\/\/icomp.com.br\/camarim\/dicas-de-divulgacao-para-cantores-o-que-postar-no-facebook\/\" \/>\n<meta property=\"og:site_name\" content=\"Marketing Musical com Dhiego Bicudo\" \/>\n<meta property=\"article:publisher\" content=\"https:\/\/www.facebook.com\/agenciaicomp\" \/>\n<meta property=\"article:published_time\" content=\"2023-10-27T19:30:18+00:00\" \/>\n<meta property=\"article:modified_time\" content=\"2025-01-24T19:45:33+00:00\" \/>\n<meta property=\"og:image\" content=\"https:\/\/icomp.com.br\/camarim\/wp-content\/uploads\/2017\/10\/camarim-paulamattos-fanpage.jpg\" \/>\n\t<meta property=\"og:image:width\" content=\"1600\" \/>\n\t<meta property=\"og:image:height\" content=\"900\" \/>\n\t<meta property=\"og:image:type\" content=\"image\/jpeg\" \/>\n<meta name=\"author\" content=\"Dhiego Bicudo\" \/>\n<meta name=\"twitter:card\" content=\"summary_large_image\" \/>\n<meta name=\"twitter:label1\" content=\"Escrito por\" \/>\n\t<meta name=\"twitter:data1\" content=\"Dhiego Bicudo\" \/>\n\t<meta name=\"twitter:label2\" content=\"Est. tempo de leitura\" \/>\n\t<meta name=\"twitter:data2\" content=\"6 minutos\" \/>\n<script type=\"application\/ld+json\" class=\"yoast-schema-graph\">{\"@context\":\"https:\\\/\\\/schema.org\",\"@graph\":[{\"@type\":\"Article\",\"@id\":\"https:\\\/\\\/icomp.com.br\\\/camarim\\\/dicas-de-divulgacao-para-cantores-o-que-postar-no-facebook\\\/#article\",\"isPartOf\":{\"@id\":\"https:\\\/\\\/icomp.com.br\\\/camarim\\\/dicas-de-divulgacao-para-cantores-o-que-postar-no-facebook\\\/\"},\"author\":{\"name\":\"Dhiego Bicudo\",\"@id\":\"https:\\\/\\\/icomp.com.br\\\/camarim\\\/#\\\/schema\\\/person\\\/d10a1b1471cde95c3738b4de07287002\"},\"headline\":\"Dicas de Divulga\u00e7\u00e3o para Cantores: O que postar no facebook de um cantor, dupla ou banda?\",\"datePublished\":\"2023-10-27T19:30:18+00:00\",\"dateModified\":\"2025-01-24T19:45:33+00:00\",\"mainEntityOfPage\":{\"@id\":\"https:\\\/\\\/icomp.com.br\\\/camarim\\\/dicas-de-divulgacao-para-cantores-o-que-postar-no-facebook\\\/\"},\"wordCount\":1243,\"commentCount\":1,\"publisher\":{\"@id\":\"https:\\\/\\\/icomp.com.br\\\/camarim\\\/#organization\"},\"image\":{\"@id\":\"https:\\\/\\\/icomp.com.br\\\/camarim\\\/dicas-de-divulgacao-para-cantores-o-que-postar-no-facebook\\\/#primaryimage\"},\"thumbnailUrl\":\"https:\\\/\\\/icomp.com.br\\\/camarim\\\/wp-content\\\/uploads\\\/2017\\\/10\\\/camarim-paulamattos-fanpage.jpg\",\"keywords\":[\"dicas de divulga\u00e7\u00e3o\",\"o que postar no facebook\"],\"articleSection\":[\"Redes Sociais para Artistas\"],\"inLanguage\":\"pt-BR\",\"potentialAction\":[{\"@type\":\"CommentAction\",\"name\":\"Comment\",\"target\":[\"https:\\\/\\\/icomp.com.br\\\/camarim\\\/dicas-de-divulgacao-para-cantores-o-que-postar-no-facebook\\\/#respond\"]}]},{\"@type\":\"WebPage\",\"@id\":\"https:\\\/\\\/icomp.com.br\\\/camarim\\\/dicas-de-divulgacao-para-cantores-o-que-postar-no-facebook\\\/\",\"url\":\"https:\\\/\\\/icomp.com.br\\\/camarim\\\/dicas-de-divulgacao-para-cantores-o-que-postar-no-facebook\\\/\",\"name\":\"Dicas de Divulga\u00e7\u00e3o para Cantores: O que postar no facebook?\",\"isPartOf\":{\"@id\":\"https:\\\/\\\/icomp.com.br\\\/camarim\\\/#website\"},\"primaryImageOfPage\":{\"@id\":\"https:\\\/\\\/icomp.com.br\\\/camarim\\\/dicas-de-divulgacao-para-cantores-o-que-postar-no-facebook\\\/#primaryimage\"},\"image\":{\"@id\":\"https:\\\/\\\/icomp.com.br\\\/camarim\\\/dicas-de-divulgacao-para-cantores-o-que-postar-no-facebook\\\/#primaryimage\"},\"thumbnailUrl\":\"https:\\\/\\\/icomp.com.br\\\/camarim\\\/wp-content\\\/uploads\\\/2017\\\/10\\\/camarim-paulamattos-fanpage.jpg\",\"datePublished\":\"2023-10-27T19:30:18+00:00\",\"dateModified\":\"2025-01-24T19:45:33+00:00\",\"description\":\"Voc\u00ea precisa divulgar um cantor, dupla ou banda mas n\u00e3o tem ideia do que postar no facebook? Leia esse artigo com dicas de divulga\u00e7\u00e3o e exemplos pr\u00e1ticos\",\"breadcrumb\":{\"@id\":\"https:\\\/\\\/icomp.com.br\\\/camarim\\\/dicas-de-divulgacao-para-cantores-o-que-postar-no-facebook\\\/#breadcrumb\"},\"inLanguage\":\"pt-BR\",\"potentialAction\":[{\"@type\":\"ReadAction\",\"target\":[\"https:\\\/\\\/icomp.com.br\\\/camarim\\\/dicas-de-divulgacao-para-cantores-o-que-postar-no-facebook\\\/\"]}]},{\"@type\":\"ImageObject\",\"inLanguage\":\"pt-BR\",\"@id\":\"https:\\\/\\\/icomp.com.br\\\/camarim\\\/dicas-de-divulgacao-para-cantores-o-que-postar-no-facebook\\\/#primaryimage\",\"url\":\"https:\\\/\\\/icomp.com.br\\\/camarim\\\/wp-content\\\/uploads\\\/2017\\\/10\\\/camarim-paulamattos-fanpage.jpg\",\"contentUrl\":\"https:\\\/\\\/icomp.com.br\\\/camarim\\\/wp-content\\\/uploads\\\/2017\\\/10\\\/camarim-paulamattos-fanpage.jpg\",\"width\":1600,\"height\":900},{\"@type\":\"BreadcrumbList\",\"@id\":\"https:\\\/\\\/icomp.com.br\\\/camarim\\\/dicas-de-divulgacao-para-cantores-o-que-postar-no-facebook\\\/#breadcrumb\",\"itemListElement\":[{\"@type\":\"ListItem\",\"position\":1,\"name\":\"Home\",\"item\":\"https:\\\/\\\/icomp.com.br\\\/camarim\\\/\"},{\"@type\":\"ListItem\",\"position\":2,\"name\":\"Dicas de Divulga\u00e7\u00e3o para Cantores: O que postar no facebook de um cantor, dupla ou banda?\"}]},{\"@type\":\"WebSite\",\"@id\":\"https:\\\/\\\/icomp.com.br\\\/camarim\\\/#website\",\"url\":\"https:\\\/\\\/icomp.com.br\\\/camarim\\\/\",\"name\":\"Marketing Musical com Dhiego Bicudo\",\"description\":\"Conhe\u00e7a as estrat\u00e9gias no marketing musical que uso na Ag\u00eancia ICOMP para transformar cantores, duplas e bandas em artistas reconhecidos\",\"publisher\":{\"@id\":\"https:\\\/\\\/icomp.com.br\\\/camarim\\\/#organization\"},\"potentialAction\":[{\"@type\":\"SearchAction\",\"target\":{\"@type\":\"EntryPoint\",\"urlTemplate\":\"https:\\\/\\\/icomp.com.br\\\/camarim\\\/?s={search_term_string}\"},\"query-input\":{\"@type\":\"PropertyValueSpecification\",\"valueRequired\":true,\"valueName\":\"search_term_string\"}}],\"inLanguage\":\"pt-BR\"},{\"@type\":\"Organization\",\"@id\":\"https:\\\/\\\/icomp.com.br\\\/camarim\\\/#organization\",\"name\":\"Marketing Musical com Dhiego Bicudo\",\"url\":\"https:\\\/\\\/icomp.com.br\\\/camarim\\\/\",\"logo\":{\"@type\":\"ImageObject\",\"inLanguage\":\"pt-BR\",\"@id\":\"https:\\\/\\\/icomp.com.br\\\/camarim\\\/#\\\/schema\\\/logo\\\/image\\\/\",\"url\":\"https:\\\/\\\/icomp.com.br\\\/camarim\\\/wp-content\\\/uploads\\\/2017\\\/10\\\/cropped-icone.png\",\"contentUrl\":\"https:\\\/\\\/icomp.com.br\\\/camarim\\\/wp-content\\\/uploads\\\/2017\\\/10\\\/cropped-icone.png\",\"width\":512,\"height\":512,\"caption\":\"Marketing Musical com Dhiego Bicudo\"},\"image\":{\"@id\":\"https:\\\/\\\/icomp.com.br\\\/camarim\\\/#\\\/schema\\\/logo\\\/image\\\/\"},\"sameAs\":[\"https:\\\/\\\/www.facebook.com\\\/agenciaicomp\",\"https:\\\/\\\/www.instagram.com\\\/dhiegobicudo\",\"https:\\\/\\\/www.linkedin.com\\\/in\\\/dhiegobicudo\",\"https:\\\/\\\/www.youtube.com\\\/@TrilhadoCantor\"]},{\"@type\":\"Person\",\"@id\":\"https:\\\/\\\/icomp.com.br\\\/camarim\\\/#\\\/schema\\\/person\\\/d10a1b1471cde95c3738b4de07287002\",\"name\":\"Dhiego Bicudo\",\"image\":{\"@type\":\"ImageObject\",\"inLanguage\":\"pt-BR\",\"@id\":\"https:\\\/\\\/secure.gravatar.com\\\/avatar\\\/199e5081b46939e9add8e7fc06e802eb2f43ff99423ca0ef09d71f21882a5c49?s=96&d=mm&r=g\",\"url\":\"https:\\\/\\\/secure.gravatar.com\\\/avatar\\\/199e5081b46939e9add8e7fc06e802eb2f43ff99423ca0ef09d71f21882a5c49?s=96&d=mm&r=g\",\"contentUrl\":\"https:\\\/\\\/secure.gravatar.com\\\/avatar\\\/199e5081b46939e9add8e7fc06e802eb2f43ff99423ca0ef09d71f21882a5c49?s=96&d=mm&r=g\",\"caption\":\"Dhiego Bicudo\"},\"description\":\"possui muita experi\u00eancia em estrat\u00e9gias de marketing musical para cantores, duplas e bandas na Ag\u00eancia ICOMP\",\"url\":\"https:\\\/\\\/icomp.com.br\\\/camarim\\\/author\\\/d2ecf63ba8a1943f\\\/\"}]}<\/script>\n<!-- \/ Yoast SEO plugin. -->","yoast_head_json":{"title":"Dicas de Divulga\u00e7\u00e3o para Cantores: O que postar no facebook?","description":"Voc\u00ea precisa divulgar um cantor, dupla ou banda mas n\u00e3o tem ideia do que postar no facebook? Leia esse artigo com dicas de divulga\u00e7\u00e3o e exemplos pr\u00e1ticos","robots":{"index":"index","follow":"follow","max-snippet":"max-snippet:-1","max-image-preview":"max-image-preview:large","max-video-preview":"max-video-preview:-1"},"canonical":"https:\/\/icomp.com.br\/camarim\/dicas-de-divulgacao-para-cantores-o-que-postar-no-facebook\/","og_locale":"pt_BR","og_type":"article","og_title":"Dicas de Divulga\u00e7\u00e3o para Cantores: O que postar no facebook?","og_description":"Voc\u00ea precisa divulgar um cantor, dupla ou banda mas n\u00e3o tem ideia do que postar no facebook? Leia esse artigo com dicas de divulga\u00e7\u00e3o e exemplos pr\u00e1ticos","og_url":"https:\/\/icomp.com.br\/camarim\/dicas-de-divulgacao-para-cantores-o-que-postar-no-facebook\/","og_site_name":"Marketing Musical com Dhiego Bicudo","article_publisher":"https:\/\/www.facebook.com\/agenciaicomp","article_published_time":"2023-10-27T19:30:18+00:00","article_modified_time":"2025-01-24T19:45:33+00:00","og_image":[{"width":1600,"height":900,"url":"https:\/\/icomp.com.br\/camarim\/wp-content\/uploads\/2017\/10\/camarim-paulamattos-fanpage.jpg","type":"image\/jpeg"}],"author":"Dhiego Bicudo","twitter_card":"summary_large_image","twitter_misc":{"Escrito por":"Dhiego Bicudo","Est. tempo de leitura":"6 minutos"},"schema":{"@context":"https:\/\/schema.org","@graph":[{"@type":"Article","@id":"https:\/\/icomp.com.br\/camarim\/dicas-de-divulgacao-para-cantores-o-que-postar-no-facebook\/#article","isPartOf":{"@id":"https:\/\/icomp.com.br\/camarim\/dicas-de-divulgacao-para-cantores-o-que-postar-no-facebook\/"},"author":{"name":"Dhiego Bicudo","@id":"https:\/\/icomp.com.br\/camarim\/#\/schema\/person\/d10a1b1471cde95c3738b4de07287002"},"headline":"Dicas de Divulga\u00e7\u00e3o para Cantores: O que postar no facebook de um cantor, dupla ou banda?","datePublished":"2023-10-27T19:30:18+00:00","dateModified":"2025-01-24T19:45:33+00:00","mainEntityOfPage":{"@id":"https:\/\/icomp.com.br\/camarim\/dicas-de-divulgacao-para-cantores-o-que-postar-no-facebook\/"},"wordCount":1243,"commentCount":1,"publisher":{"@id":"https:\/\/icomp.com.br\/camarim\/#organization"},"image":{"@id":"https:\/\/icomp.com.br\/camarim\/dicas-de-divulgacao-para-cantores-o-que-postar-no-facebook\/#primaryimage"},"thumbnailUrl":"https:\/\/icomp.com.br\/camarim\/wp-content\/uploads\/2017\/10\/camarim-paulamattos-fanpage.jpg","keywords":["dicas de divulga\u00e7\u00e3o","o que postar no facebook"],"articleSection":["Redes Sociais para Artistas"],"inLanguage":"pt-BR","potentialAction":[{"@type":"CommentAction","name":"Comment","target":["https:\/\/icomp.com.br\/camarim\/dicas-de-divulgacao-para-cantores-o-que-postar-no-facebook\/#respond"]}]},{"@type":"WebPage","@id":"https:\/\/icomp.com.br\/camarim\/dicas-de-divulgacao-para-cantores-o-que-postar-no-facebook\/","url":"https:\/\/icomp.com.br\/camarim\/dicas-de-divulgacao-para-cantores-o-que-postar-no-facebook\/","name":"Dicas de Divulga\u00e7\u00e3o para Cantores: O que postar no facebook?","isPartOf":{"@id":"https:\/\/icomp.com.br\/camarim\/#website"},"primaryImageOfPage":{"@id":"https:\/\/icomp.com.br\/camarim\/dicas-de-divulgacao-para-cantores-o-que-postar-no-facebook\/#primaryimage"},"image":{"@id":"https:\/\/icomp.com.br\/camarim\/dicas-de-divulgacao-para-cantores-o-que-postar-no-facebook\/#primaryimage"},"thumbnailUrl":"https:\/\/icomp.com.br\/camarim\/wp-content\/uploads\/2017\/10\/camarim-paulamattos-fanpage.jpg","datePublished":"2023-10-27T19:30:18+00:00","dateModified":"2025-01-24T19:45:33+00:00","description":"Voc\u00ea precisa divulgar um cantor, dupla ou banda mas n\u00e3o tem ideia do que postar no facebook? Leia esse artigo com dicas de divulga\u00e7\u00e3o e exemplos pr\u00e1ticos","breadcrumb":{"@id":"https:\/\/icomp.com.br\/camarim\/dicas-de-divulgacao-para-cantores-o-que-postar-no-facebook\/#breadcrumb"},"inLanguage":"pt-BR","potentialAction":[{"@type":"ReadAction","target":["https:\/\/icomp.com.br\/camarim\/dicas-de-divulgacao-para-cantores-o-que-postar-no-facebook\/"]}]},{"@type":"ImageObject","inLanguage":"pt-BR","@id":"https:\/\/icomp.com.br\/camarim\/dicas-de-divulgacao-para-cantores-o-que-postar-no-facebook\/#primaryimage","url":"https:\/\/icomp.com.br\/camarim\/wp-content\/uploads\/2017\/10\/camarim-paulamattos-fanpage.jpg","contentUrl":"https:\/\/icomp.com.br\/camarim\/wp-content\/uploads\/2017\/10\/camarim-paulamattos-fanpage.jpg","width":1600,"height":900},{"@type":"BreadcrumbList","@id":"https:\/\/icomp.com.br\/camarim\/dicas-de-divulgacao-para-cantores-o-que-postar-no-facebook\/#breadcrumb","itemListElement":[{"@type":"ListItem","position":1,"name":"Home","item":"https:\/\/icomp.com.br\/camarim\/"},{"@type":"ListItem","position":2,"name":"Dicas de Divulga\u00e7\u00e3o para Cantores: O que postar no facebook de um cantor, dupla ou banda?"}]},{"@type":"WebSite","@id":"https:\/\/icomp.com.br\/camarim\/#website","url":"https:\/\/icomp.com.br\/camarim\/","name":"Marketing Musical com Dhiego Bicudo","description":"Conhe\u00e7a as estrat\u00e9gias no marketing musical que uso na Ag\u00eancia ICOMP para transformar cantores, duplas e bandas em artistas reconhecidos","publisher":{"@id":"https:\/\/icomp.com.br\/camarim\/#organization"},"potentialAction":[{"@type":"SearchAction","target":{"@type":"EntryPoint","urlTemplate":"https:\/\/icomp.com.br\/camarim\/?s={search_term_string}"},"query-input":{"@type":"PropertyValueSpecification","valueRequired":true,"valueName":"search_term_string"}}],"inLanguage":"pt-BR"},{"@type":"Organization","@id":"https:\/\/icomp.com.br\/camarim\/#organization","name":"Marketing Musical com Dhiego Bicudo","url":"https:\/\/icomp.com.br\/camarim\/","logo":{"@type":"ImageObject","inLanguage":"pt-BR","@id":"https:\/\/icomp.com.br\/camarim\/#\/schema\/logo\/image\/","url":"https:\/\/icomp.com.br\/camarim\/wp-content\/uploads\/2017\/10\/cropped-icone.png","contentUrl":"https:\/\/icomp.com.br\/camarim\/wp-content\/uploads\/2017\/10\/cropped-icone.png","width":512,"height":512,"caption":"Marketing Musical com Dhiego Bicudo"},"image":{"@id":"https:\/\/icomp.com.br\/camarim\/#\/schema\/logo\/image\/"},"sameAs":["https:\/\/www.facebook.com\/agenciaicomp","https:\/\/www.instagram.com\/dhiegobicudo","https:\/\/www.linkedin.com\/in\/dhiegobicudo","https:\/\/www.youtube.com\/@TrilhadoCantor"]},{"@type":"Person","@id":"https:\/\/icomp.com.br\/camarim\/#\/schema\/person\/d10a1b1471cde95c3738b4de07287002","name":"Dhiego Bicudo","image":{"@type":"ImageObject","inLanguage":"pt-BR","@id":"https:\/\/secure.gravatar.com\/avatar\/199e5081b46939e9add8e7fc06e802eb2f43ff99423ca0ef09d71f21882a5c49?s=96&d=mm&r=g","url":"https:\/\/secure.gravatar.com\/avatar\/199e5081b46939e9add8e7fc06e802eb2f43ff99423ca0ef09d71f21882a5c49?s=96&d=mm&r=g","contentUrl":"https:\/\/secure.gravatar.com\/avatar\/199e5081b46939e9add8e7fc06e802eb2f43ff99423ca0ef09d71f21882a5c49?s=96&d=mm&r=g","caption":"Dhiego Bicudo"},"description":"possui muita experi\u00eancia em estrat\u00e9gias de marketing musical para cantores, duplas e bandas na Ag\u00eancia ICOMP","url":"https:\/\/icomp.com.br\/camarim\/author\/d2ecf63ba8a1943f\/"}]}},"_links":{"self":[{"href":"https:\/\/icomp.com.br\/camarim\/wp-json\/wp\/v2\/posts\/244","targetHints":{"allow":["GET"]}}],"collection":[{"href":"https:\/\/icomp.com.br\/camarim\/wp-json\/wp\/v2\/posts"}],"about":[{"href":"https:\/\/icomp.com.br\/camarim\/wp-json\/wp\/v2\/types\/post"}],"author":[{"embeddable":true,"href":"https:\/\/icomp.com.br\/camarim\/wp-json\/wp\/v2\/users\/10"}],"replies":[{"embeddable":true,"href":"https:\/\/icomp.com.br\/camarim\/wp-json\/wp\/v2\/comments?post=244"}],"version-history":[{"count":0,"href":"https:\/\/icomp.com.br\/camarim\/wp-json\/wp\/v2\/posts\/244\/revisions"}],"wp:featuredmedia":[{"embeddable":true,"href":"https:\/\/icomp.com.br\/camarim\/wp-json\/wp\/v2\/media\/245"}],"wp:attachment":[{"href":"https:\/\/icomp.com.br\/camarim\/wp-json\/wp\/v2\/media?parent=244"}],"wp:term":[{"taxonomy":"category","embeddable":true,"href":"https:\/\/icomp.com.br\/camarim\/wp-json\/wp\/v2\/categories?post=244"},{"taxonomy":"post_tag","embeddable":true,"href":"https:\/\/icomp.com.br\/camarim\/wp-json\/wp\/v2\/tags?post=244"}],"curies":[{"name":"wp","href":"https:\/\/api.w.org\/{rel}","templated":true}]}}