{"id":26,"date":"2023-07-27T13:44:05","date_gmt":"2023-07-27T16:44:05","guid":{"rendered":"http:\/\/www.icomp.com.br\/camarim\/?p=26"},"modified":"2025-01-24T17:28:13","modified_gmt":"2025-01-24T20:28:13","slug":"logo-para-cantores","status":"publish","type":"post","link":"https:\/\/icomp.com.br\/camarim\/logo-para-cantores\/","title":{"rendered":"Como a Karol Reis se diferenciou em meio a tantas logo para cantores"},"content":{"rendered":"<p>Recentemente eu falei em um<em><strong> <a href=\"http:\/\/www.icomp.com.br\/camarim\/cantorprofissional\/\" target=\"_blank\" rel=\"noopener noreferrer\">post sobre a import\u00e2ncia de n\u00e3o parecer um cantor amador<\/a><\/strong><\/em>, voc\u00ea leu? Hoje eu resolvi te mostrar um exemplo pr\u00e1tico e recente de como transformamos a identidade da cantora\u00a0Karol Reis\u00a0para uma imagem profissional e se destacar em meio a tantas logo para cantores.<\/p>\n<p>\u00c9 um dos casos mais interessantes que eu costumo ver \u00a0aqui na ICOMP. A Karol \u00e9 uma cantora com apenas 3 anos de estrada e agora est\u00e1 lan\u00e7ando sua primeira m\u00fasica pr\u00f3pria. At\u00e9 ent\u00e3o ela havia gravado alguns covers bem legais e publicado em seu canal do Youtube.<\/p>\n<p>Quando a Karol Reis entrou em contato comigo para divulgarmos o novo clipe dela chamado &#8220;Mete o p\u00e9 no Passado&#8221; ela me mandou a arte do teaser que eles haviam feito, que \u00e9 esta abaixo ?<\/p>\n<h2><span style=\"color: #000000;\"><strong>LOGO PARA CANTORES ANTES DA ICOMP<\/strong><\/span> \u00a0\u2935<\/h2>\n<p><img loading=\"lazy\" decoding=\"async\" class=\"aligncenter\" title=\"Divulga\u00e7\u00e3o de cantora Karol Reis\" src=\"https:\/\/d335luupugsy2.cloudfront.net\/cms\/files\/28361\/1494361384\/$ma6i2bmg2xj\" alt=\"Divulga\u00e7\u00e3o de cantora Karol Reis\" width=\"600\" height=\"913\" border=\"0\" \/><\/p>\n<p>Quando eu vi esse material eu j\u00e1 achei a Karol linda ? \u00a0(com todo respeito, pois eu sou casado, rs). Eu vi que ela fotografa bem al\u00e9m de ter uma voz excelente, mas eu tive que ser sincero que esse material ainda\u00a0estava amador\u00a0e por isso n\u00e3o estava adequado para ser lan\u00e7ado no mercado.<\/p>\n<p>Eu fui bem sincero com a Karol de que era preciso melhorar desde a logo \u00a0at\u00e9 a escolha das fotos. Eu achei muito bacana ela j\u00e1 ter uma logo para cantores, mas a logo que ela tinha era\u00a0muito clich\u00ea e n\u00e3o tinha a cara dela. \u00a0Era\u00a0essa logo\u00a0aqui?<\/p>\n<p><img loading=\"lazy\" decoding=\"async\" class=\"aligncenter\" title=\"Logo para cantores da Karol Reis\" src=\"https:\/\/d335luupugsy2.cloudfront.net\/cms\/files\/28361\/1494523725\/$poni42s0hci\" alt=\"Logo para cantores da Karol Reis\" width=\"400\" height=\"1201\" border=\"0\" \/><\/p>\n<p>Me fala uma coisa: Por que toda logo para cantores tem que ter um viol\u00e3o? ?<\/p>\n<p>\u00c9 preciso se diferenciar pra se destacar em meio a tantas logos para cantores que s\u00e3o muito parecidas, ent\u00e3o&#8230;<\/p>\n<h2><span style=\"color: #000000;\"><strong>LOGO PARA CANTORES DEPOIS DA ICOMP<\/strong><\/span> \u00a0\u2935<\/h2>\n<p>A Karol decidiu meter o p\u00e9 nos materiais do passado e <a href=\"http:\/\/www.icomp.com.br\/camarim\/marketing_musical\/\" target=\"_blank\" rel=\"noopener noreferrer\">investir <\/a>em uma nova logo, suas novas artes para o lan\u00e7amento da m\u00fasica e para isso, criamos um novo conceito. A nova logo da Karol Reis agora explora os valores de jovialidade, requinte e autoridade sem perder a delicadeza feminina. A nova logo para cantores da Karol ficou assim:<\/p>\n<p><img loading=\"lazy\" decoding=\"async\" class=\"aligncenter\" title=\"Logo para cantores da Karol Reis\" src=\"https:\/\/d335luupugsy2.cloudfront.net\/cms\/files\/28361\/1494523725\/$v071hi5kdl\" alt=\"Logo para cantores da Karol Reis\" width=\"564\" height=\"340\" border=\"0\" \/><\/p>\n<p>Eu tamb\u00e9m pedi pra Karol me enviar as fotos que ela havia feito e n\u00f3s escolhemos outra foto que valorizasse melhor a cantora e transmitisse melhor a mensagem da m\u00fasica dela. Ent\u00e3o, com uma nova logo e um novo conceito a arte de divulga\u00e7\u00e3o de cantora \u00a0ficou assim:<\/p>\n<p><a title=\"Link para o clipe Mete o P\u00e9 no Passado da Karol Reis\" href=\"https:\/\/www.youtube.com\/watch?v=tQCO_Ic4sPY\" target=\"_blank\" rel=\"noopener noreferrer\"><img loading=\"lazy\" decoding=\"async\" class=\"aligncenter\" title=\"Divulga\u00e7\u00e3o de Cantores da Karol Reis\" src=\"https:\/\/d335luupugsy2.cloudfront.net\/cms\/files\/28361\/1494361872\/$0kc80cq5a609\" alt=\"Divulga\u00e7\u00e3o de Cantores da Karol Reis\" width=\"600\" height=\"502\" border=\"0\" \/><\/a><\/p>\n<p>Agora sim a Karol Reis est\u00e1 com o material pronto para ir pra rua, com uma linda logo para cantora!<br \/>\nVoc\u00ea acha que ela gostou? Olha s\u00f3 a opini\u00e3o dela sobre esse nosso trabalho inicial:<\/p>\n<p><img loading=\"lazy\" decoding=\"async\" class=\"aligncenter\" title=\"como ser uma cantora famosa\" src=\"https:\/\/d335luupugsy2.cloudfront.net\/cms\/files\/28361\/1494523725\/$l6fvbr2klci\" alt=\"como ser uma cantora famosa\" width=\"364\" height=\"428\" border=\"0\" \/><\/p>\n<p>&nbsp;<\/p>\n<p>Gostou desse case? Baixe \u00a0projeto gr\u00e1fico completo <a href=\"http:\/\/conteudo.icomp.com.br\/karol-reis-logo-e-identidade-visual\" target=\"_blank\" rel=\"noopener noreferrer\">aqui nesse link<\/a>\u00a0\u2935<\/p>\n<p style=\"text-align: center;\"><span style=\"color: #800080;\"><strong><a title=\"Link para baixar o projeto gr\u00e1fico da Karol Reis\" href=\"http:\/\/conteudo.icomp.com.br\/karol-reis-logo-e-identidade-visual\" target=\"_blank\" rel=\"noopener noreferrer\">Baixar Projeto Gr\u00e1fico da Karol Reis \u2192<\/a><\/strong><\/span><\/p>\n","protected":false},"excerpt":{"rendered":"<p>Recentemente eu falei em um post sobre a import\u00e2ncia de n\u00e3o parecer um cantor amador, voc\u00ea leu? Hoje eu resolvi te mostrar um exemplo pr\u00e1tico e recente de como transformamos a identidade da cantora\u00a0Karol Reis\u00a0para uma imagem profissional e se destacar em meio a tantas logo para cantores. \u00c9 um dos casos mais interessantes que [&hellip;]<\/p>\n","protected":false},"author":10,"featured_media":97,"comment_status":"closed","ping_status":"closed","sticky":false,"template":"","format":"standard","meta":{"ocean_post_layout":"","ocean_both_sidebars_style":"","ocean_both_sidebars_content_width":0,"ocean_both_sidebars_sidebars_width":0,"ocean_sidebar":"","ocean_second_sidebar":"","ocean_disable_margins":"enable","ocean_add_body_class":"","ocean_shortcode_before_top_bar":"","ocean_shortcode_after_top_bar":"","ocean_shortcode_before_header":"","ocean_shortcode_after_header":"","ocean_has_shortcode":"","ocean_shortcode_after_title":"","ocean_shortcode_before_footer_widgets":"","ocean_shortcode_after_footer_widgets":"","ocean_shortcode_before_footer_bottom":"","ocean_shortcode_after_footer_bottom":"","ocean_display_top_bar":"default","ocean_display_header":"default","ocean_header_style":"","ocean_center_header_left_menu":"","ocean_custom_header_template":"","ocean_custom_logo":0,"ocean_custom_retina_logo":0,"ocean_custom_logo_max_width":0,"ocean_custom_logo_tablet_max_width":0,"ocean_custom_logo_mobile_max_width":0,"ocean_custom_logo_max_height":0,"ocean_custom_logo_tablet_max_height":0,"ocean_custom_logo_mobile_max_height":0,"ocean_header_custom_menu":"","ocean_menu_typo_font_family":"","ocean_menu_typo_font_subset":"","ocean_menu_typo_font_size":0,"ocean_menu_typo_font_size_tablet":0,"ocean_menu_typo_font_size_mobile":0,"ocean_menu_typo_font_size_unit":"px","ocean_menu_typo_font_weight":"","ocean_menu_typo_font_weight_tablet":"","ocean_menu_typo_font_weight_mobile":"","ocean_menu_typo_transform":"","ocean_menu_typo_transform_tablet":"","ocean_menu_typo_transform_mobile":"","ocean_menu_typo_line_height":0,"ocean_menu_typo_line_height_tablet":0,"ocean_menu_typo_line_height_mobile":0,"ocean_menu_typo_line_height_unit":"","ocean_menu_typo_spacing":0,"ocean_menu_typo_spacing_tablet":0,"ocean_menu_typo_spacing_mobile":0,"ocean_menu_typo_spacing_unit":"","ocean_menu_link_color":"","ocean_menu_link_color_hover":"","ocean_menu_link_color_active":"","ocean_menu_link_background":"","ocean_menu_link_hover_background":"","ocean_menu_link_active_background":"","ocean_menu_social_links_bg":"","ocean_menu_social_hover_links_bg":"","ocean_menu_social_links_color":"","ocean_menu_social_hover_links_color":"","ocean_disable_title":"default","ocean_disable_heading":"default","ocean_post_title":"","ocean_post_subheading":"","ocean_post_title_style":"","ocean_post_title_background_color":"","ocean_post_title_background":0,"ocean_post_title_bg_image_position":"","ocean_post_title_bg_image_attachment":"","ocean_post_title_bg_image_repeat":"","ocean_post_title_bg_image_size":"","ocean_post_title_height":0,"ocean_post_title_bg_overlay":0.5,"ocean_post_title_bg_overlay_color":"","ocean_disable_breadcrumbs":"default","ocean_breadcrumbs_color":"","ocean_breadcrumbs_separator_color":"","ocean_breadcrumbs_links_color":"","ocean_breadcrumbs_links_hover_color":"","ocean_display_footer_widgets":"default","ocean_display_footer_bottom":"default","ocean_custom_footer_template":"","ocean_post_oembed":"","ocean_post_self_hosted_media":"","ocean_post_video_embed":"","ocean_link_format":"","ocean_link_format_target":"self","ocean_quote_format":"","ocean_quote_format_link":"post","ocean_gallery_link_images":"on","ocean_gallery_id":[],"footnotes":""},"categories":[3,103],"tags":[26,41,44,45],"class_list":["post-26","post","type-post","status-publish","format-standard","has-post-thumbnail","hentry","category-sucesso-musical","category-logo-para-cantores","tag-como-ser-uma-cantora-famosa","tag-logo-cantores","tag-logo-para-cantora","tag-logo-para-cantores","entry","has-media"],"yoast_head":"<!-- This site is optimized with the Yoast SEO plugin v27.4 - https:\/\/yoast.com\/product\/yoast-seo-wordpress\/ -->\n<title>Como Karol Reis se diferenciou em meio a tantas logo para cantores<\/title>\n<meta name=\"description\" content=\"Criar logo para cantores precisa de criatividade para n\u00e3o ser mais um desenho de viol\u00e3o e microfone. Neste artigo um exemplo bel\u00edssimo da cantora Karol Reis\" \/>\n<meta name=\"robots\" content=\"index, follow, max-snippet:-1, max-image-preview:large, max-video-preview:-1\" \/>\n<link rel=\"canonical\" href=\"https:\/\/icomp.com.br\/camarim\/logo-para-cantores\/\" \/>\n<meta property=\"og:locale\" content=\"pt_BR\" \/>\n<meta property=\"og:type\" content=\"article\" \/>\n<meta property=\"og:title\" content=\"Como Karol Reis se diferenciou em meio a tantas logo para cantores\" \/>\n<meta property=\"og:description\" content=\"Criar logo para cantores precisa de criatividade para n\u00e3o ser mais um desenho de viol\u00e3o e microfone. Neste artigo um exemplo bel\u00edssimo da cantora Karol Reis\" \/>\n<meta property=\"og:url\" content=\"https:\/\/icomp.com.br\/camarim\/logo-para-cantores\/\" \/>\n<meta property=\"og:site_name\" content=\"Marketing Musical com Dhiego Bicudo\" \/>\n<meta property=\"article:publisher\" content=\"https:\/\/www.facebook.com\/agenciaicomp\" \/>\n<meta property=\"article:published_time\" content=\"2023-07-27T16:44:05+00:00\" \/>\n<meta property=\"article:modified_time\" content=\"2025-01-24T20:28:13+00:00\" \/>\n<meta property=\"og:image\" content=\"https:\/\/icomp.com.br\/camarim\/wp-content\/uploads\/2017\/07\/5-1.png\" \/>\n\t<meta property=\"og:image:width\" content=\"1600\" \/>\n\t<meta property=\"og:image:height\" content=\"900\" \/>\n\t<meta property=\"og:image:type\" content=\"image\/png\" \/>\n<meta name=\"author\" content=\"Dhiego Bicudo\" \/>\n<meta name=\"twitter:card\" content=\"summary_large_image\" \/>\n<meta name=\"twitter:label1\" content=\"Escrito por\" \/>\n\t<meta name=\"twitter:data1\" content=\"Dhiego Bicudo\" \/>\n\t<meta name=\"twitter:label2\" content=\"Est. tempo de leitura\" \/>\n\t<meta name=\"twitter:data2\" content=\"2 minutos\" \/>\n<script type=\"application\/ld+json\" class=\"yoast-schema-graph\">{\"@context\":\"https:\\\/\\\/schema.org\",\"@graph\":[{\"@type\":\"Article\",\"@id\":\"https:\\\/\\\/icomp.com.br\\\/camarim\\\/logo-para-cantores\\\/#article\",\"isPartOf\":{\"@id\":\"https:\\\/\\\/icomp.com.br\\\/camarim\\\/logo-para-cantores\\\/\"},\"author\":{\"name\":\"Dhiego Bicudo\",\"@id\":\"https:\\\/\\\/icomp.com.br\\\/camarim\\\/#\\\/schema\\\/person\\\/d10a1b1471cde95c3738b4de07287002\"},\"headline\":\"Como a Karol Reis se diferenciou em meio a tantas logo para cantores\",\"datePublished\":\"2023-07-27T16:44:05+00:00\",\"dateModified\":\"2025-01-24T20:28:13+00:00\",\"mainEntityOfPage\":{\"@id\":\"https:\\\/\\\/icomp.com.br\\\/camarim\\\/logo-para-cantores\\\/\"},\"wordCount\":475,\"publisher\":{\"@id\":\"https:\\\/\\\/icomp.com.br\\\/camarim\\\/#organization\"},\"image\":{\"@id\":\"https:\\\/\\\/icomp.com.br\\\/camarim\\\/logo-para-cantores\\\/#primaryimage\"},\"thumbnailUrl\":\"https:\\\/\\\/icomp.com.br\\\/camarim\\\/wp-content\\\/uploads\\\/2017\\\/07\\\/5-1.png\",\"keywords\":[\"como ser uma cantora famosa\",\"logo cantores\",\"logo para cantora\",\"logo para cantores\"],\"articleSection\":[\"Cases de Sucesso Musical\",\"Identidade Visual e Logo para Cantores\"],\"inLanguage\":\"pt-BR\"},{\"@type\":\"WebPage\",\"@id\":\"https:\\\/\\\/icomp.com.br\\\/camarim\\\/logo-para-cantores\\\/\",\"url\":\"https:\\\/\\\/icomp.com.br\\\/camarim\\\/logo-para-cantores\\\/\",\"name\":\"Como Karol Reis se diferenciou em meio a tantas logo para cantores\",\"isPartOf\":{\"@id\":\"https:\\\/\\\/icomp.com.br\\\/camarim\\\/#website\"},\"primaryImageOfPage\":{\"@id\":\"https:\\\/\\\/icomp.com.br\\\/camarim\\\/logo-para-cantores\\\/#primaryimage\"},\"image\":{\"@id\":\"https:\\\/\\\/icomp.com.br\\\/camarim\\\/logo-para-cantores\\\/#primaryimage\"},\"thumbnailUrl\":\"https:\\\/\\\/icomp.com.br\\\/camarim\\\/wp-content\\\/uploads\\\/2017\\\/07\\\/5-1.png\",\"datePublished\":\"2023-07-27T16:44:05+00:00\",\"dateModified\":\"2025-01-24T20:28:13+00:00\",\"description\":\"Criar logo para cantores precisa de criatividade para n\u00e3o ser mais um desenho de viol\u00e3o e microfone. Neste artigo um exemplo bel\u00edssimo da cantora Karol Reis\",\"breadcrumb\":{\"@id\":\"https:\\\/\\\/icomp.com.br\\\/camarim\\\/logo-para-cantores\\\/#breadcrumb\"},\"inLanguage\":\"pt-BR\",\"potentialAction\":[{\"@type\":\"ReadAction\",\"target\":[\"https:\\\/\\\/icomp.com.br\\\/camarim\\\/logo-para-cantores\\\/\"]}]},{\"@type\":\"ImageObject\",\"inLanguage\":\"pt-BR\",\"@id\":\"https:\\\/\\\/icomp.com.br\\\/camarim\\\/logo-para-cantores\\\/#primaryimage\",\"url\":\"https:\\\/\\\/icomp.com.br\\\/camarim\\\/wp-content\\\/uploads\\\/2017\\\/07\\\/5-1.png\",\"contentUrl\":\"https:\\\/\\\/icomp.com.br\\\/camarim\\\/wp-content\\\/uploads\\\/2017\\\/07\\\/5-1.png\",\"width\":1600,\"height\":900},{\"@type\":\"BreadcrumbList\",\"@id\":\"https:\\\/\\\/icomp.com.br\\\/camarim\\\/logo-para-cantores\\\/#breadcrumb\",\"itemListElement\":[{\"@type\":\"ListItem\",\"position\":1,\"name\":\"Home\",\"item\":\"https:\\\/\\\/icomp.com.br\\\/camarim\\\/\"},{\"@type\":\"ListItem\",\"position\":2,\"name\":\"Como a Karol Reis se diferenciou em meio a tantas logo para cantores\"}]},{\"@type\":\"WebSite\",\"@id\":\"https:\\\/\\\/icomp.com.br\\\/camarim\\\/#website\",\"url\":\"https:\\\/\\\/icomp.com.br\\\/camarim\\\/\",\"name\":\"Marketing Musical com Dhiego Bicudo\",\"description\":\"Conhe\u00e7a as estrat\u00e9gias no marketing musical que uso na Ag\u00eancia ICOMP para transformar cantores, duplas e bandas em artistas reconhecidos\",\"publisher\":{\"@id\":\"https:\\\/\\\/icomp.com.br\\\/camarim\\\/#organization\"},\"potentialAction\":[{\"@type\":\"SearchAction\",\"target\":{\"@type\":\"EntryPoint\",\"urlTemplate\":\"https:\\\/\\\/icomp.com.br\\\/camarim\\\/?s={search_term_string}\"},\"query-input\":{\"@type\":\"PropertyValueSpecification\",\"valueRequired\":true,\"valueName\":\"search_term_string\"}}],\"inLanguage\":\"pt-BR\"},{\"@type\":\"Organization\",\"@id\":\"https:\\\/\\\/icomp.com.br\\\/camarim\\\/#organization\",\"name\":\"Marketing Musical com Dhiego Bicudo\",\"url\":\"https:\\\/\\\/icomp.com.br\\\/camarim\\\/\",\"logo\":{\"@type\":\"ImageObject\",\"inLanguage\":\"pt-BR\",\"@id\":\"https:\\\/\\\/icomp.com.br\\\/camarim\\\/#\\\/schema\\\/logo\\\/image\\\/\",\"url\":\"https:\\\/\\\/icomp.com.br\\\/camarim\\\/wp-content\\\/uploads\\\/2017\\\/10\\\/cropped-icone.png\",\"contentUrl\":\"https:\\\/\\\/icomp.com.br\\\/camarim\\\/wp-content\\\/uploads\\\/2017\\\/10\\\/cropped-icone.png\",\"width\":512,\"height\":512,\"caption\":\"Marketing Musical com Dhiego Bicudo\"},\"image\":{\"@id\":\"https:\\\/\\\/icomp.com.br\\\/camarim\\\/#\\\/schema\\\/logo\\\/image\\\/\"},\"sameAs\":[\"https:\\\/\\\/www.facebook.com\\\/agenciaicomp\",\"https:\\\/\\\/www.instagram.com\\\/dhiegobicudo\",\"https:\\\/\\\/www.linkedin.com\\\/in\\\/dhiegobicudo\",\"https:\\\/\\\/www.youtube.com\\\/@TrilhadoCantor\"]},{\"@type\":\"Person\",\"@id\":\"https:\\\/\\\/icomp.com.br\\\/camarim\\\/#\\\/schema\\\/person\\\/d10a1b1471cde95c3738b4de07287002\",\"name\":\"Dhiego Bicudo\",\"image\":{\"@type\":\"ImageObject\",\"inLanguage\":\"pt-BR\",\"@id\":\"https:\\\/\\\/secure.gravatar.com\\\/avatar\\\/199e5081b46939e9add8e7fc06e802eb2f43ff99423ca0ef09d71f21882a5c49?s=96&d=mm&r=g\",\"url\":\"https:\\\/\\\/secure.gravatar.com\\\/avatar\\\/199e5081b46939e9add8e7fc06e802eb2f43ff99423ca0ef09d71f21882a5c49?s=96&d=mm&r=g\",\"contentUrl\":\"https:\\\/\\\/secure.gravatar.com\\\/avatar\\\/199e5081b46939e9add8e7fc06e802eb2f43ff99423ca0ef09d71f21882a5c49?s=96&d=mm&r=g\",\"caption\":\"Dhiego Bicudo\"},\"description\":\"possui muita experi\u00eancia em estrat\u00e9gias de marketing musical para cantores, duplas e bandas na Ag\u00eancia ICOMP\",\"url\":\"https:\\\/\\\/icomp.com.br\\\/camarim\\\/author\\\/d2ecf63ba8a1943f\\\/\"}]}<\/script>\n<!-- \/ Yoast SEO plugin. -->","yoast_head_json":{"title":"Como Karol Reis se diferenciou em meio a tantas logo para cantores","description":"Criar logo para cantores precisa de criatividade para n\u00e3o ser mais um desenho de viol\u00e3o e microfone. Neste artigo um exemplo bel\u00edssimo da cantora Karol Reis","robots":{"index":"index","follow":"follow","max-snippet":"max-snippet:-1","max-image-preview":"max-image-preview:large","max-video-preview":"max-video-preview:-1"},"canonical":"https:\/\/icomp.com.br\/camarim\/logo-para-cantores\/","og_locale":"pt_BR","og_type":"article","og_title":"Como Karol Reis se diferenciou em meio a tantas logo para cantores","og_description":"Criar logo para cantores precisa de criatividade para n\u00e3o ser mais um desenho de viol\u00e3o e microfone. Neste artigo um exemplo bel\u00edssimo da cantora Karol Reis","og_url":"https:\/\/icomp.com.br\/camarim\/logo-para-cantores\/","og_site_name":"Marketing Musical com Dhiego Bicudo","article_publisher":"https:\/\/www.facebook.com\/agenciaicomp","article_published_time":"2023-07-27T16:44:05+00:00","article_modified_time":"2025-01-24T20:28:13+00:00","og_image":[{"width":1600,"height":900,"url":"https:\/\/icomp.com.br\/camarim\/wp-content\/uploads\/2017\/07\/5-1.png","type":"image\/png"}],"author":"Dhiego Bicudo","twitter_card":"summary_large_image","twitter_misc":{"Escrito por":"Dhiego Bicudo","Est. tempo de leitura":"2 minutos"},"schema":{"@context":"https:\/\/schema.org","@graph":[{"@type":"Article","@id":"https:\/\/icomp.com.br\/camarim\/logo-para-cantores\/#article","isPartOf":{"@id":"https:\/\/icomp.com.br\/camarim\/logo-para-cantores\/"},"author":{"name":"Dhiego Bicudo","@id":"https:\/\/icomp.com.br\/camarim\/#\/schema\/person\/d10a1b1471cde95c3738b4de07287002"},"headline":"Como a Karol Reis se diferenciou em meio a tantas logo para cantores","datePublished":"2023-07-27T16:44:05+00:00","dateModified":"2025-01-24T20:28:13+00:00","mainEntityOfPage":{"@id":"https:\/\/icomp.com.br\/camarim\/logo-para-cantores\/"},"wordCount":475,"publisher":{"@id":"https:\/\/icomp.com.br\/camarim\/#organization"},"image":{"@id":"https:\/\/icomp.com.br\/camarim\/logo-para-cantores\/#primaryimage"},"thumbnailUrl":"https:\/\/icomp.com.br\/camarim\/wp-content\/uploads\/2017\/07\/5-1.png","keywords":["como ser uma cantora famosa","logo cantores","logo para cantora","logo para cantores"],"articleSection":["Cases de Sucesso Musical","Identidade Visual e Logo para Cantores"],"inLanguage":"pt-BR"},{"@type":"WebPage","@id":"https:\/\/icomp.com.br\/camarim\/logo-para-cantores\/","url":"https:\/\/icomp.com.br\/camarim\/logo-para-cantores\/","name":"Como Karol Reis se diferenciou em meio a tantas logo para cantores","isPartOf":{"@id":"https:\/\/icomp.com.br\/camarim\/#website"},"primaryImageOfPage":{"@id":"https:\/\/icomp.com.br\/camarim\/logo-para-cantores\/#primaryimage"},"image":{"@id":"https:\/\/icomp.com.br\/camarim\/logo-para-cantores\/#primaryimage"},"thumbnailUrl":"https:\/\/icomp.com.br\/camarim\/wp-content\/uploads\/2017\/07\/5-1.png","datePublished":"2023-07-27T16:44:05+00:00","dateModified":"2025-01-24T20:28:13+00:00","description":"Criar logo para cantores precisa de criatividade para n\u00e3o ser mais um desenho de viol\u00e3o e microfone. Neste artigo um exemplo bel\u00edssimo da cantora Karol Reis","breadcrumb":{"@id":"https:\/\/icomp.com.br\/camarim\/logo-para-cantores\/#breadcrumb"},"inLanguage":"pt-BR","potentialAction":[{"@type":"ReadAction","target":["https:\/\/icomp.com.br\/camarim\/logo-para-cantores\/"]}]},{"@type":"ImageObject","inLanguage":"pt-BR","@id":"https:\/\/icomp.com.br\/camarim\/logo-para-cantores\/#primaryimage","url":"https:\/\/icomp.com.br\/camarim\/wp-content\/uploads\/2017\/07\/5-1.png","contentUrl":"https:\/\/icomp.com.br\/camarim\/wp-content\/uploads\/2017\/07\/5-1.png","width":1600,"height":900},{"@type":"BreadcrumbList","@id":"https:\/\/icomp.com.br\/camarim\/logo-para-cantores\/#breadcrumb","itemListElement":[{"@type":"ListItem","position":1,"name":"Home","item":"https:\/\/icomp.com.br\/camarim\/"},{"@type":"ListItem","position":2,"name":"Como a Karol Reis se diferenciou em meio a tantas logo para cantores"}]},{"@type":"WebSite","@id":"https:\/\/icomp.com.br\/camarim\/#website","url":"https:\/\/icomp.com.br\/camarim\/","name":"Marketing Musical com Dhiego Bicudo","description":"Conhe\u00e7a as estrat\u00e9gias no marketing musical que uso na Ag\u00eancia ICOMP para transformar cantores, duplas e bandas em artistas reconhecidos","publisher":{"@id":"https:\/\/icomp.com.br\/camarim\/#organization"},"potentialAction":[{"@type":"SearchAction","target":{"@type":"EntryPoint","urlTemplate":"https:\/\/icomp.com.br\/camarim\/?s={search_term_string}"},"query-input":{"@type":"PropertyValueSpecification","valueRequired":true,"valueName":"search_term_string"}}],"inLanguage":"pt-BR"},{"@type":"Organization","@id":"https:\/\/icomp.com.br\/camarim\/#organization","name":"Marketing Musical com Dhiego Bicudo","url":"https:\/\/icomp.com.br\/camarim\/","logo":{"@type":"ImageObject","inLanguage":"pt-BR","@id":"https:\/\/icomp.com.br\/camarim\/#\/schema\/logo\/image\/","url":"https:\/\/icomp.com.br\/camarim\/wp-content\/uploads\/2017\/10\/cropped-icone.png","contentUrl":"https:\/\/icomp.com.br\/camarim\/wp-content\/uploads\/2017\/10\/cropped-icone.png","width":512,"height":512,"caption":"Marketing Musical com Dhiego Bicudo"},"image":{"@id":"https:\/\/icomp.com.br\/camarim\/#\/schema\/logo\/image\/"},"sameAs":["https:\/\/www.facebook.com\/agenciaicomp","https:\/\/www.instagram.com\/dhiegobicudo","https:\/\/www.linkedin.com\/in\/dhiegobicudo","https:\/\/www.youtube.com\/@TrilhadoCantor"]},{"@type":"Person","@id":"https:\/\/icomp.com.br\/camarim\/#\/schema\/person\/d10a1b1471cde95c3738b4de07287002","name":"Dhiego Bicudo","image":{"@type":"ImageObject","inLanguage":"pt-BR","@id":"https:\/\/secure.gravatar.com\/avatar\/199e5081b46939e9add8e7fc06e802eb2f43ff99423ca0ef09d71f21882a5c49?s=96&d=mm&r=g","url":"https:\/\/secure.gravatar.com\/avatar\/199e5081b46939e9add8e7fc06e802eb2f43ff99423ca0ef09d71f21882a5c49?s=96&d=mm&r=g","contentUrl":"https:\/\/secure.gravatar.com\/avatar\/199e5081b46939e9add8e7fc06e802eb2f43ff99423ca0ef09d71f21882a5c49?s=96&d=mm&r=g","caption":"Dhiego Bicudo"},"description":"possui muita experi\u00eancia em estrat\u00e9gias de marketing musical para cantores, duplas e bandas na Ag\u00eancia ICOMP","url":"https:\/\/icomp.com.br\/camarim\/author\/d2ecf63ba8a1943f\/"}]}},"_links":{"self":[{"href":"https:\/\/icomp.com.br\/camarim\/wp-json\/wp\/v2\/posts\/26","targetHints":{"allow":["GET"]}}],"collection":[{"href":"https:\/\/icomp.com.br\/camarim\/wp-json\/wp\/v2\/posts"}],"about":[{"href":"https:\/\/icomp.com.br\/camarim\/wp-json\/wp\/v2\/types\/post"}],"author":[{"embeddable":true,"href":"https:\/\/icomp.com.br\/camarim\/wp-json\/wp\/v2\/users\/10"}],"replies":[{"embeddable":true,"href":"https:\/\/icomp.com.br\/camarim\/wp-json\/wp\/v2\/comments?post=26"}],"version-history":[{"count":0,"href":"https:\/\/icomp.com.br\/camarim\/wp-json\/wp\/v2\/posts\/26\/revisions"}],"wp:featuredmedia":[{"embeddable":true,"href":"https:\/\/icomp.com.br\/camarim\/wp-json\/wp\/v2\/media\/97"}],"wp:attachment":[{"href":"https:\/\/icomp.com.br\/camarim\/wp-json\/wp\/v2\/media?parent=26"}],"wp:term":[{"taxonomy":"category","embeddable":true,"href":"https:\/\/icomp.com.br\/camarim\/wp-json\/wp\/v2\/categories?post=26"},{"taxonomy":"post_tag","embeddable":true,"href":"https:\/\/icomp.com.br\/camarim\/wp-json\/wp\/v2\/tags?post=26"}],"curies":[{"name":"wp","href":"https:\/\/api.w.org\/{rel}","templated":true}]}}