{"id":35,"date":"2023-07-27T15:01:56","date_gmt":"2023-07-27T18:01:56","guid":{"rendered":"http:\/\/www.icomp.com.br\/camarim\/?p=35"},"modified":"2025-01-24T17:28:06","modified_gmt":"2025-01-24T20:28:06","slug":"logo-sertanejo","status":"publish","type":"post","link":"https:\/\/icomp.com.br\/camarim\/logo-sertanejo\/","title":{"rendered":"Porque mudamos radicalmente o logo sertanejo da dupla Jeann e Julio"},"content":{"rendered":"<p>Voltei com mais um case muito inspirador do mundo da m\u00fasica. Nos posts anteriores eu mostrei exemplos de logo sertanejo para cantores solo como a\u00a0<a href=\"http:\/\/www.icomp.com.br\/camarim\/logo-para-cantores\/\" target=\"_blank\" rel=\"noopener noreferrer\">Karol Reis<\/a>\u00a0e o\u00a0Vitor Maia. \u00a0Hoje eu escolhi em nosso <a href=\"http:\/\/www.icomp.com.br\/camarim__bak3\" target=\"_blank\" rel=\"noopener noreferrer\">portfolio<\/a>, uma dupla \u00a0que j\u00e1 tem um tempo maior de estrada: <strong>Jeann e Julio <\/strong>e o que fizeram para inovar em sua logo dupla sertaneja<\/p>\n<p><a href=\"http:\/\/www.jeannejulio.com.br\/\" target=\"_blank\" rel=\"noopener noreferrer\">Jeann e Julio<\/a>\u00a0\u00e9 uma dupla sertaneja de Londrina-Pr com 10 anos de estrada. Eles j\u00e1 fazem shows nacionalmente e tem mais de 30 mil inscritos no Youtube. Mas <a href=\"http:\/\/www.icomp.com.br\/camarim\/como-profissionalizar-minha-carreira-musical\/\" target=\"_blank\" rel=\"noopener noreferrer\">pra chegar nisso<\/a>, al\u00e9m do \u00e1rduo trabalho e talento da dupla, tamb\u00e9m trabalhamos bem a divulga\u00e7\u00e3o de artistas.<\/p>\n<p>Quando fomos solicitados pela dupla para este trabalho, eles\u00a0<strong>estavam vivendo uma fase de upgrade.<\/strong>\u00a0Al\u00e9m de virar a turn\u00ea eles tamb\u00e9m estavam iniciando em um novo escrit\u00f3rio e precisavam comunicar essa vibe para o mercado.<\/p>\n<p>A capa de cd e o logo dupla sertaneja que estavam usando era assim\u00a0?<\/p>\n<h2><strong>LOGO SERTANEJO DA DUPLA ANTES DA ICOMP \u00a0\u2935<\/strong><\/h2>\n<p><a title=\"Link para o site da dupla Jeann e Julio\" href=\"http:\/\/www.jeannejulio.com.br\/\" target=\"_blank\" rel=\"noopener noreferrer\"><img loading=\"lazy\" decoding=\"async\" class=\"img-max aligncenter\" title=\"logo dupla sertaneja Jeann e Julio\" src=\"https:\/\/d335luupugsy2.cloudfront.net\/cms\/files\/28361\/1494530736\/$9cht0c8be2u\" alt=\"logo dupla sertaneja Jeann e Julio\" width=\"600\" height=\"1477\" border=\"0\" \/><\/a><\/p>\n<div>\n<p><strong>Sabe quando voc\u00ea precisa dar aquela mudada no visual para mostrar que est\u00e1 em outra fase?<\/strong>\u00a0Ent\u00e3o, eu orientei a dupla a mudar tudo, rs<\/p>\n<\/div>\n<div>\n<p>Desde o figurino e cabelo at\u00e9 uma nova sess\u00e3o fotogr\u00e1fica. Inclusive, foi a partir desse novo posicionamento que\u00a0<strong>o Jeann come\u00e7ou a usar barba.\u00a0<\/strong><\/p>\n<\/div>\n<div>\n<p><strong>I<\/strong><strong>novamos nas caracter\u00edsticas visuais e depois fizemos uma nova logo e ent\u00e3o uma nova capa de cd<\/strong>.<\/p>\n<h2><strong>LOGO DUPLA SERTANEJA DEPOIS DA ICOMP \u00a0\u2935<\/strong><\/h2>\n<p>O novo trabalho, na \u00e9poca, foi entregue assim ?<a title=\"Link para o site da dupla Jeann e Julio\" href=\"http:\/\/www.jeannejulio.com.br\/\" target=\"_blank\" rel=\"noopener noreferrer\"><img loading=\"lazy\" decoding=\"async\" class=\"img-max aligncenter\" title=\"nova logo sertanejo para dupla Jeann e Julio\" src=\"https:\/\/d335luupugsy2.cloudfront.net\/cms\/files\/28361\/1494530736\/$56n0vnhb4mf\" alt=\"nova logo sertanejo para dupla Jeann e Julio\" width=\"600\" height=\"768\" border=\"0\" \/><\/a><\/p>\n<\/div>\n<p>Perceba como\u00a0<strong>\u00e9 necess\u00e1ria essa atualiza\u00e7\u00e3o dos materiais sempre que \u00e9 lan\u00e7ada uma nova m\u00fasica e como o visual geral ficou mais moderno,<\/strong>\u00a0desde o look dos cantores e \u00a0postura at\u00e9 chegar no design. \u00c9 tudo isso junto que comp\u00f5e\u00a0<strong>uma apresenta\u00e7\u00e3o profissional \u00a0para encantar f\u00e3s e investidores.<\/strong><\/p>\n<p><strong>E os seus materiais? Como est\u00e3o sendo apresentados atualmente?\u00a0<\/strong><\/p>\n<p><strong>Se quiser dar um passo a mais em dire\u00e7\u00e3o ao sucesso\u00a0<a href=\"http:\/\/conteudo.icomp.com.br\/consultoria\" target=\"_blank\" rel=\"noopener noreferrer\">agende aqui um hor\u00e1rio comigo<\/a>\u00a0para conversamos, combinado? ?\u00a0<\/strong><\/p>\n<p>&nbsp;<\/p>\n","protected":false},"excerpt":{"rendered":"<p>Voltei com mais um case muito inspirador do mundo da m\u00fasica. Nos posts anteriores eu mostrei exemplos de logo sertanejo para cantores solo como a\u00a0Karol Reis\u00a0e o\u00a0Vitor Maia. \u00a0Hoje eu escolhi em nosso portfolio, uma dupla \u00a0que j\u00e1 tem um tempo maior de estrada: Jeann e Julio e o que fizeram para inovar em sua [&hellip;]<\/p>\n","protected":false},"author":10,"featured_media":98,"comment_status":"closed","ping_status":"closed","sticky":false,"template":"","format":"standard","meta":{"ocean_post_layout":"","ocean_both_sidebars_style":"","ocean_both_sidebars_content_width":0,"ocean_both_sidebars_sidebars_width":0,"ocean_sidebar":"","ocean_second_sidebar":"","ocean_disable_margins":"enable","ocean_add_body_class":"","ocean_shortcode_before_top_bar":"","ocean_shortcode_after_top_bar":"","ocean_shortcode_before_header":"","ocean_shortcode_after_header":"","ocean_has_shortcode":"","ocean_shortcode_after_title":"","ocean_shortcode_before_footer_widgets":"","ocean_shortcode_after_footer_widgets":"","ocean_shortcode_before_footer_bottom":"","ocean_shortcode_after_footer_bottom":"","ocean_display_top_bar":"default","ocean_display_header":"default","ocean_header_style":"","ocean_center_header_left_menu":"","ocean_custom_header_template":"","ocean_custom_logo":0,"ocean_custom_retina_logo":0,"ocean_custom_logo_max_width":0,"ocean_custom_logo_tablet_max_width":0,"ocean_custom_logo_mobile_max_width":0,"ocean_custom_logo_max_height":0,"ocean_custom_logo_tablet_max_height":0,"ocean_custom_logo_mobile_max_height":0,"ocean_header_custom_menu":"","ocean_menu_typo_font_family":"","ocean_menu_typo_font_subset":"","ocean_menu_typo_font_size":0,"ocean_menu_typo_font_size_tablet":0,"ocean_menu_typo_font_size_mobile":0,"ocean_menu_typo_font_size_unit":"px","ocean_menu_typo_font_weight":"","ocean_menu_typo_font_weight_tablet":"","ocean_menu_typo_font_weight_mobile":"","ocean_menu_typo_transform":"","ocean_menu_typo_transform_tablet":"","ocean_menu_typo_transform_mobile":"","ocean_menu_typo_line_height":0,"ocean_menu_typo_line_height_tablet":0,"ocean_menu_typo_line_height_mobile":0,"ocean_menu_typo_line_height_unit":"","ocean_menu_typo_spacing":0,"ocean_menu_typo_spacing_tablet":0,"ocean_menu_typo_spacing_mobile":0,"ocean_menu_typo_spacing_unit":"","ocean_menu_link_color":"","ocean_menu_link_color_hover":"","ocean_menu_link_color_active":"","ocean_menu_link_background":"","ocean_menu_link_hover_background":"","ocean_menu_link_active_background":"","ocean_menu_social_links_bg":"","ocean_menu_social_hover_links_bg":"","ocean_menu_social_links_color":"","ocean_menu_social_hover_links_color":"","ocean_disable_title":"default","ocean_disable_heading":"default","ocean_post_title":"","ocean_post_subheading":"","ocean_post_title_style":"","ocean_post_title_background_color":"","ocean_post_title_background":0,"ocean_post_title_bg_image_position":"","ocean_post_title_bg_image_attachment":"","ocean_post_title_bg_image_repeat":"","ocean_post_title_bg_image_size":"","ocean_post_title_height":0,"ocean_post_title_bg_overlay":0.5,"ocean_post_title_bg_overlay_color":"","ocean_disable_breadcrumbs":"default","ocean_breadcrumbs_color":"","ocean_breadcrumbs_separator_color":"","ocean_breadcrumbs_links_color":"","ocean_breadcrumbs_links_hover_color":"","ocean_display_footer_widgets":"default","ocean_display_footer_bottom":"default","ocean_custom_footer_template":"","ocean_post_oembed":"","ocean_post_self_hosted_media":"","ocean_post_video_embed":"","ocean_link_format":"","ocean_link_format_target":"self","ocean_quote_format":"","ocean_quote_format_link":"post","ocean_gallery_link_images":"on","ocean_gallery_id":[],"footnotes":""},"categories":[3,103],"tags":[43,46],"class_list":["post-35","post","type-post","status-publish","format-standard","has-post-thumbnail","hentry","category-sucesso-musical","category-logo-para-cantores","tag-logo-dupla-sertaneja","tag-logo-sertanejo","entry","has-media"],"yoast_head":"<!-- This site is optimized with the Yoast SEO plugin v27.4 - https:\/\/yoast.com\/product\/yoast-seo-wordpress\/ -->\n<title>Porque o logo sertanejo da dupla Jeann e Julio teve que mudar<\/title>\n<meta name=\"description\" content=\"Um logo sertanejo para fazer sucesso no cen\u00e1rio musical precisa refletir o estilo e a fase do artista, veja o exemplo de uma boa logo dupla sertaneja.\" \/>\n<meta name=\"robots\" content=\"index, follow, max-snippet:-1, max-image-preview:large, max-video-preview:-1\" \/>\n<link rel=\"canonical\" href=\"https:\/\/icomp.com.br\/camarim\/logo-sertanejo\/\" \/>\n<meta property=\"og:locale\" content=\"pt_BR\" \/>\n<meta property=\"og:type\" content=\"article\" \/>\n<meta property=\"og:title\" content=\"Porque o logo sertanejo da dupla Jeann e Julio teve que mudar\" \/>\n<meta property=\"og:description\" content=\"Um logo sertanejo para fazer sucesso no cen\u00e1rio musical precisa refletir o estilo e a fase do artista, veja o exemplo de uma boa logo dupla sertaneja.\" \/>\n<meta property=\"og:url\" content=\"https:\/\/icomp.com.br\/camarim\/logo-sertanejo\/\" \/>\n<meta property=\"og:site_name\" content=\"Marketing Musical com Dhiego Bicudo\" \/>\n<meta property=\"article:publisher\" content=\"https:\/\/www.facebook.com\/agenciaicomp\" \/>\n<meta property=\"article:published_time\" content=\"2023-07-27T18:01:56+00:00\" \/>\n<meta property=\"article:modified_time\" content=\"2025-01-24T20:28:06+00:00\" \/>\n<meta property=\"og:image\" content=\"https:\/\/icomp.com.br\/camarim\/wp-content\/uploads\/2017\/07\/6.png\" \/>\n\t<meta property=\"og:image:width\" content=\"1600\" \/>\n\t<meta property=\"og:image:height\" content=\"900\" \/>\n\t<meta property=\"og:image:type\" content=\"image\/png\" \/>\n<meta name=\"author\" content=\"Dhiego Bicudo\" \/>\n<meta name=\"twitter:card\" content=\"summary_large_image\" \/>\n<meta name=\"twitter:label1\" content=\"Escrito por\" \/>\n\t<meta name=\"twitter:data1\" content=\"Dhiego Bicudo\" \/>\n\t<meta name=\"twitter:label2\" content=\"Est. tempo de leitura\" \/>\n\t<meta name=\"twitter:data2\" content=\"2 minutos\" \/>\n<script type=\"application\/ld+json\" class=\"yoast-schema-graph\">{\"@context\":\"https:\\\/\\\/schema.org\",\"@graph\":[{\"@type\":\"Article\",\"@id\":\"https:\\\/\\\/icomp.com.br\\\/camarim\\\/logo-sertanejo\\\/#article\",\"isPartOf\":{\"@id\":\"https:\\\/\\\/icomp.com.br\\\/camarim\\\/logo-sertanejo\\\/\"},\"author\":{\"name\":\"Dhiego Bicudo\",\"@id\":\"https:\\\/\\\/icomp.com.br\\\/camarim\\\/#\\\/schema\\\/person\\\/d10a1b1471cde95c3738b4de07287002\"},\"headline\":\"Porque mudamos radicalmente o logo sertanejo da dupla Jeann e Julio\",\"datePublished\":\"2023-07-27T18:01:56+00:00\",\"dateModified\":\"2025-01-24T20:28:06+00:00\",\"mainEntityOfPage\":{\"@id\":\"https:\\\/\\\/icomp.com.br\\\/camarim\\\/logo-sertanejo\\\/\"},\"wordCount\":351,\"publisher\":{\"@id\":\"https:\\\/\\\/icomp.com.br\\\/camarim\\\/#organization\"},\"image\":{\"@id\":\"https:\\\/\\\/icomp.com.br\\\/camarim\\\/logo-sertanejo\\\/#primaryimage\"},\"thumbnailUrl\":\"https:\\\/\\\/icomp.com.br\\\/camarim\\\/wp-content\\\/uploads\\\/2017\\\/07\\\/6.png\",\"keywords\":[\"logo dupla sertaneja\",\"logo sertanejo\"],\"articleSection\":[\"Cases de Sucesso Musical\",\"Identidade Visual e Logo para Cantores\"],\"inLanguage\":\"pt-BR\"},{\"@type\":\"WebPage\",\"@id\":\"https:\\\/\\\/icomp.com.br\\\/camarim\\\/logo-sertanejo\\\/\",\"url\":\"https:\\\/\\\/icomp.com.br\\\/camarim\\\/logo-sertanejo\\\/\",\"name\":\"Porque o logo sertanejo da dupla Jeann e Julio teve que mudar\",\"isPartOf\":{\"@id\":\"https:\\\/\\\/icomp.com.br\\\/camarim\\\/#website\"},\"primaryImageOfPage\":{\"@id\":\"https:\\\/\\\/icomp.com.br\\\/camarim\\\/logo-sertanejo\\\/#primaryimage\"},\"image\":{\"@id\":\"https:\\\/\\\/icomp.com.br\\\/camarim\\\/logo-sertanejo\\\/#primaryimage\"},\"thumbnailUrl\":\"https:\\\/\\\/icomp.com.br\\\/camarim\\\/wp-content\\\/uploads\\\/2017\\\/07\\\/6.png\",\"datePublished\":\"2023-07-27T18:01:56+00:00\",\"dateModified\":\"2025-01-24T20:28:06+00:00\",\"description\":\"Um logo sertanejo para fazer sucesso no cen\u00e1rio musical precisa refletir o estilo e a fase do artista, veja o exemplo de uma boa logo dupla sertaneja.\",\"breadcrumb\":{\"@id\":\"https:\\\/\\\/icomp.com.br\\\/camarim\\\/logo-sertanejo\\\/#breadcrumb\"},\"inLanguage\":\"pt-BR\",\"potentialAction\":[{\"@type\":\"ReadAction\",\"target\":[\"https:\\\/\\\/icomp.com.br\\\/camarim\\\/logo-sertanejo\\\/\"]}]},{\"@type\":\"ImageObject\",\"inLanguage\":\"pt-BR\",\"@id\":\"https:\\\/\\\/icomp.com.br\\\/camarim\\\/logo-sertanejo\\\/#primaryimage\",\"url\":\"https:\\\/\\\/icomp.com.br\\\/camarim\\\/wp-content\\\/uploads\\\/2017\\\/07\\\/6.png\",\"contentUrl\":\"https:\\\/\\\/icomp.com.br\\\/camarim\\\/wp-content\\\/uploads\\\/2017\\\/07\\\/6.png\",\"width\":1600,\"height\":900},{\"@type\":\"BreadcrumbList\",\"@id\":\"https:\\\/\\\/icomp.com.br\\\/camarim\\\/logo-sertanejo\\\/#breadcrumb\",\"itemListElement\":[{\"@type\":\"ListItem\",\"position\":1,\"name\":\"Home\",\"item\":\"https:\\\/\\\/icomp.com.br\\\/camarim\\\/\"},{\"@type\":\"ListItem\",\"position\":2,\"name\":\"Porque mudamos radicalmente o logo sertanejo da dupla Jeann e Julio\"}]},{\"@type\":\"WebSite\",\"@id\":\"https:\\\/\\\/icomp.com.br\\\/camarim\\\/#website\",\"url\":\"https:\\\/\\\/icomp.com.br\\\/camarim\\\/\",\"name\":\"Marketing Musical com Dhiego Bicudo\",\"description\":\"Conhe\u00e7a as estrat\u00e9gias no marketing musical que uso na Ag\u00eancia ICOMP para transformar cantores, duplas e bandas em artistas reconhecidos\",\"publisher\":{\"@id\":\"https:\\\/\\\/icomp.com.br\\\/camarim\\\/#organization\"},\"potentialAction\":[{\"@type\":\"SearchAction\",\"target\":{\"@type\":\"EntryPoint\",\"urlTemplate\":\"https:\\\/\\\/icomp.com.br\\\/camarim\\\/?s={search_term_string}\"},\"query-input\":{\"@type\":\"PropertyValueSpecification\",\"valueRequired\":true,\"valueName\":\"search_term_string\"}}],\"inLanguage\":\"pt-BR\"},{\"@type\":\"Organization\",\"@id\":\"https:\\\/\\\/icomp.com.br\\\/camarim\\\/#organization\",\"name\":\"Marketing Musical com Dhiego Bicudo\",\"url\":\"https:\\\/\\\/icomp.com.br\\\/camarim\\\/\",\"logo\":{\"@type\":\"ImageObject\",\"inLanguage\":\"pt-BR\",\"@id\":\"https:\\\/\\\/icomp.com.br\\\/camarim\\\/#\\\/schema\\\/logo\\\/image\\\/\",\"url\":\"https:\\\/\\\/icomp.com.br\\\/camarim\\\/wp-content\\\/uploads\\\/2017\\\/10\\\/cropped-icone.png\",\"contentUrl\":\"https:\\\/\\\/icomp.com.br\\\/camarim\\\/wp-content\\\/uploads\\\/2017\\\/10\\\/cropped-icone.png\",\"width\":512,\"height\":512,\"caption\":\"Marketing Musical com Dhiego Bicudo\"},\"image\":{\"@id\":\"https:\\\/\\\/icomp.com.br\\\/camarim\\\/#\\\/schema\\\/logo\\\/image\\\/\"},\"sameAs\":[\"https:\\\/\\\/www.facebook.com\\\/agenciaicomp\",\"https:\\\/\\\/www.instagram.com\\\/dhiegobicudo\",\"https:\\\/\\\/www.linkedin.com\\\/in\\\/dhiegobicudo\",\"https:\\\/\\\/www.youtube.com\\\/@TrilhadoCantor\"]},{\"@type\":\"Person\",\"@id\":\"https:\\\/\\\/icomp.com.br\\\/camarim\\\/#\\\/schema\\\/person\\\/d10a1b1471cde95c3738b4de07287002\",\"name\":\"Dhiego Bicudo\",\"image\":{\"@type\":\"ImageObject\",\"inLanguage\":\"pt-BR\",\"@id\":\"https:\\\/\\\/secure.gravatar.com\\\/avatar\\\/199e5081b46939e9add8e7fc06e802eb2f43ff99423ca0ef09d71f21882a5c49?s=96&d=mm&r=g\",\"url\":\"https:\\\/\\\/secure.gravatar.com\\\/avatar\\\/199e5081b46939e9add8e7fc06e802eb2f43ff99423ca0ef09d71f21882a5c49?s=96&d=mm&r=g\",\"contentUrl\":\"https:\\\/\\\/secure.gravatar.com\\\/avatar\\\/199e5081b46939e9add8e7fc06e802eb2f43ff99423ca0ef09d71f21882a5c49?s=96&d=mm&r=g\",\"caption\":\"Dhiego Bicudo\"},\"description\":\"possui muita experi\u00eancia em estrat\u00e9gias de marketing musical para cantores, duplas e bandas na Ag\u00eancia ICOMP\",\"url\":\"https:\\\/\\\/icomp.com.br\\\/camarim\\\/author\\\/d2ecf63ba8a1943f\\\/\"}]}<\/script>\n<!-- \/ Yoast SEO plugin. -->","yoast_head_json":{"title":"Porque o logo sertanejo da dupla Jeann e Julio teve que mudar","description":"Um logo sertanejo para fazer sucesso no cen\u00e1rio musical precisa refletir o estilo e a fase do artista, veja o exemplo de uma boa logo dupla sertaneja.","robots":{"index":"index","follow":"follow","max-snippet":"max-snippet:-1","max-image-preview":"max-image-preview:large","max-video-preview":"max-video-preview:-1"},"canonical":"https:\/\/icomp.com.br\/camarim\/logo-sertanejo\/","og_locale":"pt_BR","og_type":"article","og_title":"Porque o logo sertanejo da dupla Jeann e Julio teve que mudar","og_description":"Um logo sertanejo para fazer sucesso no cen\u00e1rio musical precisa refletir o estilo e a fase do artista, veja o exemplo de uma boa logo dupla sertaneja.","og_url":"https:\/\/icomp.com.br\/camarim\/logo-sertanejo\/","og_site_name":"Marketing Musical com Dhiego Bicudo","article_publisher":"https:\/\/www.facebook.com\/agenciaicomp","article_published_time":"2023-07-27T18:01:56+00:00","article_modified_time":"2025-01-24T20:28:06+00:00","og_image":[{"width":1600,"height":900,"url":"https:\/\/icomp.com.br\/camarim\/wp-content\/uploads\/2017\/07\/6.png","type":"image\/png"}],"author":"Dhiego Bicudo","twitter_card":"summary_large_image","twitter_misc":{"Escrito por":"Dhiego Bicudo","Est. tempo de leitura":"2 minutos"},"schema":{"@context":"https:\/\/schema.org","@graph":[{"@type":"Article","@id":"https:\/\/icomp.com.br\/camarim\/logo-sertanejo\/#article","isPartOf":{"@id":"https:\/\/icomp.com.br\/camarim\/logo-sertanejo\/"},"author":{"name":"Dhiego Bicudo","@id":"https:\/\/icomp.com.br\/camarim\/#\/schema\/person\/d10a1b1471cde95c3738b4de07287002"},"headline":"Porque mudamos radicalmente o logo sertanejo da dupla Jeann e Julio","datePublished":"2023-07-27T18:01:56+00:00","dateModified":"2025-01-24T20:28:06+00:00","mainEntityOfPage":{"@id":"https:\/\/icomp.com.br\/camarim\/logo-sertanejo\/"},"wordCount":351,"publisher":{"@id":"https:\/\/icomp.com.br\/camarim\/#organization"},"image":{"@id":"https:\/\/icomp.com.br\/camarim\/logo-sertanejo\/#primaryimage"},"thumbnailUrl":"https:\/\/icomp.com.br\/camarim\/wp-content\/uploads\/2017\/07\/6.png","keywords":["logo dupla sertaneja","logo sertanejo"],"articleSection":["Cases de Sucesso Musical","Identidade Visual e Logo para Cantores"],"inLanguage":"pt-BR"},{"@type":"WebPage","@id":"https:\/\/icomp.com.br\/camarim\/logo-sertanejo\/","url":"https:\/\/icomp.com.br\/camarim\/logo-sertanejo\/","name":"Porque o logo sertanejo da dupla Jeann e Julio teve que mudar","isPartOf":{"@id":"https:\/\/icomp.com.br\/camarim\/#website"},"primaryImageOfPage":{"@id":"https:\/\/icomp.com.br\/camarim\/logo-sertanejo\/#primaryimage"},"image":{"@id":"https:\/\/icomp.com.br\/camarim\/logo-sertanejo\/#primaryimage"},"thumbnailUrl":"https:\/\/icomp.com.br\/camarim\/wp-content\/uploads\/2017\/07\/6.png","datePublished":"2023-07-27T18:01:56+00:00","dateModified":"2025-01-24T20:28:06+00:00","description":"Um logo sertanejo para fazer sucesso no cen\u00e1rio musical precisa refletir o estilo e a fase do artista, veja o exemplo de uma boa logo dupla sertaneja.","breadcrumb":{"@id":"https:\/\/icomp.com.br\/camarim\/logo-sertanejo\/#breadcrumb"},"inLanguage":"pt-BR","potentialAction":[{"@type":"ReadAction","target":["https:\/\/icomp.com.br\/camarim\/logo-sertanejo\/"]}]},{"@type":"ImageObject","inLanguage":"pt-BR","@id":"https:\/\/icomp.com.br\/camarim\/logo-sertanejo\/#primaryimage","url":"https:\/\/icomp.com.br\/camarim\/wp-content\/uploads\/2017\/07\/6.png","contentUrl":"https:\/\/icomp.com.br\/camarim\/wp-content\/uploads\/2017\/07\/6.png","width":1600,"height":900},{"@type":"BreadcrumbList","@id":"https:\/\/icomp.com.br\/camarim\/logo-sertanejo\/#breadcrumb","itemListElement":[{"@type":"ListItem","position":1,"name":"Home","item":"https:\/\/icomp.com.br\/camarim\/"},{"@type":"ListItem","position":2,"name":"Porque mudamos radicalmente o logo sertanejo da dupla Jeann e Julio"}]},{"@type":"WebSite","@id":"https:\/\/icomp.com.br\/camarim\/#website","url":"https:\/\/icomp.com.br\/camarim\/","name":"Marketing Musical com Dhiego Bicudo","description":"Conhe\u00e7a as estrat\u00e9gias no marketing musical que uso na Ag\u00eancia ICOMP para transformar cantores, duplas e bandas em artistas reconhecidos","publisher":{"@id":"https:\/\/icomp.com.br\/camarim\/#organization"},"potentialAction":[{"@type":"SearchAction","target":{"@type":"EntryPoint","urlTemplate":"https:\/\/icomp.com.br\/camarim\/?s={search_term_string}"},"query-input":{"@type":"PropertyValueSpecification","valueRequired":true,"valueName":"search_term_string"}}],"inLanguage":"pt-BR"},{"@type":"Organization","@id":"https:\/\/icomp.com.br\/camarim\/#organization","name":"Marketing Musical com Dhiego Bicudo","url":"https:\/\/icomp.com.br\/camarim\/","logo":{"@type":"ImageObject","inLanguage":"pt-BR","@id":"https:\/\/icomp.com.br\/camarim\/#\/schema\/logo\/image\/","url":"https:\/\/icomp.com.br\/camarim\/wp-content\/uploads\/2017\/10\/cropped-icone.png","contentUrl":"https:\/\/icomp.com.br\/camarim\/wp-content\/uploads\/2017\/10\/cropped-icone.png","width":512,"height":512,"caption":"Marketing Musical com Dhiego Bicudo"},"image":{"@id":"https:\/\/icomp.com.br\/camarim\/#\/schema\/logo\/image\/"},"sameAs":["https:\/\/www.facebook.com\/agenciaicomp","https:\/\/www.instagram.com\/dhiegobicudo","https:\/\/www.linkedin.com\/in\/dhiegobicudo","https:\/\/www.youtube.com\/@TrilhadoCantor"]},{"@type":"Person","@id":"https:\/\/icomp.com.br\/camarim\/#\/schema\/person\/d10a1b1471cde95c3738b4de07287002","name":"Dhiego Bicudo","image":{"@type":"ImageObject","inLanguage":"pt-BR","@id":"https:\/\/secure.gravatar.com\/avatar\/199e5081b46939e9add8e7fc06e802eb2f43ff99423ca0ef09d71f21882a5c49?s=96&d=mm&r=g","url":"https:\/\/secure.gravatar.com\/avatar\/199e5081b46939e9add8e7fc06e802eb2f43ff99423ca0ef09d71f21882a5c49?s=96&d=mm&r=g","contentUrl":"https:\/\/secure.gravatar.com\/avatar\/199e5081b46939e9add8e7fc06e802eb2f43ff99423ca0ef09d71f21882a5c49?s=96&d=mm&r=g","caption":"Dhiego Bicudo"},"description":"possui muita experi\u00eancia em estrat\u00e9gias de marketing musical para cantores, duplas e bandas na Ag\u00eancia ICOMP","url":"https:\/\/icomp.com.br\/camarim\/author\/d2ecf63ba8a1943f\/"}]}},"_links":{"self":[{"href":"https:\/\/icomp.com.br\/camarim\/wp-json\/wp\/v2\/posts\/35","targetHints":{"allow":["GET"]}}],"collection":[{"href":"https:\/\/icomp.com.br\/camarim\/wp-json\/wp\/v2\/posts"}],"about":[{"href":"https:\/\/icomp.com.br\/camarim\/wp-json\/wp\/v2\/types\/post"}],"author":[{"embeddable":true,"href":"https:\/\/icomp.com.br\/camarim\/wp-json\/wp\/v2\/users\/10"}],"replies":[{"embeddable":true,"href":"https:\/\/icomp.com.br\/camarim\/wp-json\/wp\/v2\/comments?post=35"}],"version-history":[{"count":0,"href":"https:\/\/icomp.com.br\/camarim\/wp-json\/wp\/v2\/posts\/35\/revisions"}],"wp:featuredmedia":[{"embeddable":true,"href":"https:\/\/icomp.com.br\/camarim\/wp-json\/wp\/v2\/media\/98"}],"wp:attachment":[{"href":"https:\/\/icomp.com.br\/camarim\/wp-json\/wp\/v2\/media?parent=35"}],"wp:term":[{"taxonomy":"category","embeddable":true,"href":"https:\/\/icomp.com.br\/camarim\/wp-json\/wp\/v2\/categories?post=35"},{"taxonomy":"post_tag","embeddable":true,"href":"https:\/\/icomp.com.br\/camarim\/wp-json\/wp\/v2\/tags?post=35"}],"curies":[{"name":"wp","href":"https:\/\/api.w.org\/{rel}","templated":true}]}}