{"id":473,"date":"2023-06-18T11:10:15","date_gmt":"2023-06-18T14:10:15","guid":{"rendered":"http:\/\/www.icomp.com.br\/camarim\/?p=473"},"modified":"2025-01-24T17:23:17","modified_gmt":"2025-01-24T20:23:17","slug":"como-divulgar-minha-musica-na-radio","status":"publish","type":"post","link":"https:\/\/icomp.com.br\/camarim\/como-divulgar-minha-musica-na-radio\/","title":{"rendered":"Como divulgar minha m\u00fasica na r\u00e1dio?"},"content":{"rendered":"<p><span style=\"font-weight: 400;\">E a\u00ed cantor? <strong>Sintoniza comigo aqui no Camarim<\/strong>!\u00a0\u00a0?<\/span><\/p>\n<p><span style=\"font-weight: 400;\">Muitos cantores me perguntam: &#8220;<\/span><strong><i>Dhiego, como divulgar minha m\u00fasica na r\u00e1dio<\/i><\/strong><span style=\"font-weight: 400;\"><strong>?<\/strong>&#8221; por isso estou escrevendo esse conte\u00fado com a minha percep\u00e7\u00e3o sobre o assunto. Bem, eu n\u00e3o sou especialista em r\u00e1dio, e sim em marketing digital para cantores, duplas e bandas, mas como eu atendo <strong>muitos artistas a mais de 12 anos<\/strong> isso me deu muita bagagem para opinar sobre esse assunto. <\/span><\/p>\n<h2><b>Come\u00e7ar a divulga\u00e7\u00e3o pelas r\u00e1dios n\u00e3o \u00e9 a melhor op\u00e7\u00e3o <\/b><\/h2>\n<p><span style=\"font-weight: 400;\">O primeiro passo para aprender a <\/span><b>como divulgar minha m\u00fasica na r\u00e1dio <\/b><span style=\"font-weight: 400;\">\u00e9 entender que muito embora tentar a proje\u00e7\u00e3o nas grandes r\u00e1dios possa ser visto como o primeiro passo na tarefa de se divulgar, n\u00e3o \u00e9 o mais aconselh\u00e1vel. <\/span><span style=\"font-weight: 400;\">\u2639<\/span><\/p>\n<p><span style=\"font-weight: 400;\">Inclusive, se essa for sua op\u00e7\u00e3o, certamente se prepare para ter de<strong> investir muita grana e por um curto per\u00edodo<\/strong>. OK?\u00a0?<\/span><\/p>\n<p><span style=\"font-weight: 400;\">Para voc\u00ea come\u00e7ar um primeiro contato com as r\u00e1dios precisar\u00e1 se apresentar como profissional, ou seja, ter um <\/span><strong>material de divulga\u00e7\u00e3o bem organizado<\/strong><span style=\"font-weight: 400;\">. Eu oriento isso, porque as r\u00e1dios possuem um setor art\u00edstico para validar o artista em sua grade antes da formaliza\u00e7\u00e3o do acordo comercial. Elas prezam pela <strong>qualidade e relev\u00e2ncia da m\u00fasica<\/strong> que divulgam para suas audi\u00eancias, ent\u00e3o se voc\u00ea <\/span><span style=\"font-weight: 400;\">j\u00e1 \u00e9 conhecido<\/span><span style=\"font-weight: 400;\"> e tem uma <\/span><span style=\"font-weight: 400;\">audi\u00eancia nas m\u00eddias sociais<\/span><span style=\"font-weight: 400;\">, facilita na credibilidade para firmar as parcerias. <\/span><\/p>\n<p><span style=\"font-weight: 400;\">Dessa forma, ter as r\u00e1dios como ponto de partida \u00e9 um erro. Voc\u00ea <strong>precisa fazer um trabalho de base<\/strong> antes, ou ent\u00e3o, a chance ser\u00e1 pequena para se destacar e o investimento ser\u00e1 muito alto. <\/span><\/p>\n<p><span style=\"font-weight: 400;\">Se voc\u00ea j\u00e1 fez o trabalho de base, a\u00ed sim \u00e9 hora de come\u00e7ar e o melhor <strong>ponto de partida \u00e9 pela sua regi\u00e3o<\/strong>.\u00a0?<\/span><\/p>\n<h2><b>Como divulgar minha m\u00fasica na r\u00e1dio regional<\/b><\/h2>\n<p><span style=\"font-weight: 400;\">Em primeiro lugar, para voc\u00ea se lan\u00e7ar em grandes r\u00e1dios, deve fazer sua li\u00e7\u00e3o de casa. Como? Bem, pesquisando j\u00e1 em sua cidade e regi\u00e3o onde mora, pois essa \u00e9 uma excelente forma de iniciar um relacionamento, se lan\u00e7ar e <strong>ter visibilidade regional primeiro<\/strong>, para depois disso, procurar o destaque nacional.<\/span><\/p>\n<p><span style=\"font-weight: 400;\">Esse tipo de estrat\u00e9gia \u00e9 como se o artista estivesse realizando seu trabalho em forma espiral. Come\u00e7a em casa e, assim, tem a <strong>possibilidade de medir e at\u00e9 ajustar seu trabalho<\/strong> para se lan\u00e7ar a novos e maiores desafios.<\/span><\/p>\n<p><span style=\"font-weight: 400;\">Lembre-se de que muitos cantores cresceram primeiro conquistando sucesso elevado em suas regi\u00f5es e s\u00f3 depois de estar consolidados, expandiram. <\/span><\/p>\n<p><span style=\"font-weight: 400;\">Assim, sua proje\u00e7\u00e3o nacional ocorre de forma segura.\u00a0\u26d1<\/span><\/p>\n<h2><b>Use uma estrat\u00e9gia progressiva <\/b><\/h2>\n<p><span style=\"font-weight: 400;\">Para que voc\u00ea possa alcan\u00e7ar um lugar de destaque no cen\u00e1rio regional, crescer at\u00e9 conquistar proje\u00e7\u00f5es nacionais \u00e9 necess\u00e1rio <strong>come\u00e7ar pequeno<\/strong>, ou ent\u00e3o investir fortunas sem garantias de que ter\u00e3o retorno para voc\u00ea.<\/span><\/p>\n<p><span style=\"font-weight: 400;\">Ter <\/span><b>como divulgar minha m\u00fasica na r\u00e1dio <\/b><span style=\"font-weight: 400;\">sem fazer um trabalho de divulga\u00e7\u00e3o no meio reduz suas chances de sucesso.<\/span><\/p>\n<p><span style=\"font-weight: 400;\">Manter<a href=\"http:\/\/www.icomp.com.br\/camarim\/dicas-de-divulgacao-para-cantores-o-que-postar-no-facebook\/\"><strong> foco em m\u00eddias sociais<\/strong><\/a> e construir uma audi\u00eancia significativa s\u00e3o pontos fundamentais para obter uma ponte de proje\u00e7\u00e3o para as maiores r\u00e1dios brasileiras e poder concretizar seus objetivos. Pense nisso sempre! <\/span><span style=\"font-weight: 400;\">?<\/span><\/p>\n<h2><b>Como artistas monitoram suas m\u00fasicas tocadas na r\u00e1dio<\/b><\/h2>\n<p><span style=\"font-weight: 400;\">Para ser expert em <\/span><b>como divulgar minha m\u00fasica na r\u00e1dio<\/b><span style=\"font-weight: 400;\"> \u00e9 importante tamb\u00e9m aprender <\/span><span style=\"font-weight: 400;\">como artistas monitoram suas m\u00fasicas tocadas na r\u00e1dio. <\/span><span style=\"font-weight: 400;\">Para isso existem recursos que auxiliam a desenvolver a\u00e7\u00f5es de divulga\u00e7\u00e3o. Quer ver quais?<\/span><\/p>\n<p><span style=\"font-weight: 400;\">Existe no mercado, servi\u00e7os de monitoramento, que ajudam no acompanhamento da divulga\u00e7\u00e3o dos trabalhos do artista que contratou a divulga\u00e7\u00e3o naquela m\u00eddia. <\/span><\/p>\n<p><span style=\"font-weight: 400;\">Esse recurso \u00e9 muito importante para poder acompanhar de forma efetiva a execu\u00e7\u00e3o e retorno do trabalho realizado. Se voc\u00ea quer ir por esse caminho, existem servi\u00e7os como o <\/span><strong><a href=\"https:\/\/www.connectmix.com\/musica\/\"><i>Connectmix<\/i><\/a><\/strong><span style=\"font-weight: 400;\">, o <\/span><strong><a href=\"http:\/\/spybat.com.br\/portal\/contato\/\"><i>Spybat<\/i><\/a><\/strong><span style=\"font-weight: 400;\"> e o <\/span><strong><a href=\"https:\/\/www.playax.com\/\">Playax<\/a><\/strong><span style=\"font-weight: 400;\">. Por\u00e9m \u00e9 um servi\u00e7o que voc\u00ea contrata por conta pr\u00f3pria, n\u00e3o \u00e9 oferecido pelas r\u00e1dios. <\/span><\/p>\n<p><span style=\"font-weight: 400;\">Esses servi\u00e7os possibilitam ranquear os artistas e fornecer dados sobre o comportamento de suas m\u00fasicas, assim como auxiliar a focar em trabalhos diferenciados e atua\u00e7\u00e3o em r\u00e1dios com menos exposi\u00e7\u00e3o de suas m\u00fasicas. J\u00e1 pensou?\u00a0?<\/span><\/p>\n<h2><b>Como come\u00e7ar a divulgar minha m\u00fasica na r\u00e1dio<\/b><\/h2>\n<p><span style=\"font-weight: 400;\">Este \u00e9 um tema muito delicado e que requer uma vis\u00e3o bastante realista de como funciona o mercado de divulga\u00e7\u00e3o de r\u00e1dios.<\/span><\/p>\n<p><span style=\"font-weight: 400;\">Ter conhecimento do mecanismo \u00e9 fundamental para aprender <\/span><b>como divulgar minha m\u00fasica na r\u00e1dio<\/b><span style=\"font-weight: 400;\"> e poder fazer um trabalho muito mais direcionado para obter resultados s\u00f3lidos. Contudo, tenha em mente que sem muito trabalho nada ocorrer\u00e1.<\/span><\/p>\n<p><span style=\"font-weight: 400;\">Se voc\u00ea quiser come\u00e7ar um trabalho de base, <a href=\"http:\/\/www.icomp.com.br\/camarim\/marketingmusical\/\"><strong>construindo sua audi\u00eancia na internet<\/strong><\/a> para ser conhecido e em seguida, iniciar um relacionamento com as r\u00e1dios mais pr\u00f3ximas de voc\u00ea, <\/span><span style=\"font-weight: 400;\"><strong>agende uma consultoria gr\u00e1tis de marketing art\u00edstico comigo<\/strong>, que eu te ajudo nos primeiros passos!<\/span><\/p>\n<p><a href=\"https:\/\/www.icomp.com.br\/#contato\"><img loading=\"lazy\" decoding=\"async\" class=\"aligncenter wp-image-256 size-full\" src=\"http:\/\/www.icomp.com.br\/camarim\/wp-content\/uploads\/2017\/12\/ctalaranja_ICOMP.jpg\" alt=\"pedir or\u00e7amento\" width=\"589\" height=\"134\" srcset=\"https:\/\/icomp.com.br\/camarim\/wp-content\/uploads\/2017\/12\/ctalaranja_ICOMP.jpg 589w, https:\/\/icomp.com.br\/camarim\/wp-content\/uploads\/2017\/12\/ctalaranja_ICOMP-300x68.jpg 300w\" sizes=\"auto, (max-width: 589px) 100vw, 589px\" \/><\/a><\/p>\n","protected":false},"excerpt":{"rendered":"<p>E a\u00ed cantor? Sintoniza comigo aqui no Camarim!\u00a0\u00a0? Muitos cantores me perguntam: &#8220;Dhiego, como divulgar minha m\u00fasica na r\u00e1dio?&#8221; por isso estou escrevendo esse conte\u00fado com a minha percep\u00e7\u00e3o sobre o assunto. Bem, eu n\u00e3o sou especialista em r\u00e1dio, e sim em marketing digital para cantores, duplas e bandas, mas como eu atendo muitos artistas [&hellip;]<\/p>\n","protected":false},"author":10,"featured_media":474,"comment_status":"closed","ping_status":"closed","sticky":false,"template":"","format":"image","meta":{"ocean_post_layout":"","ocean_both_sidebars_style":"","ocean_both_sidebars_content_width":0,"ocean_both_sidebars_sidebars_width":0,"ocean_sidebar":"","ocean_second_sidebar":"","ocean_disable_margins":"enable","ocean_add_body_class":"","ocean_shortcode_before_top_bar":"","ocean_shortcode_after_top_bar":"","ocean_shortcode_before_header":"","ocean_shortcode_after_header":"","ocean_has_shortcode":"","ocean_shortcode_after_title":"","ocean_shortcode_before_footer_widgets":"","ocean_shortcode_after_footer_widgets":"","ocean_shortcode_before_footer_bottom":"","ocean_shortcode_after_footer_bottom":"","ocean_display_top_bar":"default","ocean_display_header":"default","ocean_header_style":"","ocean_center_header_left_menu":"","ocean_custom_header_template":"","ocean_custom_logo":0,"ocean_custom_retina_logo":0,"ocean_custom_logo_max_width":0,"ocean_custom_logo_tablet_max_width":0,"ocean_custom_logo_mobile_max_width":0,"ocean_custom_logo_max_height":0,"ocean_custom_logo_tablet_max_height":0,"ocean_custom_logo_mobile_max_height":0,"ocean_header_custom_menu":"","ocean_menu_typo_font_family":"","ocean_menu_typo_font_subset":"","ocean_menu_typo_font_size":0,"ocean_menu_typo_font_size_tablet":0,"ocean_menu_typo_font_size_mobile":0,"ocean_menu_typo_font_size_unit":"px","ocean_menu_typo_font_weight":"","ocean_menu_typo_font_weight_tablet":"","ocean_menu_typo_font_weight_mobile":"","ocean_menu_typo_transform":"","ocean_menu_typo_transform_tablet":"","ocean_menu_typo_transform_mobile":"","ocean_menu_typo_line_height":0,"ocean_menu_typo_line_height_tablet":0,"ocean_menu_typo_line_height_mobile":0,"ocean_menu_typo_line_height_unit":"","ocean_menu_typo_spacing":0,"ocean_menu_typo_spacing_tablet":0,"ocean_menu_typo_spacing_mobile":0,"ocean_menu_typo_spacing_unit":"","ocean_menu_link_color":"","ocean_menu_link_color_hover":"","ocean_menu_link_color_active":"","ocean_menu_link_background":"","ocean_menu_link_hover_background":"","ocean_menu_link_active_background":"","ocean_menu_social_links_bg":"","ocean_menu_social_hover_links_bg":"","ocean_menu_social_links_color":"","ocean_menu_social_hover_links_color":"","ocean_disable_title":"default","ocean_disable_heading":"default","ocean_post_title":"","ocean_post_subheading":"","ocean_post_title_style":"","ocean_post_title_background_color":"","ocean_post_title_background":0,"ocean_post_title_bg_image_position":"","ocean_post_title_bg_image_attachment":"","ocean_post_title_bg_image_repeat":"","ocean_post_title_bg_image_size":"","ocean_post_title_height":0,"ocean_post_title_bg_overlay":0.5,"ocean_post_title_bg_overlay_color":"","ocean_disable_breadcrumbs":"default","ocean_breadcrumbs_color":"","ocean_breadcrumbs_separator_color":"","ocean_breadcrumbs_links_color":"","ocean_breadcrumbs_links_hover_color":"","ocean_display_footer_widgets":"default","ocean_display_footer_bottom":"default","ocean_custom_footer_template":"","ocean_post_oembed":"","ocean_post_self_hosted_media":"","ocean_post_video_embed":"","ocean_link_format":"","ocean_link_format_target":"self","ocean_quote_format":"","ocean_quote_format_link":"post","ocean_gallery_link_images":"on","ocean_gallery_id":[],"footnotes":""},"categories":[111],"tags":[17,33,53,54],"class_list":["post-473","post","type-post","status-publish","format-image","has-post-thumbnail","hentry","category-plataformas-de-musica","tag-como-divulgar-minha-musica-na-radio","tag-divulgacao-musical","tag-musica-nas-radios","tag-musica-para-cantores","post_format-post-format-image","entry","has-media"],"yoast_head":"<!-- This site is optimized with the Yoast SEO plugin v27.4 - https:\/\/yoast.com\/product\/yoast-seo-wordpress\/ -->\n<title>Como divulgar minha m\u00fasica na r\u00e1dio? - Marketing Musical com Dhiego Bicudo<\/title>\n<meta name=\"description\" content=\"Voc\u00ea tem uma banda e quer aprender a como divulgar minha m\u00fasica na r\u00e1dio? Leia este conte\u00fado para entender se \u00e9 o momento certo e qual estrat\u00e9gia deve usar.\" \/>\n<meta name=\"robots\" content=\"index, follow, max-snippet:-1, max-image-preview:large, max-video-preview:-1\" \/>\n<link rel=\"canonical\" href=\"https:\/\/icomp.com.br\/camarim\/como-divulgar-minha-musica-na-radio\/\" \/>\n<meta property=\"og:locale\" content=\"pt_BR\" \/>\n<meta property=\"og:type\" content=\"article\" \/>\n<meta property=\"og:title\" content=\"Como divulgar minha m\u00fasica na r\u00e1dio? - Marketing Musical com Dhiego Bicudo\" \/>\n<meta property=\"og:description\" content=\"Voc\u00ea tem uma banda e quer aprender a como divulgar minha m\u00fasica na r\u00e1dio? Leia este conte\u00fado para entender se \u00e9 o momento certo e qual estrat\u00e9gia deve usar.\" \/>\n<meta property=\"og:url\" content=\"https:\/\/icomp.com.br\/camarim\/como-divulgar-minha-musica-na-radio\/\" \/>\n<meta property=\"og:site_name\" content=\"Marketing Musical com Dhiego Bicudo\" \/>\n<meta property=\"article:publisher\" content=\"https:\/\/www.facebook.com\/agenciaicomp\" \/>\n<meta property=\"article:published_time\" content=\"2023-06-18T14:10:15+00:00\" \/>\n<meta property=\"article:modified_time\" content=\"2025-01-24T20:23:17+00:00\" \/>\n<meta property=\"og:image\" content=\"https:\/\/icomp.com.br\/camarim\/wp-content\/uploads\/2018\/06\/camarim-1106-1.png\" \/>\n\t<meta property=\"og:image:width\" content=\"1600\" \/>\n\t<meta property=\"og:image:height\" content=\"900\" \/>\n\t<meta property=\"og:image:type\" content=\"image\/png\" \/>\n<meta name=\"author\" content=\"Dhiego Bicudo\" \/>\n<meta name=\"twitter:card\" content=\"summary_large_image\" \/>\n<meta name=\"twitter:label1\" content=\"Escrito por\" \/>\n\t<meta name=\"twitter:data1\" content=\"Dhiego Bicudo\" \/>\n\t<meta name=\"twitter:label2\" content=\"Est. tempo de leitura\" \/>\n\t<meta name=\"twitter:data2\" content=\"4 minutos\" \/>\n<script type=\"application\/ld+json\" class=\"yoast-schema-graph\">{\"@context\":\"https:\\\/\\\/schema.org\",\"@graph\":[{\"@type\":\"Article\",\"@id\":\"https:\\\/\\\/icomp.com.br\\\/camarim\\\/como-divulgar-minha-musica-na-radio\\\/#article\",\"isPartOf\":{\"@id\":\"https:\\\/\\\/icomp.com.br\\\/camarim\\\/como-divulgar-minha-musica-na-radio\\\/\"},\"author\":{\"name\":\"Dhiego Bicudo\",\"@id\":\"https:\\\/\\\/icomp.com.br\\\/camarim\\\/#\\\/schema\\\/person\\\/d10a1b1471cde95c3738b4de07287002\"},\"headline\":\"Como divulgar minha m\u00fasica na r\u00e1dio?\",\"datePublished\":\"2023-06-18T14:10:15+00:00\",\"dateModified\":\"2025-01-24T20:23:17+00:00\",\"mainEntityOfPage\":{\"@id\":\"https:\\\/\\\/icomp.com.br\\\/camarim\\\/como-divulgar-minha-musica-na-radio\\\/\"},\"wordCount\":849,\"publisher\":{\"@id\":\"https:\\\/\\\/icomp.com.br\\\/camarim\\\/#organization\"},\"image\":{\"@id\":\"https:\\\/\\\/icomp.com.br\\\/camarim\\\/como-divulgar-minha-musica-na-radio\\\/#primaryimage\"},\"thumbnailUrl\":\"https:\\\/\\\/icomp.com.br\\\/camarim\\\/wp-content\\\/uploads\\\/2018\\\/06\\\/camarim-1106-1.png\",\"keywords\":[\"como divulgar minha m\u00fasica na r\u00e1dio\",\"divulga\u00e7\u00e3o musical\",\"musica nas radios\",\"Musica para cantores\"],\"articleSection\":[\"Plataformas de M\u00fasica e R\u00e1dios\"],\"inLanguage\":\"pt-BR\"},{\"@type\":\"WebPage\",\"@id\":\"https:\\\/\\\/icomp.com.br\\\/camarim\\\/como-divulgar-minha-musica-na-radio\\\/\",\"url\":\"https:\\\/\\\/icomp.com.br\\\/camarim\\\/como-divulgar-minha-musica-na-radio\\\/\",\"name\":\"Como divulgar minha m\u00fasica na r\u00e1dio? - Marketing Musical com Dhiego Bicudo\",\"isPartOf\":{\"@id\":\"https:\\\/\\\/icomp.com.br\\\/camarim\\\/#website\"},\"primaryImageOfPage\":{\"@id\":\"https:\\\/\\\/icomp.com.br\\\/camarim\\\/como-divulgar-minha-musica-na-radio\\\/#primaryimage\"},\"image\":{\"@id\":\"https:\\\/\\\/icomp.com.br\\\/camarim\\\/como-divulgar-minha-musica-na-radio\\\/#primaryimage\"},\"thumbnailUrl\":\"https:\\\/\\\/icomp.com.br\\\/camarim\\\/wp-content\\\/uploads\\\/2018\\\/06\\\/camarim-1106-1.png\",\"datePublished\":\"2023-06-18T14:10:15+00:00\",\"dateModified\":\"2025-01-24T20:23:17+00:00\",\"description\":\"Voc\u00ea tem uma banda e quer aprender a como divulgar minha m\u00fasica na r\u00e1dio? Leia este conte\u00fado para entender se \u00e9 o momento certo e qual estrat\u00e9gia deve usar.\",\"breadcrumb\":{\"@id\":\"https:\\\/\\\/icomp.com.br\\\/camarim\\\/como-divulgar-minha-musica-na-radio\\\/#breadcrumb\"},\"inLanguage\":\"pt-BR\",\"potentialAction\":[{\"@type\":\"ReadAction\",\"target\":[\"https:\\\/\\\/icomp.com.br\\\/camarim\\\/como-divulgar-minha-musica-na-radio\\\/\"]}]},{\"@type\":\"ImageObject\",\"inLanguage\":\"pt-BR\",\"@id\":\"https:\\\/\\\/icomp.com.br\\\/camarim\\\/como-divulgar-minha-musica-na-radio\\\/#primaryimage\",\"url\":\"https:\\\/\\\/icomp.com.br\\\/camarim\\\/wp-content\\\/uploads\\\/2018\\\/06\\\/camarim-1106-1.png\",\"contentUrl\":\"https:\\\/\\\/icomp.com.br\\\/camarim\\\/wp-content\\\/uploads\\\/2018\\\/06\\\/camarim-1106-1.png\",\"width\":1600,\"height\":900},{\"@type\":\"BreadcrumbList\",\"@id\":\"https:\\\/\\\/icomp.com.br\\\/camarim\\\/como-divulgar-minha-musica-na-radio\\\/#breadcrumb\",\"itemListElement\":[{\"@type\":\"ListItem\",\"position\":1,\"name\":\"Home\",\"item\":\"https:\\\/\\\/icomp.com.br\\\/camarim\\\/\"},{\"@type\":\"ListItem\",\"position\":2,\"name\":\"Como divulgar minha m\u00fasica na r\u00e1dio?\"}]},{\"@type\":\"WebSite\",\"@id\":\"https:\\\/\\\/icomp.com.br\\\/camarim\\\/#website\",\"url\":\"https:\\\/\\\/icomp.com.br\\\/camarim\\\/\",\"name\":\"Marketing Musical com Dhiego Bicudo\",\"description\":\"Conhe\u00e7a as estrat\u00e9gias no marketing musical que uso na Ag\u00eancia ICOMP para transformar cantores, duplas e bandas em artistas reconhecidos\",\"publisher\":{\"@id\":\"https:\\\/\\\/icomp.com.br\\\/camarim\\\/#organization\"},\"potentialAction\":[{\"@type\":\"SearchAction\",\"target\":{\"@type\":\"EntryPoint\",\"urlTemplate\":\"https:\\\/\\\/icomp.com.br\\\/camarim\\\/?s={search_term_string}\"},\"query-input\":{\"@type\":\"PropertyValueSpecification\",\"valueRequired\":true,\"valueName\":\"search_term_string\"}}],\"inLanguage\":\"pt-BR\"},{\"@type\":\"Organization\",\"@id\":\"https:\\\/\\\/icomp.com.br\\\/camarim\\\/#organization\",\"name\":\"Marketing Musical com Dhiego Bicudo\",\"url\":\"https:\\\/\\\/icomp.com.br\\\/camarim\\\/\",\"logo\":{\"@type\":\"ImageObject\",\"inLanguage\":\"pt-BR\",\"@id\":\"https:\\\/\\\/icomp.com.br\\\/camarim\\\/#\\\/schema\\\/logo\\\/image\\\/\",\"url\":\"https:\\\/\\\/icomp.com.br\\\/camarim\\\/wp-content\\\/uploads\\\/2017\\\/10\\\/cropped-icone.png\",\"contentUrl\":\"https:\\\/\\\/icomp.com.br\\\/camarim\\\/wp-content\\\/uploads\\\/2017\\\/10\\\/cropped-icone.png\",\"width\":512,\"height\":512,\"caption\":\"Marketing Musical com Dhiego Bicudo\"},\"image\":{\"@id\":\"https:\\\/\\\/icomp.com.br\\\/camarim\\\/#\\\/schema\\\/logo\\\/image\\\/\"},\"sameAs\":[\"https:\\\/\\\/www.facebook.com\\\/agenciaicomp\",\"https:\\\/\\\/www.instagram.com\\\/dhiegobicudo\",\"https:\\\/\\\/www.linkedin.com\\\/in\\\/dhiegobicudo\",\"https:\\\/\\\/www.youtube.com\\\/@TrilhadoCantor\"]},{\"@type\":\"Person\",\"@id\":\"https:\\\/\\\/icomp.com.br\\\/camarim\\\/#\\\/schema\\\/person\\\/d10a1b1471cde95c3738b4de07287002\",\"name\":\"Dhiego Bicudo\",\"image\":{\"@type\":\"ImageObject\",\"inLanguage\":\"pt-BR\",\"@id\":\"https:\\\/\\\/secure.gravatar.com\\\/avatar\\\/199e5081b46939e9add8e7fc06e802eb2f43ff99423ca0ef09d71f21882a5c49?s=96&d=mm&r=g\",\"url\":\"https:\\\/\\\/secure.gravatar.com\\\/avatar\\\/199e5081b46939e9add8e7fc06e802eb2f43ff99423ca0ef09d71f21882a5c49?s=96&d=mm&r=g\",\"contentUrl\":\"https:\\\/\\\/secure.gravatar.com\\\/avatar\\\/199e5081b46939e9add8e7fc06e802eb2f43ff99423ca0ef09d71f21882a5c49?s=96&d=mm&r=g\",\"caption\":\"Dhiego Bicudo\"},\"description\":\"possui muita experi\u00eancia em estrat\u00e9gias de marketing musical para cantores, duplas e bandas na Ag\u00eancia ICOMP\",\"url\":\"https:\\\/\\\/icomp.com.br\\\/camarim\\\/author\\\/d2ecf63ba8a1943f\\\/\"}]}<\/script>\n<!-- \/ Yoast SEO plugin. -->","yoast_head_json":{"title":"Como divulgar minha m\u00fasica na r\u00e1dio? - Marketing Musical com Dhiego Bicudo","description":"Voc\u00ea tem uma banda e quer aprender a como divulgar minha m\u00fasica na r\u00e1dio? Leia este conte\u00fado para entender se \u00e9 o momento certo e qual estrat\u00e9gia deve usar.","robots":{"index":"index","follow":"follow","max-snippet":"max-snippet:-1","max-image-preview":"max-image-preview:large","max-video-preview":"max-video-preview:-1"},"canonical":"https:\/\/icomp.com.br\/camarim\/como-divulgar-minha-musica-na-radio\/","og_locale":"pt_BR","og_type":"article","og_title":"Como divulgar minha m\u00fasica na r\u00e1dio? - Marketing Musical com Dhiego Bicudo","og_description":"Voc\u00ea tem uma banda e quer aprender a como divulgar minha m\u00fasica na r\u00e1dio? Leia este conte\u00fado para entender se \u00e9 o momento certo e qual estrat\u00e9gia deve usar.","og_url":"https:\/\/icomp.com.br\/camarim\/como-divulgar-minha-musica-na-radio\/","og_site_name":"Marketing Musical com Dhiego Bicudo","article_publisher":"https:\/\/www.facebook.com\/agenciaicomp","article_published_time":"2023-06-18T14:10:15+00:00","article_modified_time":"2025-01-24T20:23:17+00:00","og_image":[{"width":1600,"height":900,"url":"https:\/\/icomp.com.br\/camarim\/wp-content\/uploads\/2018\/06\/camarim-1106-1.png","type":"image\/png"}],"author":"Dhiego Bicudo","twitter_card":"summary_large_image","twitter_misc":{"Escrito por":"Dhiego Bicudo","Est. tempo de leitura":"4 minutos"},"schema":{"@context":"https:\/\/schema.org","@graph":[{"@type":"Article","@id":"https:\/\/icomp.com.br\/camarim\/como-divulgar-minha-musica-na-radio\/#article","isPartOf":{"@id":"https:\/\/icomp.com.br\/camarim\/como-divulgar-minha-musica-na-radio\/"},"author":{"name":"Dhiego Bicudo","@id":"https:\/\/icomp.com.br\/camarim\/#\/schema\/person\/d10a1b1471cde95c3738b4de07287002"},"headline":"Como divulgar minha m\u00fasica na r\u00e1dio?","datePublished":"2023-06-18T14:10:15+00:00","dateModified":"2025-01-24T20:23:17+00:00","mainEntityOfPage":{"@id":"https:\/\/icomp.com.br\/camarim\/como-divulgar-minha-musica-na-radio\/"},"wordCount":849,"publisher":{"@id":"https:\/\/icomp.com.br\/camarim\/#organization"},"image":{"@id":"https:\/\/icomp.com.br\/camarim\/como-divulgar-minha-musica-na-radio\/#primaryimage"},"thumbnailUrl":"https:\/\/icomp.com.br\/camarim\/wp-content\/uploads\/2018\/06\/camarim-1106-1.png","keywords":["como divulgar minha m\u00fasica na r\u00e1dio","divulga\u00e7\u00e3o musical","musica nas radios","Musica para cantores"],"articleSection":["Plataformas de M\u00fasica e R\u00e1dios"],"inLanguage":"pt-BR"},{"@type":"WebPage","@id":"https:\/\/icomp.com.br\/camarim\/como-divulgar-minha-musica-na-radio\/","url":"https:\/\/icomp.com.br\/camarim\/como-divulgar-minha-musica-na-radio\/","name":"Como divulgar minha m\u00fasica na r\u00e1dio? - Marketing Musical com Dhiego Bicudo","isPartOf":{"@id":"https:\/\/icomp.com.br\/camarim\/#website"},"primaryImageOfPage":{"@id":"https:\/\/icomp.com.br\/camarim\/como-divulgar-minha-musica-na-radio\/#primaryimage"},"image":{"@id":"https:\/\/icomp.com.br\/camarim\/como-divulgar-minha-musica-na-radio\/#primaryimage"},"thumbnailUrl":"https:\/\/icomp.com.br\/camarim\/wp-content\/uploads\/2018\/06\/camarim-1106-1.png","datePublished":"2023-06-18T14:10:15+00:00","dateModified":"2025-01-24T20:23:17+00:00","description":"Voc\u00ea tem uma banda e quer aprender a como divulgar minha m\u00fasica na r\u00e1dio? Leia este conte\u00fado para entender se \u00e9 o momento certo e qual estrat\u00e9gia deve usar.","breadcrumb":{"@id":"https:\/\/icomp.com.br\/camarim\/como-divulgar-minha-musica-na-radio\/#breadcrumb"},"inLanguage":"pt-BR","potentialAction":[{"@type":"ReadAction","target":["https:\/\/icomp.com.br\/camarim\/como-divulgar-minha-musica-na-radio\/"]}]},{"@type":"ImageObject","inLanguage":"pt-BR","@id":"https:\/\/icomp.com.br\/camarim\/como-divulgar-minha-musica-na-radio\/#primaryimage","url":"https:\/\/icomp.com.br\/camarim\/wp-content\/uploads\/2018\/06\/camarim-1106-1.png","contentUrl":"https:\/\/icomp.com.br\/camarim\/wp-content\/uploads\/2018\/06\/camarim-1106-1.png","width":1600,"height":900},{"@type":"BreadcrumbList","@id":"https:\/\/icomp.com.br\/camarim\/como-divulgar-minha-musica-na-radio\/#breadcrumb","itemListElement":[{"@type":"ListItem","position":1,"name":"Home","item":"https:\/\/icomp.com.br\/camarim\/"},{"@type":"ListItem","position":2,"name":"Como divulgar minha m\u00fasica na r\u00e1dio?"}]},{"@type":"WebSite","@id":"https:\/\/icomp.com.br\/camarim\/#website","url":"https:\/\/icomp.com.br\/camarim\/","name":"Marketing Musical com Dhiego Bicudo","description":"Conhe\u00e7a as estrat\u00e9gias no marketing musical que uso na Ag\u00eancia ICOMP para transformar cantores, duplas e bandas em artistas reconhecidos","publisher":{"@id":"https:\/\/icomp.com.br\/camarim\/#organization"},"potentialAction":[{"@type":"SearchAction","target":{"@type":"EntryPoint","urlTemplate":"https:\/\/icomp.com.br\/camarim\/?s={search_term_string}"},"query-input":{"@type":"PropertyValueSpecification","valueRequired":true,"valueName":"search_term_string"}}],"inLanguage":"pt-BR"},{"@type":"Organization","@id":"https:\/\/icomp.com.br\/camarim\/#organization","name":"Marketing Musical com Dhiego Bicudo","url":"https:\/\/icomp.com.br\/camarim\/","logo":{"@type":"ImageObject","inLanguage":"pt-BR","@id":"https:\/\/icomp.com.br\/camarim\/#\/schema\/logo\/image\/","url":"https:\/\/icomp.com.br\/camarim\/wp-content\/uploads\/2017\/10\/cropped-icone.png","contentUrl":"https:\/\/icomp.com.br\/camarim\/wp-content\/uploads\/2017\/10\/cropped-icone.png","width":512,"height":512,"caption":"Marketing Musical com Dhiego Bicudo"},"image":{"@id":"https:\/\/icomp.com.br\/camarim\/#\/schema\/logo\/image\/"},"sameAs":["https:\/\/www.facebook.com\/agenciaicomp","https:\/\/www.instagram.com\/dhiegobicudo","https:\/\/www.linkedin.com\/in\/dhiegobicudo","https:\/\/www.youtube.com\/@TrilhadoCantor"]},{"@type":"Person","@id":"https:\/\/icomp.com.br\/camarim\/#\/schema\/person\/d10a1b1471cde95c3738b4de07287002","name":"Dhiego Bicudo","image":{"@type":"ImageObject","inLanguage":"pt-BR","@id":"https:\/\/secure.gravatar.com\/avatar\/199e5081b46939e9add8e7fc06e802eb2f43ff99423ca0ef09d71f21882a5c49?s=96&d=mm&r=g","url":"https:\/\/secure.gravatar.com\/avatar\/199e5081b46939e9add8e7fc06e802eb2f43ff99423ca0ef09d71f21882a5c49?s=96&d=mm&r=g","contentUrl":"https:\/\/secure.gravatar.com\/avatar\/199e5081b46939e9add8e7fc06e802eb2f43ff99423ca0ef09d71f21882a5c49?s=96&d=mm&r=g","caption":"Dhiego Bicudo"},"description":"possui muita experi\u00eancia em estrat\u00e9gias de marketing musical para cantores, duplas e bandas na Ag\u00eancia ICOMP","url":"https:\/\/icomp.com.br\/camarim\/author\/d2ecf63ba8a1943f\/"}]}},"_links":{"self":[{"href":"https:\/\/icomp.com.br\/camarim\/wp-json\/wp\/v2\/posts\/473","targetHints":{"allow":["GET"]}}],"collection":[{"href":"https:\/\/icomp.com.br\/camarim\/wp-json\/wp\/v2\/posts"}],"about":[{"href":"https:\/\/icomp.com.br\/camarim\/wp-json\/wp\/v2\/types\/post"}],"author":[{"embeddable":true,"href":"https:\/\/icomp.com.br\/camarim\/wp-json\/wp\/v2\/users\/10"}],"replies":[{"embeddable":true,"href":"https:\/\/icomp.com.br\/camarim\/wp-json\/wp\/v2\/comments?post=473"}],"version-history":[{"count":0,"href":"https:\/\/icomp.com.br\/camarim\/wp-json\/wp\/v2\/posts\/473\/revisions"}],"wp:featuredmedia":[{"embeddable":true,"href":"https:\/\/icomp.com.br\/camarim\/wp-json\/wp\/v2\/media\/474"}],"wp:attachment":[{"href":"https:\/\/icomp.com.br\/camarim\/wp-json\/wp\/v2\/media?parent=473"}],"wp:term":[{"taxonomy":"category","embeddable":true,"href":"https:\/\/icomp.com.br\/camarim\/wp-json\/wp\/v2\/categories?post=473"},{"taxonomy":"post_tag","embeddable":true,"href":"https:\/\/icomp.com.br\/camarim\/wp-json\/wp\/v2\/tags?post=473"}],"curies":[{"name":"wp","href":"https:\/\/api.w.org\/{rel}","templated":true}]}}