{"id":478,"date":"2023-06-25T10:38:36","date_gmt":"2023-06-25T13:38:36","guid":{"rendered":"http:\/\/www.icomp.com.br\/camarim\/?p=478"},"modified":"2025-01-24T16:55:12","modified_gmt":"2025-01-24T19:55:12","slug":"divulgacao-em-radio","status":"publish","type":"post","link":"https:\/\/icomp.com.br\/camarim\/divulgacao-em-radio\/","title":{"rendered":"Divulga\u00e7\u00e3o em r\u00e1dio para artistas: como e quando fazer?"},"content":{"rendered":"<p><span style=\"font-weight: 400; font-family: arial, helvetica, sans-serif;\">E a\u00ed cantor, sintonizado?\u00a0?\u00a0<\/span><\/p>\n<p><span style=\"font-weight: 400; font-family: arial, helvetica, sans-serif;\">Divulga\u00e7\u00e3o em r\u00e1dio \u00e9 um tema que os cantores, duplas e bandas sempre me perguntam, mas que depois do <a href=\"http:\/\/www.icomp.com.br\/camarim\/como-divulgar-minha-musica-na-radio\/\" target=\"_blank\" rel=\"noopener noreferrer\">meu \u00faltimo conte\u00fado,<\/a> que foi mais introdut\u00f3rio, decidi aprofundar o assunto. O texto \u00e9 um pouco longo, mas vale a pena porque voc\u00ea n\u00e3o ver\u00e1 essas dicas circulando pela internet.\u00a0<\/span><\/p>\n<p><span style=\"font-weight: 400; font-family: arial, helvetica, sans-serif;\">Bem, como o meu foco de divulga\u00e7\u00e3o \u00e9 na internet eu convidei alguns profissionais que conhe\u00e7o no mercado da m\u00fasica com experi\u00eancia forte em divulga\u00e7\u00e3o em r\u00e1dio,\u00a0<\/span><span style=\"font-weight: 400; font-family: arial, helvetica, sans-serif;\">para nos guiar e orientar com seguran\u00e7a. <\/span><\/p>\n<p><span style=\"font-family: arial, helvetica, sans-serif;\"><span style=\"font-weight: 400;\">Ali\u00e1s, minha primeira dica para o artista ir bem nesse meio, \u00e9 pesquisar pessoas com refer\u00eancias neste assunto. Por isso, as informa\u00e7\u00f5es a seguir, contam com a colabora\u00e7\u00e3o do <\/span><b>Felipe Lebu<\/b><span style=\"font-weight: 400;\"> e do <\/span><a href=\"http:\/\/santotrevisan.com.br\"><b>Santo Trevisan<\/b><\/a><span style=\"font-weight: 400;\">, ambos com experi\u00eancia profissional em relacionamento com r\u00e1dios. Eles foram fundamentais para essas dicas e opini\u00f5es sobre os caminhos a trilhar para que seu trabalho possa ser divulgado nas r\u00e1dios, entendido? <\/span><span style=\"font-weight: 400;\">? <\/span><\/span><\/p>\n<p><span style=\"font-weight: 400; font-family: arial, helvetica, sans-serif;\">Lebu, com experi\u00eancia principalmente no sul do pa\u00eds, e o Santo, um paulista quase mineiro de tanto viajar por Minas Gerais e S\u00e3o Paulo e voc\u00ea (morando em Goi\u00e2nia, ou n\u00e3o) deve ler o que esses caras tem a dizer. Afinal, a base de tudo ocorre regionalmente e depois se expandindo com alcance nacional.<\/span><\/p>\n<p><span style=\"font-weight: 400; font-family: arial, helvetica, sans-serif;\">Em primeiro lugar, a divulga\u00e7\u00e3o em r\u00e1dio \u00e9 um dos diversos meios de distribui\u00e7\u00e3o de seu trabalho e d\u00e1 uma proje\u00e7\u00e3o bem importante, em todas as regi\u00f5es. Por\u00e9m, alguns passos devem ser seguidos antes e depois disso.<\/span><\/p>\n<p><span style=\"font-family: arial, helvetica, sans-serif;\"><span style=\"font-weight: 400;\">Ent\u00e3o, bora l\u00e1!? <\/span><span style=\"font-weight: 400;\">?<\/span><\/span><\/p>\n<h2><span style=\"font-size: 24pt; font-family: arial, helvetica, sans-serif;\"><b>Os primeiros caminhos antes da divulga\u00e7\u00e3o em r\u00e1dio<\/b><\/span><\/h2>\n<p><span style=\"font-weight: 400; font-family: arial, helvetica, sans-serif;\">Antes da divulga\u00e7\u00e3o em r\u00e1dio \u00e9 importante que o cantor, duplas ou banda j\u00e1 tenha dado alguns passos:<\/span><\/p>\n<ul>\n<li style=\"font-weight: 400;\"><span style=\"font-family: arial, helvetica, sans-serif;\"><span style=\"font-weight: 400;\">ter suas m\u00fasicas nas <\/span><span style=\"font-weight: 400;\">plataformas digitais;<\/span><\/span><\/li>\n<li style=\"font-weight: 400;\"><span style=\"font-family: arial, helvetica, sans-serif;\"><span style=\"font-weight: 400;\">fazer sua <\/span><a href=\"http:\/\/www.icomp.com.br\/camarim\/dicas-de-divulgacao-para-cantores-o-que-postar-no-facebook\/\" target=\"_blank\" rel=\"noopener noreferrer\"><span style=\"font-weight: 400;\">divulga\u00e7\u00e3o nas m\u00eddias sociais<\/span><\/a><span style=\"font-weight: 400;\">, principalmente nas cidades e regi\u00f5es que voc\u00ea pretende trabalhar com as r\u00e1dios e iniciar suas vendas.<\/span><\/span><\/li>\n<\/ul>\n<p><span style=\"font-family: arial, helvetica, sans-serif;\"><span style=\"font-weight: 400;\">Esses s\u00e3o diferenciais importantes, pois ajudam na percep\u00e7\u00e3o, dentro do mercado art\u00edstico, de que seu potencial de consumo \u00e9 bastante significativo. Entende como isso vai fazer com que r\u00e1dios conhe\u00e7am suas m\u00fasicas? <\/span><span style=\"font-weight: 400;\">?<\/span><\/span><\/p>\n<p><span style=\"font-weight: 400; font-family: arial, helvetica, sans-serif;\">Essas etapas s\u00e3o a porta de entrada para ter seu trabalho apresentado nas r\u00e1dios, seria como uma carta de apresenta\u00e7\u00e3o do seu p\u00fablico.<\/span><\/p>\n<h2><span style=\"font-size: 24pt; font-family: arial, helvetica, sans-serif;\"><b>Definindo o caminho mais correto para a divulga\u00e7\u00e3o em r\u00e1dio<\/b><\/span><\/h2>\n<p><span style=\"font-weight: 400; font-family: arial, helvetica, sans-serif;\">A melhor forma de atuar com divulga\u00e7\u00e3o em r\u00e1dios \u00e9 iniciar em cidades e regi\u00f5es pr\u00f3ximas a sua base, isso, vai ajudar na log\u00edstica e nas primeiras a\u00e7\u00f5es promocionais com elas.<\/span><\/p>\n<p><span style=\"font-weight: 400; font-family: arial, helvetica, sans-serif;\">Depois de construir uma proje\u00e7\u00e3o regional em r\u00e1dios com boas audi\u00eancias, \u00e9 mais garantida a expans\u00e3o para os estados vizinhos e posteriormente o restante do pa\u00eds. Dessa maneira, a proje\u00e7\u00e3o nacional ser\u00e1 muito mais eficiente.<\/span><\/p>\n<p><span style=\"font-family: arial, helvetica, sans-serif;\"><i><span style=\"font-weight: 400;\">Aproveite para colocar em pr\u00e1tica agora, e pesquise as 20 principais r\u00e1dios de sua base em um raio de at\u00e9 100 km. Voc\u00ea possui algum relacionamento com elas?<\/span><\/i><\/span><\/p>\n<p><span style=\"font-weight: 400; font-family: arial, helvetica, sans-serif;\">Entenda, de uma vez por todas, ok? Trabalhos que marcam regionalmente, acabam servindo como experi\u00eancias para os nacionais. Voc\u00ea deve fazer seu dever de casa na sua regi\u00e3o de atua\u00e7\u00e3o e expandir para o pa\u00eds. Isso \u00e9 mais econ\u00f4mico e muito mais garantido.<\/span><\/p>\n<p><span style=\"font-weight: 400; font-family: arial, helvetica, sans-serif;\">Quer uma opini\u00e3o de quem possui experi\u00eancia na divulga\u00e7\u00e3o em r\u00e1dio? Diga a\u00ed Felipe Lebu:<\/span><\/p>\n<blockquote><p><strong><span style=\"font-family: arial, helvetica, sans-serif;\"><i>\u2018Ao regionalizar o trabalho, deve sempre ser priorizada a cidade principal e regi\u00e3o que ela atua com mais for\u00e7a, iniciando seu trabalho de divulga\u00e7\u00e3o, gerando audi\u00eancia para da\u00ed desenvolver o resto do pa\u00eds.<\/i><i><br \/>\n<\/i><i><br \/>\n<\/i><i>Fazer um lan\u00e7amento nacional inicialmente depende de muito investimento e muitas vezes se torna invi\u00e1vel, sendo assim o ideal \u00e9 ir conquistando seu espa\u00e7o aos poucos porque o tiro grande \u00e9 pesado.<\/i><i><br \/>\n<\/i><i><br \/>\n<\/i><i>Se nunca ningu\u00e9m ouviu falar daquele cara, somente com muita sorte em um trabalho com muito investimento, h\u00e1 alguma chance de ter sucesso.\u2019<\/i><\/span><\/strong><\/p><\/blockquote>\n<p><span style=\"font-weight: 400; font-family: arial, helvetica, sans-serif;\">Mas gente, vamos ser honestos, isso \u00e9 quase como tirar o pr\u00eamio da Mega-Sena, n\u00e9 mesmo? Somente com muita sorte!\u00a0<\/span><\/p>\n<p>Ah, pra voc\u00ea saber quem \u00e9 o Felipe Lebu, segue uma fotinha em almo\u00e7o com ele e os idealizadores da <a href=\"http:\/\/exponeja.com.br\">Exponeja<\/a>.<\/p>\n<figure id=\"attachment_481\" aria-describedby=\"caption-attachment-481\" style=\"width: 523px\" class=\"wp-caption aligncenter\"><img loading=\"lazy\" decoding=\"async\" class=\"wp-image-481\" title=\"Felipe Lebu profissional de divulga\u00e7\u00e3o em r\u00e1dios\" src=\"http:\/\/www.icomp.com.br\/camarim\/wp-content\/uploads\/2018\/06\/WhatsApp-Image-2018-06-22-at-17.56.55-1024x769.jpeg\" alt=\"Profissionais de Divulga\u00e7\u00e3o em R\u00e1dio para Artistas\" width=\"523\" height=\"393\" srcset=\"https:\/\/icomp.com.br\/camarim\/wp-content\/uploads\/2018\/06\/WhatsApp-Image-2018-06-22-at-17.56.55-1024x769.jpeg 1024w, https:\/\/icomp.com.br\/camarim\/wp-content\/uploads\/2018\/06\/WhatsApp-Image-2018-06-22-at-17.56.55-300x225.jpeg 300w, https:\/\/icomp.com.br\/camarim\/wp-content\/uploads\/2018\/06\/WhatsApp-Image-2018-06-22-at-17.56.55-768x577.jpeg 768w, https:\/\/icomp.com.br\/camarim\/wp-content\/uploads\/2018\/06\/WhatsApp-Image-2018-06-22-at-17.56.55-400x300.jpeg 400w, https:\/\/icomp.com.br\/camarim\/wp-content\/uploads\/2018\/06\/WhatsApp-Image-2018-06-22-at-17.56.55.jpeg 1080w\" sizes=\"auto, (max-width: 523px) 100vw, 523px\" \/><figcaption id=\"caption-attachment-481\" class=\"wp-caption-text\">Felipe Lebu, Rafa Macedo, Dhiego Bicudo e Gesoaldo Jr em reuni\u00e3o para a Exponeja<\/figcaption><\/figure>\n<h2><span style=\"font-size: 24pt; font-family: arial, helvetica, sans-serif;\"><b>Divulgador: Conhe\u00e7a especialistas com divulga\u00e7\u00e3o em r\u00e1dio<\/b><\/span><\/h2>\n<p><span style=\"font-family: arial, helvetica, sans-serif;\"><span style=\"font-weight: 400;\">\u00c9 importante voc\u00ea conhecer um profissional fundamental nesse processo de divulga\u00e7\u00e3o em r\u00e1dio. Essa pessoa, que ser\u00e1 seu colaborador, \u00e9 chamada de <\/span><b>Divulgador.<\/b><\/span><\/p>\n<p><span style=\"font-weight: 400; font-family: arial, helvetica, sans-serif;\">Divulgador \u00e9 um nome comum nesse meio e voc\u00ea vai, com certeza, ouvir com frequ\u00eancia, ent\u00e3o voc\u00ea deve se informar para conhecer quem s\u00e3o os divulgadores da sua regi\u00e3o. Aquele que tem melhor destaque e \u00e9 reconhecido pelo mercado como algu\u00e9m com diferencial em seu ramo de atua\u00e7\u00e3o. <\/span><\/p>\n<p><span style=\"font-weight: 400; font-family: arial, helvetica, sans-serif;\">E, a partir disso, essa busca deve se expandir para seu estado, regi\u00e3o e por todo o pa\u00eds. Isso poder\u00e1 acontecer, se voc\u00ea souber filtrar os divulgadores principais que poder\u00e3o agregar muitas chances para voc\u00ea. Desde que tenham uma experi\u00eancia grande, com anos de estrada e bom relacionamento nas r\u00e1dios.<\/span><\/p>\n<h2><span style=\"font-size: 24pt; font-family: arial, helvetica, sans-serif;\"><b>A experi\u00eancia de um grande Divulgador de R\u00e1dio do Paran\u00e1<\/b><\/span><\/h2>\n<p><span style=\"font-family: arial, helvetica, sans-serif;\"><span style=\"font-weight: 400;\">Se voc\u00ea pesquisar por Divulgadores em R\u00e1dios no Paran\u00e1, vai, sem d\u00favidas, vai encontrar e ouvir falar de <\/span><b>Gerson Munaretto*<\/b><span style=\"font-weight: 400;\">, pioneiro no r\u00e1dio, muito conhecido e forte dentro do estado. Do Cristiano Munhoz, do Baldo, da Regina, do Mineirinho e outros mais.<\/span><\/span><\/p>\n<p><span style=\"font-family: arial, helvetica, sans-serif;\"><span style=\"font-weight: 400;\">Assim como temos em S\u00e3o Paulo: Rodrigo Rener (<a href=\"https:\/\/www.instagram.com\/rodrigorener\/\" target=\"_blank\" rel=\"noopener noreferrer\">@rodrigorener<\/a>), Chileno (<a href=\"http:\/\/www.instagram.com\/chilemusic\" target=\"_blank\" rel=\"noopener noreferrer\">@chilemusic<\/a>), Edinho (<a href=\"https:\/\/www.instagram.com\/alpha_divulgacoes\/\" target=\"_blank\" rel=\"noopener noreferrer\">@alpha_divulgacoes<\/a>), <\/span><strong>Chico Pardal*<\/strong><span style=\"font-weight: 400;\">, Paulinho, Manezinho do Prado e o Ivan Cl\u00e1udio. <\/span><\/span><\/p>\n<p><span style=\"font-weight: 400; font-family: arial, helvetica, sans-serif;\">Em Minas Gerais, o Santo Trevisan (<a href=\"https:\/\/www.instagram.com\/santotrevisan\/\" target=\"_blank\" rel=\"noopener noreferrer\">@santotrevisan<\/a>), o Magal para o Mato Grosso, o Leandro (<a href=\"https:\/\/www.instagram.com\/leandrodivulgador\/\" target=\"_blank\" rel=\"noopener noreferrer\">@leandrodivulgador<\/a>) no Rio Grande do Sul e o Daniel (<a href=\"http:\/\/instagram.com\/danieldivulgadorsc\">@danieldivulgadorsc<\/a>) para Santa Catarina.<br \/>\n<\/span><\/p>\n<p><span style=\"font-weight: 400; font-family: arial, helvetica, sans-serif;\">Sobre eles, diz Felipe Lebu:<\/span><\/p>\n<blockquote><p><strong><span style=\"font-family: arial, helvetica, sans-serif;\">\u201cEsses caras* s\u00e3o \u00edcones do Brasil, s\u00e3o mitos, entendem tudo cada um na sua regi\u00e3o at\u00e9 mesmo porque os trabalhos s\u00e3o diferentes.<\/span><\/strong><\/p>\n<p><strong><span style=\"font-family: arial, helvetica, sans-serif;\">A atua\u00e7\u00e3o deles \u00e9 muito focada em trabalhos promocionais como CD e visitas de p\u00e9 na estrada, eles dependem exatamente desse trabalho desse relacionamento como forma de divulga\u00e7\u00e3o.\u201d<\/span><\/strong><\/p><\/blockquote>\n<h2>Como incluir suas m\u00fasicas nas r\u00e1dios do Brasil<\/h2>\n<p><span style=\"font-weight: 400; font-family: arial, helvetica, sans-serif;\">E por falar em bons divulgadores, \u00a0convidamos tamb\u00e9m o <a href=\"http:\/\/santotrevisan.com.br\/\" target=\"_blank\" rel=\"noopener noreferrer\">Santo Trevisan<\/a>, que atua nas regi\u00f5es de Minas, S\u00e3o Paulo e Santa Catarina com o planejamento de r\u00e1dio para todo o Brasil. Ele ir\u00e1 nos orientar sobre como incluir m\u00fasicas nas r\u00e1dios nacionais.<\/span><\/p>\n<figure id=\"attachment_479\" aria-describedby=\"caption-attachment-479\" style=\"width: 548px\" class=\"wp-caption aligncenter\"><img loading=\"lazy\" decoding=\"async\" class=\"wp-image-479\" title=\"Divulga\u00e7\u00e3o em R\u00e1dio para Artistas com Profissionais do Paran\u00e1\" src=\"http:\/\/www.icomp.com.br\/camarim\/wp-content\/uploads\/2018\/06\/santotrevisam-1024x576.jpg\" alt=\"Divulga\u00e7\u00e3o em R\u00e1dio para Artistas com Profissionais do Paran\u00e1\" width=\"548\" height=\"308\" srcset=\"https:\/\/icomp.com.br\/camarim\/wp-content\/uploads\/2018\/06\/santotrevisam-1024x576.jpg 1024w, https:\/\/icomp.com.br\/camarim\/wp-content\/uploads\/2018\/06\/santotrevisam-300x169.jpg 300w, https:\/\/icomp.com.br\/camarim\/wp-content\/uploads\/2018\/06\/santotrevisam-768x432.jpg 768w, https:\/\/icomp.com.br\/camarim\/wp-content\/uploads\/2018\/06\/santotrevisam-1536x864.jpg 1536w, https:\/\/icomp.com.br\/camarim\/wp-content\/uploads\/2018\/06\/santotrevisam-2048x1152.jpg 2048w, https:\/\/icomp.com.br\/camarim\/wp-content\/uploads\/2018\/06\/santotrevisam-533x300.jpg 533w\" sizes=\"auto, (max-width: 548px) 100vw, 548px\" \/><figcaption id=\"caption-attachment-479\" class=\"wp-caption-text\">Dhiego Bicudo da ICOMP, Polly Ferreira da Deezer Brasil e Santo Trevisan em visita \u00e0 Ag\u00eancia ICOMP.<\/figcaption><\/figure>\n<p><span style=\"font-weight: 400; font-family: arial, helvetica, sans-serif;\">De acordo com Santo Trevisan, para alcan\u00e7ar sucesso em r\u00e1dios voc\u00ea precisa: <\/span><\/p>\n<ol>\n<li style=\"font-weight: 400;\"><span style=\"font-weight: 400; font-family: arial, helvetica, sans-serif;\"><strong>Primeiro,<\/strong> voc\u00ea deve ter a m\u00fasica muito bem gravada com qualidade dentro de um padr\u00e3o de est\u00fadio. <\/span><\/li>\n<li style=\"font-weight: 400;\"><span style=\"font-weight: 400; font-family: arial, helvetica, sans-serif;\"><strong>Segundo,<\/strong> que a composi\u00e7\u00e3o seja realmente a sua verdade e n\u00e3o apenas uma m\u00fasica da moda, siga seus instintos siga uma hist\u00f3ria de seu trabalho. <\/span><\/li>\n<li style=\"font-weight: 400;\"><span style=\"font-weight: 400; font-family: arial, helvetica, sans-serif;\"><strong>Terceiro,<\/strong> voc\u00ea deve incluir a m\u00fasica no mercado e isso requer certa estrutura ou <a href=\"http:\/\/www.icomp.com.br\/camarim\/divulgar-musica\/\" target=\"_blank\" rel=\"noopener noreferrer\">ag\u00eancia de marketing<\/a>, direcionando a partir de reuni\u00f5es para que conhe\u00e7am voc\u00ea, conhe\u00e7am sua hist\u00f3ria e em comum acordo achem o caminho a seguir. <\/span><\/li>\n<\/ol>\n<p><span style=\"font-weight: 400; font-family: arial, helvetica, sans-serif;\">A r\u00e1dio hoje tem um alcance muito grande segundo a ABERT, esses s\u00e3o os n\u00fameros das pesquisas:<\/span><\/p>\n<blockquote><p><span style=\"color: #000000;\"><strong><span style=\"font-family: arial, helvetica, sans-serif;\"><i>O r\u00e1dio alcan\u00e7a 90% da popula\u00e7\u00e3o do Brasil, sendo que 70% dos pesquisados utilizam o meio como forma de entretenimento e 50% para ouvir not\u00edcias. Os dados est\u00e3o no levantamento realizado pelo Ibope Media.<\/i><\/span><\/strong><\/span><\/p>\n<p><span style=\"color: #000000;\"><strong><span style=\"font-family: arial, helvetica, sans-serif;\"><i>A pesquisa tamb\u00e9m apontou os h\u00e1bitos dos ouvintes. A m\u00fasica sertaneja \u00e9 a preferida da popula\u00e7\u00e3o com 50%, seguida pela MPB,\u00a0com 41%.<\/i><\/span><\/strong><\/span><\/p>\n<p><span style=\"color: #000000;\"><strong><span style=\"font-family: arial, helvetica, sans-serif;\"><i>De acordo com os n\u00fameros, o brasileiro ouve r\u00e1dio cerca de 3 horas e 50 minutos por dia e a maior audi\u00eancia \u00e9 \u00e0s 10h da manh\u00e3.<\/i><\/span><\/strong><\/span><\/p>\n<p><span style=\"color: #000000;\"><strong><span style=\"font-family: arial, helvetica, sans-serif;\"><i>50% dos pesquisados escutam r\u00e1dio em casa, 10% no carro e 5% no trabalho. A pesquisa mostrou os demais ve\u00edculos usados simultaneamente ao r\u00e1dio. A internet \u00e9 a mais usada pelos ouvintes, com 18%. J\u00e1 16% ouvem o r\u00e1dio assistindo televis\u00e3o, 13% lendo jornal e 12% lendo revistas.\u00a0<\/i><\/span><\/strong><\/span><\/p><\/blockquote>\n<p><span style=\"font-family: arial, helvetica, sans-serif;\"><span style=\"font-weight: 400;\">A partir do estudo <\/span><b>absolutamente exclusivo<\/b><span style=\"font-weight: 400;\"> para cada artista, e sempre com parceria de um mentor da carreira, tamb\u00e9m o respons\u00e1vel de r\u00e1dio e uma ag\u00eancia especializada em marketing digital. Voc\u00ea come\u00e7a a planejar qual regi\u00e3o quer atingir, qual regi\u00e3o \u00e9 a mais acess\u00edvel para poss\u00edveis shows e a partir da\u00ed contrata-se o profissional em comum acordo com o planejamento.<\/span><\/span><\/p>\n<p><span style=\"font-family: arial, helvetica, sans-serif;\"><span style=\"font-weight: 400;\">E segue uma linha de trabalho nas r\u00e1dios com <\/span><b>um divulgador<\/b><span style=\"font-weight: 400;\"> que deve ter um bom relacionamento nas r\u00e1dios, com real interesse no artista e acreditar na m\u00fasica que foi previamente planejada.<\/span><\/span><\/p>\n<p><span style=\"font-weight: 400; font-family: arial, helvetica, sans-serif;\">Normalmente, o divulgador faz as negocia\u00e7\u00f5es para promover a m\u00fasica na r\u00e1dio, caso aquela regi\u00e3o que foi planejada tem o interesse, ent\u00e3o \u00e9 feito a promo\u00e7\u00e3o com r\u00e1dio para ter maior execu\u00e7\u00e3o, mas isso n\u00e3o quer dizer que tenha que sempre ter um trato comercial.<\/span><\/p>\n<p><span style=\"font-weight: 400; font-family: arial, helvetica, sans-serif;\">A forma como \u00e9 apresentada todas as r\u00e1dios recebem as m\u00fasicas. Com o trabalho do divulgador \u00e9 maior acesso as r\u00e1dios, e com isso sua execu\u00e7\u00e3o. Neste, r\u00e1dio alguma deve ser esquecida a n\u00e3o ser que, n\u00e3o seja o perfil da musica ou do artista em quest\u00e3o.<\/span><\/p>\n<p><span style=\"font-weight: 400; font-family: arial, helvetica, sans-serif;\">Quando voc\u00ea coloca nas r\u00e1dios, m\u00eddias digitais, plataformas de streaming e profissionais com credibilidade a possibilidade de execu\u00e7\u00e3o e vendas s\u00e3o reais. <\/span><\/p>\n<p><span style=\"font-weight: 400; font-family: arial, helvetica, sans-serif;\">Nenhuma m\u00fasica est\u00e1 fora de ser executada. Tudo depende de como o trabalho ser\u00e1 feito.<\/span><\/p>\n<p><span style=\"font-weight: 400; font-family: arial, helvetica, sans-serif;\">O divulgador tem monitoramento online da m\u00fasica para cruzamento de dados e para informar ao gestor de carreira e a ag\u00eancia, coletando a melhor forma de impulsionar a divulga\u00e7\u00e3o e as vendas.<\/span><\/p>\n<h2><span style=\"font-family: arial, helvetica, sans-serif;\"><b>P\u00e9 na Estrada<\/b><\/span><\/h2>\n<p><span style=\"font-weight: 400; font-family: arial, helvetica, sans-serif;\">Com uma atua\u00e7\u00e3o regional forte, voc\u00ea vai perceber que essas conex\u00f5es com as r\u00e1dios s\u00e3o cruciais. O relacionamento com os divulgadores e com as r\u00e1dios permite manter um trabalho intenso de marketing art\u00edstico. Essa etapa \u00e9 conhecida como p\u00e9 na estrada.<\/span><\/p>\n<p><span style=\"font-weight: 400; font-family: arial, helvetica, sans-serif;\">Voc\u00ea ainda vai ouvir falar muito desse p\u00e9 na estrada e vai poder colocar isso no seu planejamento, trabalhando um p\u00e9 na estrada a\u00ed na sua regi\u00e3o.\u00a0<span style=\"font-family: arial, helvetica, sans-serif;\"><span style=\"font-weight: 400;\">?<\/span><\/span><\/span><\/p>\n<p><span style=\"font-weight: 400; font-family: arial, helvetica, sans-serif;\">Essa a\u00e7\u00e3o com os divulgadores consiste em:<\/span><\/p>\n<ul>\n<li style=\"font-weight: 400;\"><strong><span style=\"font-family: arial, helvetica, sans-serif;\">visitas nas r\u00e1dios;<\/span><\/strong><\/li>\n<li style=\"font-weight: 400;\"><strong><span style=\"font-family: arial, helvetica, sans-serif;\">participa\u00e7\u00e3o em programas das emissoras;<\/span><\/strong><\/li>\n<li style=\"font-weight: 400;\"><strong><span style=\"font-family: arial, helvetica, sans-serif;\">fotos e v\u00eddeos que n\u00e3o podem faltar por l\u00e1 para uso nas m\u00eddias sociais;<\/span><\/strong><\/li>\n<li style=\"font-weight: 400;\"><strong><span style=\"font-family: arial, helvetica, sans-serif;\">entrega de materiais promocionais e brindes para os ouvintes;<\/span><\/strong><\/li>\n<li style=\"font-weight: 400;\"><strong><span style=\"font-family: arial, helvetica, sans-serif;\">ter maior retorno de visibilidade.<\/span><\/strong><\/li>\n<\/ul>\n<p><span style=\"font-family: arial, helvetica, sans-serif;\"><span style=\"font-weight: 400;\">Assim, sem perceber, sua experi\u00eancia se amplia e ser\u00e1 a base para voos mais altos e ambiciosos! <\/span><span style=\"font-weight: 400;\">?<\/span><\/span><\/p>\n<h2><span style=\"font-family: arial, helvetica, sans-serif;\"><b>Definindo a sua atua\u00e7\u00e3o<\/b><\/span><\/h2>\n<p><span style=\"font-weight: 400; font-family: arial, helvetica, sans-serif;\">Identifique as r\u00e1dios de sua cidade e regi\u00e3o num raio de 80 a 150 km. Se informe sobre as r\u00e1dios no seu estado e fa\u00e7a pesquisas sobre:<\/span><\/p>\n<ul>\n<li style=\"font-weight: 400;\"><strong><span style=\"font-family: arial, helvetica, sans-serif;\">como funcionam;<\/span><\/strong><\/li>\n<li style=\"font-weight: 400;\"><strong><span style=\"font-family: arial, helvetica, sans-serif;\">como \u00e9 a programa\u00e7\u00e3o;<\/span><\/strong><\/li>\n<li style=\"font-weight: 400;\"><strong><span style=\"font-family: arial, helvetica, sans-serif;\">conhe\u00e7a suas audi\u00eancias;<\/span><\/strong><\/li>\n<li style=\"font-weight: 400;\"><strong><span style=\"font-family: arial, helvetica, sans-serif;\">de que forma trabalham a divulga\u00e7\u00e3o dos trabalhos.<\/span><\/strong><\/li>\n<\/ul>\n<p><span style=\"font-weight: 400; font-family: arial, helvetica, sans-serif;\">Acesse suas m\u00eddias sociais para que voc\u00ea possa coletar um pouquinho desses dados e conhecer com mais profundidade sobre essas emissoras e poder tra\u00e7ar suas estrat\u00e9gias de a\u00e7\u00e3o.<\/span><\/p>\n<h2><span style=\"font-family: arial, helvetica, sans-serif;\"><b>Abrindo as portas da Divulga\u00e7\u00e3o em R\u00e1dio<\/b><\/span><\/h2>\n<p><span style=\"font-weight: 400; font-family: arial, helvetica, sans-serif;\">Ao fazer seu dever de casa para chegar \u00e0s r\u00e1dios, voc\u00ea contribui para algumas conquistas, claro, mas com o trabalho j\u00e1 em andamento, em desenvolvimento dentro das m\u00eddias sociais.<\/span><\/p>\n<p><span style=\"font-weight: 400; font-family: arial, helvetica, sans-serif;\">Isso \u00e9 muito importante para chegar com o hist\u00f3rico j\u00e1 bem trabalhado:<\/span><\/p>\n<ul>\n<li style=\"font-weight: 400;\"><strong><span style=\"font-family: arial, helvetica, sans-serif;\">release do projeto e da carreira;<\/span><\/strong><\/li>\n<li style=\"font-weight: 400;\"><strong><span style=\"font-family: arial, helvetica, sans-serif;\">divulga\u00e7\u00e3o nas m\u00eddias sociais;<\/span><\/strong><\/li>\n<li style=\"font-weight: 400;\"><strong><span style=\"font-family: arial, helvetica, sans-serif;\">fotos e v\u00eddeos de divulga\u00e7\u00e3o;<\/span><\/strong><\/li>\n<li style=\"font-weight: 400;\"><strong><span style=\"font-family: arial, helvetica, sans-serif;\">materiais promocionais;<\/span><\/strong><\/li>\n<li style=\"font-weight: 400;\"><strong><span style=\"font-family: arial, helvetica, sans-serif;\">site oficial;<\/span><\/strong><\/li>\n<\/ul>\n<p><span style=\"font-weight: 400; font-family: arial, helvetica, sans-serif;\">Tudo bem caprichado, combinado? <\/span><\/p>\n<p><span style=\"font-weight: 400; font-family: arial, helvetica, sans-serif;\">Isso \u00e9 importante para abrir portas e mostrar que tem como comprovar tudo na realidade e que sua carreira n\u00e3o \u00e9 somente uma ideia e vontade. Mas tem muito trabalho por tr\u00e1s.<\/span><\/p>\n<p><span style=\"font-weight: 400; font-family: arial, helvetica, sans-serif;\">Sobre isso, Felipe Lebu ainda orienta: <\/span><\/p>\n<blockquote><p><strong><span style=\"font-family: arial, helvetica, sans-serif;\">\u201cPense sempre que tocar nas r\u00e1dios n\u00e3o traz retornos imediatos, pois, para isso, \u00e9 necess\u00e1rio um alto investimento por parte das emissoras e n\u00e3o \u00e9 comum que isso ocorra.<\/span><\/strong><\/p>\n<p><strong><span style=\"font-family: arial, helvetica, sans-serif;\">Isso ocorrer\u00e1 aos poucos e estar\u00e1 relacionado a aceita\u00e7\u00e3o de seu trabalho pelo mercado, que caso ocorra a\u00ed sim seu produto passa a ser sucesso e se tornar\u00e1 atrativo como investimento \u00e0s r\u00e1dios.<\/span><\/strong><\/p>\n<p><strong><span style=\"font-family: arial, helvetica, sans-serif;\">Este \u00e9 o ponto onde o artista \u00e9 chamado para participar em eventos das r\u00e1dios como projetos de shows comemorativos, promo\u00e7\u00f5es etc.\u201d<\/span><\/strong><\/p><\/blockquote>\n<h2><span style=\"font-family: arial, helvetica, sans-serif;\"><b>Construindo seu plano de carreira<\/b><\/span><\/h2>\n<p><span style=\"font-weight: 400; font-family: arial, helvetica, sans-serif;\">Como em qualquer coisa na vida o planejamento \u00e9 fundamental para ter uma possibilidade maior de sucesso, ent\u00e3o na m\u00fasica funciona da mesma maneira.<\/span><\/p>\n<p><span style=\"font-weight: 400; font-family: arial, helvetica, sans-serif;\">Planejar detalhadamente \u00e9 importante, prevendo as etapas e os resultados esperados. Isso faz com que o projeto possa ser realizado de forma correta e at\u00e9 ajustado, se necess\u00e1rio.<\/span><\/p>\n<p><span style=\"font-family: arial, helvetica, sans-serif;\"><span style=\"font-weight: 400;\">Ao construir um plano, voc\u00ea vai perceber, em alguns escrit\u00f3rios um pouco mais estruturados, que existem profissionais de <\/span><b>relacionamento com r\u00e1dios<\/b><span style=\"font-weight: 400;\">. S\u00e3o aquelas pessoas que possuem experi\u00eancia dentro do r\u00e1dio e foram contratados diretamente pelos escrit\u00f3rios art\u00edsticos. Olho nelas, t\u00e1 certo? <\/span><span style=\"font-weight: 400;\">?<\/span><\/span><\/p>\n<h2><span style=\"font-family: arial, helvetica, sans-serif;\"><b>Opini\u00e3o final de Felipe Lebu<\/b><\/span><\/h2>\n<p><span style=\"font-weight: 400; font-family: arial, helvetica, sans-serif;\">Conforme diz nosso convidado Felipe Lebu, n\u00e3o h\u00e1 como agregar em nada na carreira se n\u00e3o seguir essas dicas relativas ao r\u00e1dio.<\/span><\/p>\n<p><span style=\"font-weight: 400; font-family: arial, helvetica, sans-serif;\">Caso voc\u00ea n\u00e3o as siga e leve tudo que falamos com seriedade estar\u00e1 muito sujeito a simplesmente se tornar mais um cantor ou dupla de tr\u00eas meses de contrato, gastando muita grana e sumindo por falta de investimento nas r\u00e1dios.<\/span><\/p>\n<p><span style=\"font-weight: 400; font-family: arial, helvetica, sans-serif;\">As r\u00e1dios fecham normalmente um acordo de tr\u00eas meses. Ent\u00e3o, \u00e9 importante voc\u00ea ter essa informa\u00e7\u00e3o, e a\u00ed, se n\u00e3o tem solidez em sua estrat\u00e9gia de sucesso e abordagem, essa continuidade se torna um contrato de 90 dias. J\u00e1 viu, n\u00e9? A\u00ed retira os pedidos e n\u00e3o acontece mais nada.<\/span><\/p>\n<p><span style=\"font-weight: 400; font-family: arial, helvetica, sans-serif;\">N\u00e3o seja esse tipo de artista!<\/span><\/p>\n<h2><span style=\"font-family: arial, helvetica, sans-serif;\"><b>Uma ajudinha da ICOMP no R\u00e1dio <\/b><\/span><\/h2>\n<p><span style=\"font-family: arial, helvetica, sans-serif;\"><span style=\"font-weight: 400;\">Buscando novos caminhos e alternativas para o relacionamento entre cantores, duplas e bandas com as r\u00e1dios, eu estou lan\u00e7ando um projeto para facilitar essa divulga\u00e7\u00e3o. A minha ag\u00eancia n\u00e3o trabalha com divulga\u00e7\u00e3o diretamente no r\u00e1dio e sim com foco em marketing para artistas, mas h\u00e1 novidade por a\u00ed. O projeto <\/span><strong><a href=\"https:\/\/conteudo.icomp.com.br\/noradio\">NoR\u00e1dio<\/a><\/strong><span style=\"font-weight: 400;\"> vai organizar, planejar e lan\u00e7ar campanhas de artistas nas m\u00eddias sociais das principais r\u00e1dios nacionais. Para o artista, o projeto ajuda a \u00a0conquistar novos f\u00e3s e ampliar a divulga\u00e7\u00e3o da m\u00fasica nas principais r\u00e1dios. J\u00e1 para as r\u00e1dios, promove o aumento do faturamento e da relev\u00e2ncia da r\u00e1dio com suas m\u00eddias sociais e site. Para ficar sabendo em primeira m\u00e3o, <\/span><a href=\"https:\/\/conteudo.icomp.com.br\/noradio\"><span style=\"font-weight: 400;\">registre seu interesse<\/span><\/a><span style=\"font-weight: 400;\"> em participar conosco desse projeto. <\/span><\/span><\/p>\n<h2><span style=\"font-family: arial, helvetica, sans-serif;\"><b>E a\u00ed, <\/b><b>gostou<\/b><b>?<\/b><\/span><\/h2>\n<p><span style=\"font-weight: 400; font-family: arial, helvetica, sans-serif;\">Espero ter contribu\u00eddo para seu conhecimento e a\u00e7\u00f5es a adotar para melhorar sua atua\u00e7\u00e3o na \u00a0divulga\u00e7\u00e3o em r\u00e1dio. <\/span><\/p>\n<p><span style=\"font-family: arial, helvetica, sans-serif;\"><span style=\"font-weight: 400;\">Pense sempre em se fortalecer regionalmente para ter uma base forte nacional. Se precisar de uma ajuda e mais dicas para sua carreira art\u00edstica, <\/span><span style=\"font-weight: 400;\">agende uma consultoria gr\u00e1tis comigo aqui. <\/span><\/span><\/p>\n<p><a href=\"http:\/\/conteudo.icomp.com.br\/consultoria\"><img loading=\"lazy\" decoding=\"async\" class=\"aligncenter wp-image-303\" title=\"Pedir or\u00e7amento para divulgar em r\u00e1dio\" src=\"http:\/\/www.icomp.com.br\/camarim\/wp-content\/uploads\/2018\/01\/pedirorcamentoamarelo.jpg\" alt=\"Pedir or\u00e7amento para divulgar em r\u00e1dio\" width=\"338\" height=\"77\" srcset=\"https:\/\/icomp.com.br\/camarim\/wp-content\/uploads\/2018\/01\/pedirorcamentoamarelo.jpg 589w, https:\/\/icomp.com.br\/camarim\/wp-content\/uploads\/2018\/01\/pedirorcamentoamarelo-300x68.jpg 300w\" sizes=\"auto, (max-width: 338px) 100vw, 338px\" \/><\/a><\/p>\n<p>&nbsp;<\/p>\n","protected":false},"excerpt":{"rendered":"<p>E a\u00ed cantor, sintonizado?\u00a0?\u00a0 Divulga\u00e7\u00e3o em r\u00e1dio \u00e9 um tema que os cantores, duplas e bandas sempre me perguntam, mas que depois do meu \u00faltimo conte\u00fado, que foi mais introdut\u00f3rio, decidi aprofundar o assunto. O texto \u00e9 um pouco longo, mas vale a pena porque voc\u00ea n\u00e3o ver\u00e1 essas dicas circulando pela internet.\u00a0 Bem, como [&hellip;]<\/p>\n","protected":false},"author":10,"featured_media":483,"comment_status":"closed","ping_status":"closed","sticky":false,"template":"","format":"image","meta":{"ocean_post_layout":"","ocean_both_sidebars_style":"","ocean_both_sidebars_content_width":0,"ocean_both_sidebars_sidebars_width":0,"ocean_sidebar":"","ocean_second_sidebar":"","ocean_disable_margins":"enable","ocean_add_body_class":"","ocean_shortcode_before_top_bar":"","ocean_shortcode_after_top_bar":"","ocean_shortcode_before_header":"","ocean_shortcode_after_header":"","ocean_has_shortcode":"","ocean_shortcode_after_title":"","ocean_shortcode_before_footer_widgets":"","ocean_shortcode_after_footer_widgets":"","ocean_shortcode_before_footer_bottom":"","ocean_shortcode_after_footer_bottom":"","ocean_display_top_bar":"default","ocean_display_header":"default","ocean_header_style":"","ocean_center_header_left_menu":"","ocean_custom_header_template":"","ocean_custom_logo":0,"ocean_custom_retina_logo":0,"ocean_custom_logo_max_width":0,"ocean_custom_logo_tablet_max_width":0,"ocean_custom_logo_mobile_max_width":0,"ocean_custom_logo_max_height":0,"ocean_custom_logo_tablet_max_height":0,"ocean_custom_logo_mobile_max_height":0,"ocean_header_custom_menu":"","ocean_menu_typo_font_family":"","ocean_menu_typo_font_subset":"","ocean_menu_typo_font_size":0,"ocean_menu_typo_font_size_tablet":0,"ocean_menu_typo_font_size_mobile":0,"ocean_menu_typo_font_size_unit":"px","ocean_menu_typo_font_weight":"","ocean_menu_typo_font_weight_tablet":"","ocean_menu_typo_font_weight_mobile":"","ocean_menu_typo_transform":"","ocean_menu_typo_transform_tablet":"","ocean_menu_typo_transform_mobile":"","ocean_menu_typo_line_height":0,"ocean_menu_typo_line_height_tablet":0,"ocean_menu_typo_line_height_mobile":0,"ocean_menu_typo_line_height_unit":"","ocean_menu_typo_spacing":0,"ocean_menu_typo_spacing_tablet":0,"ocean_menu_typo_spacing_mobile":0,"ocean_menu_typo_spacing_unit":"","ocean_menu_link_color":"","ocean_menu_link_color_hover":"","ocean_menu_link_color_active":"","ocean_menu_link_background":"","ocean_menu_link_hover_background":"","ocean_menu_link_active_background":"","ocean_menu_social_links_bg":"","ocean_menu_social_hover_links_bg":"","ocean_menu_social_links_color":"","ocean_menu_social_hover_links_color":"","ocean_disable_title":"default","ocean_disable_heading":"default","ocean_post_title":"","ocean_post_subheading":"","ocean_post_title_style":"","ocean_post_title_background_color":"","ocean_post_title_background":0,"ocean_post_title_bg_image_position":"","ocean_post_title_bg_image_attachment":"","ocean_post_title_bg_image_repeat":"","ocean_post_title_bg_image_size":"","ocean_post_title_height":0,"ocean_post_title_bg_overlay":0.5,"ocean_post_title_bg_overlay_color":"","ocean_disable_breadcrumbs":"default","ocean_breadcrumbs_color":"","ocean_breadcrumbs_separator_color":"","ocean_breadcrumbs_links_color":"","ocean_breadcrumbs_links_hover_color":"","ocean_display_footer_widgets":"default","ocean_display_footer_bottom":"default","ocean_custom_footer_template":"","ocean_post_oembed":"","ocean_post_self_hosted_media":"","ocean_post_video_embed":"","ocean_link_format":"","ocean_link_format_target":"self","ocean_quote_format":"","ocean_quote_format_link":"post","ocean_gallery_link_images":"on","ocean_gallery_id":[],"footnotes":""},"categories":[111],"tags":[],"class_list":["post-478","post","type-post","status-publish","format-image","has-post-thumbnail","hentry","category-plataformas-de-musica","post_format-post-format-image","entry","has-media"],"yoast_head":"<!-- This site is optimized with the Yoast SEO plugin v27.4 - https:\/\/yoast.com\/product\/yoast-seo-wordpress\/ -->\n<title>Divulga\u00e7\u00e3o em R\u00e1dio para Artistas: como e quando fazer?<\/title>\n<meta name=\"description\" content=\"Aprenda nesse artigo sobre divulga\u00e7\u00e3o em r\u00e1dio para artistas com dicas de divulgadores experientes no mercado nacional.\" \/>\n<meta name=\"robots\" content=\"index, follow, max-snippet:-1, max-image-preview:large, max-video-preview:-1\" \/>\n<link rel=\"canonical\" href=\"https:\/\/icomp.com.br\/camarim\/divulgacao-em-radio\/\" \/>\n<meta property=\"og:locale\" content=\"pt_BR\" \/>\n<meta property=\"og:type\" content=\"article\" \/>\n<meta property=\"og:title\" content=\"Divulga\u00e7\u00e3o em R\u00e1dio para Artistas: como e quando fazer?\" \/>\n<meta property=\"og:description\" content=\"Aprenda nesse artigo sobre divulga\u00e7\u00e3o em r\u00e1dio para artistas com dicas de divulgadores experientes no mercado nacional.\" \/>\n<meta property=\"og:url\" content=\"https:\/\/icomp.com.br\/camarim\/divulgacao-em-radio\/\" \/>\n<meta property=\"og:site_name\" content=\"Marketing Musical com Dhiego Bicudo\" \/>\n<meta property=\"article:publisher\" content=\"https:\/\/www.facebook.com\/agenciaicomp\" \/>\n<meta property=\"article:published_time\" content=\"2023-06-25T13:38:36+00:00\" \/>\n<meta property=\"article:modified_time\" content=\"2025-01-24T19:55:12+00:00\" \/>\n<meta property=\"og:image\" content=\"https:\/\/icomp.com.br\/camarim\/wp-content\/uploads\/2018\/06\/divulgacaodemusicaemradios.png\" \/>\n\t<meta property=\"og:image:width\" content=\"1600\" \/>\n\t<meta property=\"og:image:height\" content=\"900\" \/>\n\t<meta property=\"og:image:type\" content=\"image\/png\" \/>\n<meta name=\"author\" content=\"Dhiego Bicudo\" \/>\n<meta name=\"twitter:card\" content=\"summary_large_image\" \/>\n<meta name=\"twitter:label1\" content=\"Escrito por\" \/>\n\t<meta name=\"twitter:data1\" content=\"Dhiego Bicudo\" \/>\n\t<meta name=\"twitter:label2\" content=\"Est. tempo de leitura\" \/>\n\t<meta name=\"twitter:data2\" content=\"13 minutos\" \/>\n<script type=\"application\/ld+json\" class=\"yoast-schema-graph\">{\"@context\":\"https:\\\/\\\/schema.org\",\"@graph\":[{\"@type\":\"Article\",\"@id\":\"https:\\\/\\\/icomp.com.br\\\/camarim\\\/divulgacao-em-radio\\\/#article\",\"isPartOf\":{\"@id\":\"https:\\\/\\\/icomp.com.br\\\/camarim\\\/divulgacao-em-radio\\\/\"},\"author\":{\"name\":\"Dhiego Bicudo\",\"@id\":\"https:\\\/\\\/icomp.com.br\\\/camarim\\\/#\\\/schema\\\/person\\\/d10a1b1471cde95c3738b4de07287002\"},\"headline\":\"Divulga\u00e7\u00e3o em r\u00e1dio para artistas: como e quando fazer?\",\"datePublished\":\"2023-06-25T13:38:36+00:00\",\"dateModified\":\"2025-01-24T19:55:12+00:00\",\"mainEntityOfPage\":{\"@id\":\"https:\\\/\\\/icomp.com.br\\\/camarim\\\/divulgacao-em-radio\\\/\"},\"wordCount\":2571,\"publisher\":{\"@id\":\"https:\\\/\\\/icomp.com.br\\\/camarim\\\/#organization\"},\"image\":{\"@id\":\"https:\\\/\\\/icomp.com.br\\\/camarim\\\/divulgacao-em-radio\\\/#primaryimage\"},\"thumbnailUrl\":\"https:\\\/\\\/icomp.com.br\\\/camarim\\\/wp-content\\\/uploads\\\/2018\\\/06\\\/divulgacaodemusicaemradios.png\",\"articleSection\":[\"Plataformas de M\u00fasica e R\u00e1dios\"],\"inLanguage\":\"pt-BR\"},{\"@type\":\"WebPage\",\"@id\":\"https:\\\/\\\/icomp.com.br\\\/camarim\\\/divulgacao-em-radio\\\/\",\"url\":\"https:\\\/\\\/icomp.com.br\\\/camarim\\\/divulgacao-em-radio\\\/\",\"name\":\"Divulga\u00e7\u00e3o em R\u00e1dio para Artistas: como e quando fazer?\",\"isPartOf\":{\"@id\":\"https:\\\/\\\/icomp.com.br\\\/camarim\\\/#website\"},\"primaryImageOfPage\":{\"@id\":\"https:\\\/\\\/icomp.com.br\\\/camarim\\\/divulgacao-em-radio\\\/#primaryimage\"},\"image\":{\"@id\":\"https:\\\/\\\/icomp.com.br\\\/camarim\\\/divulgacao-em-radio\\\/#primaryimage\"},\"thumbnailUrl\":\"https:\\\/\\\/icomp.com.br\\\/camarim\\\/wp-content\\\/uploads\\\/2018\\\/06\\\/divulgacaodemusicaemradios.png\",\"datePublished\":\"2023-06-25T13:38:36+00:00\",\"dateModified\":\"2025-01-24T19:55:12+00:00\",\"description\":\"Aprenda nesse artigo sobre divulga\u00e7\u00e3o em r\u00e1dio para artistas com dicas de divulgadores experientes no mercado nacional.\",\"breadcrumb\":{\"@id\":\"https:\\\/\\\/icomp.com.br\\\/camarim\\\/divulgacao-em-radio\\\/#breadcrumb\"},\"inLanguage\":\"pt-BR\",\"potentialAction\":[{\"@type\":\"ReadAction\",\"target\":[\"https:\\\/\\\/icomp.com.br\\\/camarim\\\/divulgacao-em-radio\\\/\"]}]},{\"@type\":\"ImageObject\",\"inLanguage\":\"pt-BR\",\"@id\":\"https:\\\/\\\/icomp.com.br\\\/camarim\\\/divulgacao-em-radio\\\/#primaryimage\",\"url\":\"https:\\\/\\\/icomp.com.br\\\/camarim\\\/wp-content\\\/uploads\\\/2018\\\/06\\\/divulgacaodemusicaemradios.png\",\"contentUrl\":\"https:\\\/\\\/icomp.com.br\\\/camarim\\\/wp-content\\\/uploads\\\/2018\\\/06\\\/divulgacaodemusicaemradios.png\",\"width\":1600,\"height\":900},{\"@type\":\"BreadcrumbList\",\"@id\":\"https:\\\/\\\/icomp.com.br\\\/camarim\\\/divulgacao-em-radio\\\/#breadcrumb\",\"itemListElement\":[{\"@type\":\"ListItem\",\"position\":1,\"name\":\"Home\",\"item\":\"https:\\\/\\\/icomp.com.br\\\/camarim\\\/\"},{\"@type\":\"ListItem\",\"position\":2,\"name\":\"Divulga\u00e7\u00e3o em r\u00e1dio para artistas: como e quando fazer?\"}]},{\"@type\":\"WebSite\",\"@id\":\"https:\\\/\\\/icomp.com.br\\\/camarim\\\/#website\",\"url\":\"https:\\\/\\\/icomp.com.br\\\/camarim\\\/\",\"name\":\"Marketing Musical com Dhiego Bicudo\",\"description\":\"Conhe\u00e7a as estrat\u00e9gias no marketing musical que uso na Ag\u00eancia ICOMP para transformar cantores, duplas e bandas em artistas reconhecidos\",\"publisher\":{\"@id\":\"https:\\\/\\\/icomp.com.br\\\/camarim\\\/#organization\"},\"potentialAction\":[{\"@type\":\"SearchAction\",\"target\":{\"@type\":\"EntryPoint\",\"urlTemplate\":\"https:\\\/\\\/icomp.com.br\\\/camarim\\\/?s={search_term_string}\"},\"query-input\":{\"@type\":\"PropertyValueSpecification\",\"valueRequired\":true,\"valueName\":\"search_term_string\"}}],\"inLanguage\":\"pt-BR\"},{\"@type\":\"Organization\",\"@id\":\"https:\\\/\\\/icomp.com.br\\\/camarim\\\/#organization\",\"name\":\"Marketing Musical com Dhiego Bicudo\",\"url\":\"https:\\\/\\\/icomp.com.br\\\/camarim\\\/\",\"logo\":{\"@type\":\"ImageObject\",\"inLanguage\":\"pt-BR\",\"@id\":\"https:\\\/\\\/icomp.com.br\\\/camarim\\\/#\\\/schema\\\/logo\\\/image\\\/\",\"url\":\"https:\\\/\\\/icomp.com.br\\\/camarim\\\/wp-content\\\/uploads\\\/2017\\\/10\\\/cropped-icone.png\",\"contentUrl\":\"https:\\\/\\\/icomp.com.br\\\/camarim\\\/wp-content\\\/uploads\\\/2017\\\/10\\\/cropped-icone.png\",\"width\":512,\"height\":512,\"caption\":\"Marketing Musical com Dhiego Bicudo\"},\"image\":{\"@id\":\"https:\\\/\\\/icomp.com.br\\\/camarim\\\/#\\\/schema\\\/logo\\\/image\\\/\"},\"sameAs\":[\"https:\\\/\\\/www.facebook.com\\\/agenciaicomp\",\"https:\\\/\\\/www.instagram.com\\\/dhiegobicudo\",\"https:\\\/\\\/www.linkedin.com\\\/in\\\/dhiegobicudo\",\"https:\\\/\\\/www.youtube.com\\\/@TrilhadoCantor\"]},{\"@type\":\"Person\",\"@id\":\"https:\\\/\\\/icomp.com.br\\\/camarim\\\/#\\\/schema\\\/person\\\/d10a1b1471cde95c3738b4de07287002\",\"name\":\"Dhiego Bicudo\",\"image\":{\"@type\":\"ImageObject\",\"inLanguage\":\"pt-BR\",\"@id\":\"https:\\\/\\\/secure.gravatar.com\\\/avatar\\\/199e5081b46939e9add8e7fc06e802eb2f43ff99423ca0ef09d71f21882a5c49?s=96&d=mm&r=g\",\"url\":\"https:\\\/\\\/secure.gravatar.com\\\/avatar\\\/199e5081b46939e9add8e7fc06e802eb2f43ff99423ca0ef09d71f21882a5c49?s=96&d=mm&r=g\",\"contentUrl\":\"https:\\\/\\\/secure.gravatar.com\\\/avatar\\\/199e5081b46939e9add8e7fc06e802eb2f43ff99423ca0ef09d71f21882a5c49?s=96&d=mm&r=g\",\"caption\":\"Dhiego Bicudo\"},\"description\":\"possui muita experi\u00eancia em estrat\u00e9gias de marketing musical para cantores, duplas e bandas na Ag\u00eancia ICOMP\",\"url\":\"https:\\\/\\\/icomp.com.br\\\/camarim\\\/author\\\/d2ecf63ba8a1943f\\\/\"}]}<\/script>\n<!-- \/ Yoast SEO plugin. -->","yoast_head_json":{"title":"Divulga\u00e7\u00e3o em R\u00e1dio para Artistas: como e quando fazer?","description":"Aprenda nesse artigo sobre divulga\u00e7\u00e3o em r\u00e1dio para artistas com dicas de divulgadores experientes no mercado nacional.","robots":{"index":"index","follow":"follow","max-snippet":"max-snippet:-1","max-image-preview":"max-image-preview:large","max-video-preview":"max-video-preview:-1"},"canonical":"https:\/\/icomp.com.br\/camarim\/divulgacao-em-radio\/","og_locale":"pt_BR","og_type":"article","og_title":"Divulga\u00e7\u00e3o em R\u00e1dio para Artistas: como e quando fazer?","og_description":"Aprenda nesse artigo sobre divulga\u00e7\u00e3o em r\u00e1dio para artistas com dicas de divulgadores experientes no mercado nacional.","og_url":"https:\/\/icomp.com.br\/camarim\/divulgacao-em-radio\/","og_site_name":"Marketing Musical com Dhiego Bicudo","article_publisher":"https:\/\/www.facebook.com\/agenciaicomp","article_published_time":"2023-06-25T13:38:36+00:00","article_modified_time":"2025-01-24T19:55:12+00:00","og_image":[{"width":1600,"height":900,"url":"https:\/\/icomp.com.br\/camarim\/wp-content\/uploads\/2018\/06\/divulgacaodemusicaemradios.png","type":"image\/png"}],"author":"Dhiego Bicudo","twitter_card":"summary_large_image","twitter_misc":{"Escrito por":"Dhiego Bicudo","Est. tempo de leitura":"13 minutos"},"schema":{"@context":"https:\/\/schema.org","@graph":[{"@type":"Article","@id":"https:\/\/icomp.com.br\/camarim\/divulgacao-em-radio\/#article","isPartOf":{"@id":"https:\/\/icomp.com.br\/camarim\/divulgacao-em-radio\/"},"author":{"name":"Dhiego Bicudo","@id":"https:\/\/icomp.com.br\/camarim\/#\/schema\/person\/d10a1b1471cde95c3738b4de07287002"},"headline":"Divulga\u00e7\u00e3o em r\u00e1dio para artistas: como e quando fazer?","datePublished":"2023-06-25T13:38:36+00:00","dateModified":"2025-01-24T19:55:12+00:00","mainEntityOfPage":{"@id":"https:\/\/icomp.com.br\/camarim\/divulgacao-em-radio\/"},"wordCount":2571,"publisher":{"@id":"https:\/\/icomp.com.br\/camarim\/#organization"},"image":{"@id":"https:\/\/icomp.com.br\/camarim\/divulgacao-em-radio\/#primaryimage"},"thumbnailUrl":"https:\/\/icomp.com.br\/camarim\/wp-content\/uploads\/2018\/06\/divulgacaodemusicaemradios.png","articleSection":["Plataformas de M\u00fasica e R\u00e1dios"],"inLanguage":"pt-BR"},{"@type":"WebPage","@id":"https:\/\/icomp.com.br\/camarim\/divulgacao-em-radio\/","url":"https:\/\/icomp.com.br\/camarim\/divulgacao-em-radio\/","name":"Divulga\u00e7\u00e3o em R\u00e1dio para Artistas: como e quando fazer?","isPartOf":{"@id":"https:\/\/icomp.com.br\/camarim\/#website"},"primaryImageOfPage":{"@id":"https:\/\/icomp.com.br\/camarim\/divulgacao-em-radio\/#primaryimage"},"image":{"@id":"https:\/\/icomp.com.br\/camarim\/divulgacao-em-radio\/#primaryimage"},"thumbnailUrl":"https:\/\/icomp.com.br\/camarim\/wp-content\/uploads\/2018\/06\/divulgacaodemusicaemradios.png","datePublished":"2023-06-25T13:38:36+00:00","dateModified":"2025-01-24T19:55:12+00:00","description":"Aprenda nesse artigo sobre divulga\u00e7\u00e3o em r\u00e1dio para artistas com dicas de divulgadores experientes no mercado nacional.","breadcrumb":{"@id":"https:\/\/icomp.com.br\/camarim\/divulgacao-em-radio\/#breadcrumb"},"inLanguage":"pt-BR","potentialAction":[{"@type":"ReadAction","target":["https:\/\/icomp.com.br\/camarim\/divulgacao-em-radio\/"]}]},{"@type":"ImageObject","inLanguage":"pt-BR","@id":"https:\/\/icomp.com.br\/camarim\/divulgacao-em-radio\/#primaryimage","url":"https:\/\/icomp.com.br\/camarim\/wp-content\/uploads\/2018\/06\/divulgacaodemusicaemradios.png","contentUrl":"https:\/\/icomp.com.br\/camarim\/wp-content\/uploads\/2018\/06\/divulgacaodemusicaemradios.png","width":1600,"height":900},{"@type":"BreadcrumbList","@id":"https:\/\/icomp.com.br\/camarim\/divulgacao-em-radio\/#breadcrumb","itemListElement":[{"@type":"ListItem","position":1,"name":"Home","item":"https:\/\/icomp.com.br\/camarim\/"},{"@type":"ListItem","position":2,"name":"Divulga\u00e7\u00e3o em r\u00e1dio para artistas: como e quando fazer?"}]},{"@type":"WebSite","@id":"https:\/\/icomp.com.br\/camarim\/#website","url":"https:\/\/icomp.com.br\/camarim\/","name":"Marketing Musical com Dhiego Bicudo","description":"Conhe\u00e7a as estrat\u00e9gias no marketing musical que uso na Ag\u00eancia ICOMP para transformar cantores, duplas e bandas em artistas reconhecidos","publisher":{"@id":"https:\/\/icomp.com.br\/camarim\/#organization"},"potentialAction":[{"@type":"SearchAction","target":{"@type":"EntryPoint","urlTemplate":"https:\/\/icomp.com.br\/camarim\/?s={search_term_string}"},"query-input":{"@type":"PropertyValueSpecification","valueRequired":true,"valueName":"search_term_string"}}],"inLanguage":"pt-BR"},{"@type":"Organization","@id":"https:\/\/icomp.com.br\/camarim\/#organization","name":"Marketing Musical com Dhiego Bicudo","url":"https:\/\/icomp.com.br\/camarim\/","logo":{"@type":"ImageObject","inLanguage":"pt-BR","@id":"https:\/\/icomp.com.br\/camarim\/#\/schema\/logo\/image\/","url":"https:\/\/icomp.com.br\/camarim\/wp-content\/uploads\/2017\/10\/cropped-icone.png","contentUrl":"https:\/\/icomp.com.br\/camarim\/wp-content\/uploads\/2017\/10\/cropped-icone.png","width":512,"height":512,"caption":"Marketing Musical com Dhiego Bicudo"},"image":{"@id":"https:\/\/icomp.com.br\/camarim\/#\/schema\/logo\/image\/"},"sameAs":["https:\/\/www.facebook.com\/agenciaicomp","https:\/\/www.instagram.com\/dhiegobicudo","https:\/\/www.linkedin.com\/in\/dhiegobicudo","https:\/\/www.youtube.com\/@TrilhadoCantor"]},{"@type":"Person","@id":"https:\/\/icomp.com.br\/camarim\/#\/schema\/person\/d10a1b1471cde95c3738b4de07287002","name":"Dhiego Bicudo","image":{"@type":"ImageObject","inLanguage":"pt-BR","@id":"https:\/\/secure.gravatar.com\/avatar\/199e5081b46939e9add8e7fc06e802eb2f43ff99423ca0ef09d71f21882a5c49?s=96&d=mm&r=g","url":"https:\/\/secure.gravatar.com\/avatar\/199e5081b46939e9add8e7fc06e802eb2f43ff99423ca0ef09d71f21882a5c49?s=96&d=mm&r=g","contentUrl":"https:\/\/secure.gravatar.com\/avatar\/199e5081b46939e9add8e7fc06e802eb2f43ff99423ca0ef09d71f21882a5c49?s=96&d=mm&r=g","caption":"Dhiego Bicudo"},"description":"possui muita experi\u00eancia em estrat\u00e9gias de marketing musical para cantores, duplas e bandas na Ag\u00eancia ICOMP","url":"https:\/\/icomp.com.br\/camarim\/author\/d2ecf63ba8a1943f\/"}]}},"_links":{"self":[{"href":"https:\/\/icomp.com.br\/camarim\/wp-json\/wp\/v2\/posts\/478","targetHints":{"allow":["GET"]}}],"collection":[{"href":"https:\/\/icomp.com.br\/camarim\/wp-json\/wp\/v2\/posts"}],"about":[{"href":"https:\/\/icomp.com.br\/camarim\/wp-json\/wp\/v2\/types\/post"}],"author":[{"embeddable":true,"href":"https:\/\/icomp.com.br\/camarim\/wp-json\/wp\/v2\/users\/10"}],"replies":[{"embeddable":true,"href":"https:\/\/icomp.com.br\/camarim\/wp-json\/wp\/v2\/comments?post=478"}],"version-history":[{"count":0,"href":"https:\/\/icomp.com.br\/camarim\/wp-json\/wp\/v2\/posts\/478\/revisions"}],"wp:featuredmedia":[{"embeddable":true,"href":"https:\/\/icomp.com.br\/camarim\/wp-json\/wp\/v2\/media\/483"}],"wp:attachment":[{"href":"https:\/\/icomp.com.br\/camarim\/wp-json\/wp\/v2\/media?parent=478"}],"wp:term":[{"taxonomy":"category","embeddable":true,"href":"https:\/\/icomp.com.br\/camarim\/wp-json\/wp\/v2\/categories?post=478"},{"taxonomy":"post_tag","embeddable":true,"href":"https:\/\/icomp.com.br\/camarim\/wp-json\/wp\/v2\/tags?post=478"}],"curies":[{"name":"wp","href":"https:\/\/api.w.org\/{rel}","templated":true}]}}