{"id":491,"date":"2023-12-29T12:10:51","date_gmt":"2023-12-29T15:10:51","guid":{"rendered":"http:\/\/www.icomp.com.br\/camarim\/?p=491"},"modified":"2025-01-24T16:45:19","modified_gmt":"2025-01-24T19:45:19","slug":"redes-sociais-para-artistas","status":"publish","type":"post","link":"https:\/\/icomp.com.br\/camarim\/redes-sociais-para-artistas\/","title":{"rendered":"M\u00eddias Sociais para Artistas: Como organizar e planejar um calend\u00e1rio de conte\u00fados?"},"content":{"rendered":"<p><span style=\"font-weight: 400;\">Estou chegando com um assunto que sempre fica em alta, <strong>as<\/strong><\/span><span style=\"font-size: 1.8rem;\">\u00a0<\/span><strong style=\"font-size: 1.8rem;\">M\u00eddias Sociais para artistas<\/strong><span style=\"font-size: 1.8rem;\">. Ent\u00e3o, se voc\u00ea \u00e9 um artista ou gerencia as m\u00eddias sociais de um artista primeiro precisa aprender o termo correto, para n\u00e3o passar vergonha por a\u00ed. \u00c9 bem simples:<\/span><\/p>\n<h2><b>Redes Sociais para Artistas<\/b><\/h2>\n<p><span style=\"font-weight: 400;\">\u00c9 criar relacionamento com as pessoas <strong>compartilhando objetivos e valores em comum<\/strong>. Portanto, voc\u00ea n\u00e3o precisa estar conectado \u00e0 internet para fazer parte de uma rede social. <\/span><\/p>\n<h2><b>M\u00eddias Sociais de Artistas<br \/>\n<\/b><\/h2>\n<p><span style=\"font-weight: 400;\">\u00c9 o ambiente digital ou plataforma onde podemos compartilhar conte\u00fados como fotos, v\u00eddeos e textos, como por exemplo um <strong>blog em um site, perfil do Instagram, p\u00e1gina do Facebook<\/strong>, perfil no TikTok, etc. <\/span><\/p>\n<h2><b>Como organizar e planejar as suas publica\u00e7\u00f5es?<\/b><\/h2>\n<p><span style=\"font-weight: 400;\">Bem, eu j\u00e1 falei em outro <a href=\"https:\/\/www.icomp.com.br\/camarim\/o-que-postar-no-instagram\/\" target=\"_blank\" rel=\"noopener noreferrer\">conte\u00fado sobre <\/a><\/span><span style=\"font-weight: 400;\">o que postar no Instagram de um cantor<\/span><span style=\"font-weight: 400;\">, dupla ou banda, por isso hoje vou ensinar de que forma voc\u00ea pode organizar essas informa\u00e7\u00f5es para n\u00e3o repetir posts, n\u00e3o perder datas interessantes e ter sempre um conte\u00fado criativo para suas m\u00eddias sociais.<\/span><\/p>\n<p><span style=\"font-weight: 400;\">Aqui na ag\u00eancia <a href=\"https:\/\/www.icomp.com.br\/\"><strong>ICOMP<\/strong><\/a> n\u00f3s atualizamos muitas contas de m\u00eddias sociais para artistas, por isso, imagina o que aconteceria se a gente n\u00e3o se organizasse? N\u00e3o podemos replicar conte\u00fado de um artista para o outro, ent\u00e3o temos que manter tudo bem planejado e personalizado, al\u00e9m de ser um processo muito criativos, rs <\/span><\/p>\n<p><span style=\"font-weight: 400;\">Cada artista nosso tem seu pr\u00f3prio <\/span><b>calend\u00e1rio editorial<\/b><span style=\"font-weight: 400;\">, onde planejamos o que ser\u00e1 publicado dentro do m\u00eas. Por mais que exista <a href=\"https:\/\/conteudo.icomp.com.br\/calendariodamusica\" target=\"_blank\" rel=\"noopener\">este nosso modelo de calend\u00e1rio<\/a> com algumas datas que s\u00e3o aplicadas a todos, n\u00f3s precisamos criar publica\u00e7\u00f5es personalizadas para cada artista dentro de suas rotinas, hist\u00f3ria e estilos diferentes. \u00a0<\/span><\/p>\n<h2><b>Quais as datas importantes para as M\u00eddias Sociais dos artistas?<\/b><\/h2>\n<p><span style=\"font-weight: 400;\">Quando falamos sobre <\/span><b>m\u00eddias sociais para artistas<\/b><span style=\"font-weight: 400;\"> \u00e9 importante termos em mente que as datas importantes devem ser consideradas e receber postagens mais direcionadas para terem um alcance maior junto ao p\u00fablico e respectivamente o desejado <strong>engajamento<\/strong>.<\/span><\/p>\n<p><span style=\"font-weight: 400;\">Neste conte\u00fado vou orientar como fazer uma organiza\u00e7\u00e3o do calend\u00e1rio de posts para as m\u00eddias sociais de artistas, ok? <\/span><\/p>\n<p><span style=\"font-weight: 400;\">Estabelecer um controle sobre datas comemorativas e relevantes na m\u00fasica s\u00e3o aspectos importantes para valorizar suas postagens. <\/span><\/p>\n<p><span style=\"font-weight: 400;\">No Brasil, existem muitas datas comemorativas ligadas \u00e0 m\u00fasica e lembradas sempre como:<\/span><\/p>\n<ul>\n<li style=\"font-weight: 400;\"><strong>dia do cantor;<\/strong><\/li>\n<li style=\"font-weight: 400;\"><strong>dia do compositor;<\/strong><\/li>\n<li style=\"font-weight: 400;\"><strong>dia do r\u00e1dio;<\/strong><\/li>\n<li style=\"font-weight: 400;\"><strong>dia do radialista;<\/strong><\/li>\n<li style=\"font-weight: 400;\"><strong>dia da voz;<\/strong><\/li>\n<li style=\"font-weight: 400;\"><strong>dia do compositor brasileiro.<\/strong><\/li>\n<\/ul>\n<p><span style=\"font-weight: 400;\">Al\u00e9m daquelas comemorativas como Natal, Dia das M\u00e3es, Dia dos Pais, Dia dos Namorados, que possuem grande apelo sentimental.<\/span><\/p>\n<p><span style=\"font-weight: 400;\">Produzir conte\u00fados criativos e originais acabam por fazer uma diferen\u00e7a bastante grande na exposi\u00e7\u00e3o de cantores, duplas e bandas. Para todos que apostarem em v\u00eddeos que contenham mensagens elaboradas especificamente para essas datas.<\/span><\/p>\n<p><span style=\"font-weight: 400;\">Desde que n\u00e3o sejam aquelas copiadas, mas sim que criem conex\u00e3o e emo\u00e7\u00e3o no cora\u00e7\u00e3o de quem est\u00e1 assistindo. <\/span><\/p>\n<p><span style=\"font-weight: 400;\">Ali\u00e1s, se voc\u00ea ainda n\u00e3o viu, basta clicar e baixar <a href=\"https:\/\/conteudo.icomp.com.br\/calendariodamusica\" target=\"_blank\" rel=\"noopener\">nosso modelo de calend\u00e1rio da m\u00fasica<\/a> com muitas datas importantes na m\u00fasica <\/span><span style=\"font-weight: 400;\">que voc\u00ea pode aproveitar.\u00a0<\/span><\/p>\n<p><span style=\"font-weight: 400;\">Utilizar as <\/span><b>m\u00eddias sociais para artistas <\/b><span style=\"font-weight: 400;\">de maneira criativa e inovadora sempre garante um ganho imenso para quem se disp\u00f5e a investir em qualidade, e assim conquistar cora\u00e7\u00f5es e mentes de seguidores em futuros novos f\u00e3s.<\/span><\/p>\n<h2><b>A import\u00e2ncia de ter um calend\u00e1rio editorial para Artistas<\/b><\/h2>\n<p><span style=\"font-weight: 400;\">Para atualizar as <\/span><b>m\u00eddias sociais para artistas<\/b><span style=\"font-weight: 400;\"> de forma adequada e que possam contribuir para maior possibilidade de sucesso, \u00e9 necess\u00e1rio construir um calend\u00e1rio que passe a representar os momentos necess\u00e1rios a realizar postagens de novas m\u00fasicas e aquelas que se relacionem ao tema comemorado.<\/span><\/p>\n<p><span style=\"font-weight: 400;\">A inexist\u00eancia um calend\u00e1rio que seja pr\u00e1tico e de f\u00e1cil visualiza\u00e7\u00e3o gera uma perda de oportunidade de se fazer presente em momentos importantes de exposi\u00e7\u00e3o nas m\u00eddias e assim comprometer esfor\u00e7os que se realizam para se destacar num mercado t\u00e3o competitivo.<\/span><\/p>\n<p><span style=\"font-weight: 400;\">Voc\u00ea pode estabelecer um calend\u00e1rio que <strong>atenda o contexto de seu trabalho<\/strong> e estilo musical que voc\u00ea adota.<\/span><\/p>\n<p><span style=\"font-weight: 400;\">Por\u00e9m, o mais importante \u00e9 n\u00e3o deixar a data passar em branco e, desse modo, n\u00e3o realizar nenhuma a\u00e7\u00e3o que possa expor seu trabalho de forma mais intensa. E nesse sentido, \u00e9 importante que o calend\u00e1rio elaborado possa lhe <strong>auxiliar a alertar sobre as datas importantes<\/strong> com anteced\u00eancia para criar sua estrat\u00e9gia de postagens.<\/span><\/p>\n<p><span style=\"font-weight: 400;\">Atuando de prefer\u00eancia com prazos antecipados de elabora\u00e7\u00e3o do material a ser divulgado h\u00e1 mais chances de realizar uma postagem de maior qualidade e com maiores chances de impactar de forma positiva seus f\u00e3s.\u00a0<\/span><\/p>\n<p>Mas aten\u00e7\u00e3o: N\u00e3o vai fazer post comemorando o dia da \u00e1rvore se voc\u00ea n\u00e3o tem nada a ver com o meio ambiente, hein! Escolha datas que tenham conex\u00e3o com suas m\u00fasicas, estilo e principalmente, com seus f\u00e3s. Contexto \u00e9 tudo!<\/p>\n<p>N\u00e3o deixe de adicionar os anivers\u00e1rios dos artistas e m\u00fasicos, as refer\u00eancias mais espec\u00edficas do estilo e g\u00eanero musical, sem deixar de adicionar os lan\u00e7amentos de m\u00fasicas e as ideias que podem ir sendo inseridas no calend\u00e1rio. <strong>Para voc\u00ea que ainda n\u00e3o entendeu a import\u00e2ncia disso, criar o calend\u00e1rio \u00e9 a maneira pr\u00e1tica de definir seu cronograma.<\/strong><\/p>\n<h2><b>Modelo de Calend\u00e1rio de Posts para Artistas da ICOMP<\/b><\/h2>\n<p><span style=\"font-weight: 400;\">Definir as estrat\u00e9gias de conte\u00fados de seu trabalho em datas espec\u00edficas e importantes sob o ponto de vista comercial e sentimental s\u00e3o importantes para conquistar um novo p\u00fablico ou at\u00e9 mesmo manter sua base de f\u00e3s e seguidores fiel ao seu trabalho.<\/span><\/p>\n<p><span style=\"font-weight: 400;\">Para isso, a elabora\u00e7\u00e3o de um calend\u00e1rio ajustado, que possa lhe alertar com anteced\u00eancia para estas datas \u00e9 de fundamental import\u00e2ncia para que suas postagens nas <\/span><b>m\u00eddias sociais para artistas<\/b><span style=\"font-weight: 400;\"> surtam o efeito desejado de consumo<\/span><span style=\"font-weight: 400;\">?<\/span><\/p>\n<p><span style=\"font-weight: 400;\">Vou compartilhar com voc\u00ea o modelo de calend\u00e1rio editorial de posts para o ano inteiro! \u00c9 o mesmo que usamos aqui na ICOMP. Nele voc\u00ea vai encontrar as datas interessantes para o m\u00eas, por\u00e9m \u00e9 apenas um guia para voc\u00ea personalizar conforme os seus objetivos e metas, combinado? N\u00f3s atualizamos ele anualmente, sempre incluindo mais datas que possam ser relevantes para as m\u00eddias sociais dos artistas.\u00a0<\/span><\/p>\n<p style=\"text-align: center;\">[maxbutton id=&#8221;3&#8243; ]<\/p>\n<p><b>Ps:<\/b><span style=\"font-weight: 400;\"> N\u00e3o se esque\u00e7a de que voc\u00ea precisa criar posts exclusivos, com alta qualidade visual e legendas que gerem engajamento com seu p\u00fablico. Se precisar de ajuda para atualizar suas m\u00eddias sociais, entre em contato conosco e <\/span><span style=\"font-weight: 400;\">solicite um or\u00e7amento sem compromisso<\/span><span style=\"font-weight: 400;\"> \ud83d\ude09<\/span><\/p>\n<p style=\"text-align: center;\">[maxbutton id=&#8221;2&#8243; ]<\/p>\n","protected":false},"excerpt":{"rendered":"<p>Estou chegando com um assunto que sempre fica em alta, as\u00a0M\u00eddias Sociais para artistas. Ent\u00e3o, se voc\u00ea \u00e9 um artista ou gerencia as m\u00eddias sociais de um artista primeiro precisa aprender o termo correto, para n\u00e3o passar vergonha por a\u00ed. \u00c9 bem simples: Redes Sociais para Artistas \u00c9 criar relacionamento com as pessoas compartilhando objetivos [&hellip;]<\/p>\n","protected":false},"author":10,"featured_media":1317,"comment_status":"open","ping_status":"closed","sticky":false,"template":"","format":"image","meta":{"ocean_post_layout":"","ocean_both_sidebars_style":"","ocean_both_sidebars_content_width":0,"ocean_both_sidebars_sidebars_width":0,"ocean_sidebar":"","ocean_second_sidebar":"","ocean_disable_margins":"enable","ocean_add_body_class":"","ocean_shortcode_before_top_bar":"","ocean_shortcode_after_top_bar":"","ocean_shortcode_before_header":"","ocean_shortcode_after_header":"","ocean_has_shortcode":"","ocean_shortcode_after_title":"","ocean_shortcode_before_footer_widgets":"","ocean_shortcode_after_footer_widgets":"","ocean_shortcode_before_footer_bottom":"","ocean_shortcode_after_footer_bottom":"","ocean_display_top_bar":"default","ocean_display_header":"default","ocean_header_style":"","ocean_center_header_left_menu":"","ocean_custom_header_template":"","ocean_custom_logo":0,"ocean_custom_retina_logo":0,"ocean_custom_logo_max_width":0,"ocean_custom_logo_tablet_max_width":0,"ocean_custom_logo_mobile_max_width":0,"ocean_custom_logo_max_height":0,"ocean_custom_logo_tablet_max_height":0,"ocean_custom_logo_mobile_max_height":0,"ocean_header_custom_menu":"","ocean_menu_typo_font_family":"","ocean_menu_typo_font_subset":"","ocean_menu_typo_font_size":0,"ocean_menu_typo_font_size_tablet":0,"ocean_menu_typo_font_size_mobile":0,"ocean_menu_typo_font_size_unit":"px","ocean_menu_typo_font_weight":"","ocean_menu_typo_font_weight_tablet":"","ocean_menu_typo_font_weight_mobile":"","ocean_menu_typo_transform":"","ocean_menu_typo_transform_tablet":"","ocean_menu_typo_transform_mobile":"","ocean_menu_typo_line_height":0,"ocean_menu_typo_line_height_tablet":0,"ocean_menu_typo_line_height_mobile":0,"ocean_menu_typo_line_height_unit":"","ocean_menu_typo_spacing":0,"ocean_menu_typo_spacing_tablet":0,"ocean_menu_typo_spacing_mobile":0,"ocean_menu_typo_spacing_unit":"","ocean_menu_link_color":"","ocean_menu_link_color_hover":"","ocean_menu_link_color_active":"","ocean_menu_link_background":"","ocean_menu_link_hover_background":"","ocean_menu_link_active_background":"","ocean_menu_social_links_bg":"","ocean_menu_social_hover_links_bg":"","ocean_menu_social_links_color":"","ocean_menu_social_hover_links_color":"","ocean_disable_title":"default","ocean_disable_heading":"default","ocean_post_title":"","ocean_post_subheading":"","ocean_post_title_style":"","ocean_post_title_background_color":"","ocean_post_title_background":0,"ocean_post_title_bg_image_position":"","ocean_post_title_bg_image_attachment":"","ocean_post_title_bg_image_repeat":"","ocean_post_title_bg_image_size":"","ocean_post_title_height":0,"ocean_post_title_bg_overlay":0.5,"ocean_post_title_bg_overlay_color":"","ocean_disable_breadcrumbs":"default","ocean_breadcrumbs_color":"","ocean_breadcrumbs_separator_color":"","ocean_breadcrumbs_links_color":"","ocean_breadcrumbs_links_hover_color":"","ocean_display_footer_widgets":"default","ocean_display_footer_bottom":"default","ocean_custom_footer_template":"","ocean_post_oembed":"","ocean_post_self_hosted_media":"","ocean_post_video_embed":"","ocean_link_format":"","ocean_link_format_target":"self","ocean_quote_format":"","ocean_quote_format_link":"post","ocean_gallery_link_images":"on","ocean_gallery_id":[],"footnotes":""},"categories":[102],"tags":[52,58],"class_list":["post-491","post","type-post","status-publish","format-image","has-post-thumbnail","hentry","category-redes-sociais-para-artistas","tag-midias-sociais-para-artistas","tag-redes-sociais-para-artistas","post_format-post-format-image","entry","has-media"],"yoast_head":"<!-- This site is optimized with the Yoast SEO plugin v27.4 - https:\/\/yoast.com\/product\/yoast-seo-wordpress\/ -->\n<title>Redes Sociais para Artistas - Camarim Blog - Ag\u00eancia ICOMP<\/title>\n<meta name=\"description\" content=\"Hoje o tema \u00e9 um assunto famoso: Redes Sociais para artistas. Bem, se voc\u00ea \u00e9 um artista ou gerencia a m\u00eddia social de um artista.\" \/>\n<meta name=\"robots\" content=\"index, follow, max-snippet:-1, max-image-preview:large, max-video-preview:-1\" \/>\n<link rel=\"canonical\" href=\"https:\/\/icomp.com.br\/camarim\/redes-sociais-para-artistas\/\" \/>\n<meta property=\"og:locale\" content=\"pt_BR\" \/>\n<meta property=\"og:type\" content=\"article\" \/>\n<meta property=\"og:title\" content=\"Redes Sociais para Artistas - Camarim Blog - Ag\u00eancia ICOMP\" \/>\n<meta property=\"og:description\" content=\"Hoje o tema \u00e9 um assunto famoso: Redes Sociais para artistas. Bem, se voc\u00ea \u00e9 um artista ou gerencia a m\u00eddia social de um artista.\" \/>\n<meta property=\"og:url\" content=\"https:\/\/icomp.com.br\/camarim\/redes-sociais-para-artistas\/\" \/>\n<meta property=\"og:site_name\" content=\"Marketing Musical com Dhiego Bicudo\" \/>\n<meta property=\"article:publisher\" content=\"https:\/\/www.facebook.com\/agenciaicomp\" \/>\n<meta property=\"article:published_time\" content=\"2023-12-29T15:10:51+00:00\" \/>\n<meta property=\"article:modified_time\" content=\"2025-01-24T19:45:19+00:00\" \/>\n<meta property=\"og:image\" content=\"https:\/\/icomp.com.br\/camarim\/wp-content\/uploads\/2022\/01\/camarim-calendarioeditorial.jpg\" \/>\n\t<meta property=\"og:image:width\" content=\"1920\" \/>\n\t<meta property=\"og:image:height\" content=\"1280\" \/>\n\t<meta property=\"og:image:type\" content=\"image\/jpeg\" \/>\n<meta name=\"author\" content=\"Dhiego Bicudo\" \/>\n<meta name=\"twitter:card\" content=\"summary_large_image\" \/>\n<meta name=\"twitter:label1\" content=\"Escrito por\" \/>\n\t<meta name=\"twitter:data1\" content=\"Dhiego Bicudo\" \/>\n\t<meta name=\"twitter:label2\" content=\"Est. tempo de leitura\" \/>\n\t<meta name=\"twitter:data2\" content=\"6 minutos\" \/>\n<script type=\"application\/ld+json\" class=\"yoast-schema-graph\">{\"@context\":\"https:\\\/\\\/schema.org\",\"@graph\":[{\"@type\":\"Article\",\"@id\":\"https:\\\/\\\/icomp.com.br\\\/camarim\\\/redes-sociais-para-artistas\\\/#article\",\"isPartOf\":{\"@id\":\"https:\\\/\\\/icomp.com.br\\\/camarim\\\/redes-sociais-para-artistas\\\/\"},\"author\":{\"name\":\"Dhiego Bicudo\",\"@id\":\"https:\\\/\\\/icomp.com.br\\\/camarim\\\/#\\\/schema\\\/person\\\/d10a1b1471cde95c3738b4de07287002\"},\"headline\":\"M\u00eddias Sociais para Artistas: Como organizar e planejar um calend\u00e1rio de conte\u00fados?\",\"datePublished\":\"2023-12-29T15:10:51+00:00\",\"dateModified\":\"2025-01-24T19:45:19+00:00\",\"mainEntityOfPage\":{\"@id\":\"https:\\\/\\\/icomp.com.br\\\/camarim\\\/redes-sociais-para-artistas\\\/\"},\"wordCount\":1146,\"commentCount\":2,\"publisher\":{\"@id\":\"https:\\\/\\\/icomp.com.br\\\/camarim\\\/#organization\"},\"image\":{\"@id\":\"https:\\\/\\\/icomp.com.br\\\/camarim\\\/redes-sociais-para-artistas\\\/#primaryimage\"},\"thumbnailUrl\":\"https:\\\/\\\/icomp.com.br\\\/camarim\\\/wp-content\\\/uploads\\\/2022\\\/01\\\/camarim-calendarioeditorial.jpg\",\"keywords\":[\"M\u00eddias Sociais para artistas.\",\"Redes Sociais para Artistas\"],\"articleSection\":[\"Redes Sociais para Artistas\"],\"inLanguage\":\"pt-BR\",\"potentialAction\":[{\"@type\":\"CommentAction\",\"name\":\"Comment\",\"target\":[\"https:\\\/\\\/icomp.com.br\\\/camarim\\\/redes-sociais-para-artistas\\\/#respond\"]}]},{\"@type\":\"WebPage\",\"@id\":\"https:\\\/\\\/icomp.com.br\\\/camarim\\\/redes-sociais-para-artistas\\\/\",\"url\":\"https:\\\/\\\/icomp.com.br\\\/camarim\\\/redes-sociais-para-artistas\\\/\",\"name\":\"Redes Sociais para Artistas - Camarim Blog - Ag\u00eancia ICOMP\",\"isPartOf\":{\"@id\":\"https:\\\/\\\/icomp.com.br\\\/camarim\\\/#website\"},\"primaryImageOfPage\":{\"@id\":\"https:\\\/\\\/icomp.com.br\\\/camarim\\\/redes-sociais-para-artistas\\\/#primaryimage\"},\"image\":{\"@id\":\"https:\\\/\\\/icomp.com.br\\\/camarim\\\/redes-sociais-para-artistas\\\/#primaryimage\"},\"thumbnailUrl\":\"https:\\\/\\\/icomp.com.br\\\/camarim\\\/wp-content\\\/uploads\\\/2022\\\/01\\\/camarim-calendarioeditorial.jpg\",\"datePublished\":\"2023-12-29T15:10:51+00:00\",\"dateModified\":\"2025-01-24T19:45:19+00:00\",\"description\":\"Hoje o tema \u00e9 um assunto famoso: Redes Sociais para artistas. Bem, se voc\u00ea \u00e9 um artista ou gerencia a m\u00eddia social de um artista.\",\"breadcrumb\":{\"@id\":\"https:\\\/\\\/icomp.com.br\\\/camarim\\\/redes-sociais-para-artistas\\\/#breadcrumb\"},\"inLanguage\":\"pt-BR\",\"potentialAction\":[{\"@type\":\"ReadAction\",\"target\":[\"https:\\\/\\\/icomp.com.br\\\/camarim\\\/redes-sociais-para-artistas\\\/\"]}]},{\"@type\":\"ImageObject\",\"inLanguage\":\"pt-BR\",\"@id\":\"https:\\\/\\\/icomp.com.br\\\/camarim\\\/redes-sociais-para-artistas\\\/#primaryimage\",\"url\":\"https:\\\/\\\/icomp.com.br\\\/camarim\\\/wp-content\\\/uploads\\\/2022\\\/01\\\/camarim-calendarioeditorial.jpg\",\"contentUrl\":\"https:\\\/\\\/icomp.com.br\\\/camarim\\\/wp-content\\\/uploads\\\/2022\\\/01\\\/camarim-calendarioeditorial.jpg\",\"width\":1920,\"height\":1280},{\"@type\":\"BreadcrumbList\",\"@id\":\"https:\\\/\\\/icomp.com.br\\\/camarim\\\/redes-sociais-para-artistas\\\/#breadcrumb\",\"itemListElement\":[{\"@type\":\"ListItem\",\"position\":1,\"name\":\"Home\",\"item\":\"https:\\\/\\\/icomp.com.br\\\/camarim\\\/\"},{\"@type\":\"ListItem\",\"position\":2,\"name\":\"M\u00eddias Sociais para Artistas: Como organizar e planejar um calend\u00e1rio de conte\u00fados?\"}]},{\"@type\":\"WebSite\",\"@id\":\"https:\\\/\\\/icomp.com.br\\\/camarim\\\/#website\",\"url\":\"https:\\\/\\\/icomp.com.br\\\/camarim\\\/\",\"name\":\"Marketing Musical com Dhiego Bicudo\",\"description\":\"Conhe\u00e7a as estrat\u00e9gias no marketing musical que uso na Ag\u00eancia ICOMP para transformar cantores, duplas e bandas em artistas reconhecidos\",\"publisher\":{\"@id\":\"https:\\\/\\\/icomp.com.br\\\/camarim\\\/#organization\"},\"potentialAction\":[{\"@type\":\"SearchAction\",\"target\":{\"@type\":\"EntryPoint\",\"urlTemplate\":\"https:\\\/\\\/icomp.com.br\\\/camarim\\\/?s={search_term_string}\"},\"query-input\":{\"@type\":\"PropertyValueSpecification\",\"valueRequired\":true,\"valueName\":\"search_term_string\"}}],\"inLanguage\":\"pt-BR\"},{\"@type\":\"Organization\",\"@id\":\"https:\\\/\\\/icomp.com.br\\\/camarim\\\/#organization\",\"name\":\"Marketing Musical com Dhiego Bicudo\",\"url\":\"https:\\\/\\\/icomp.com.br\\\/camarim\\\/\",\"logo\":{\"@type\":\"ImageObject\",\"inLanguage\":\"pt-BR\",\"@id\":\"https:\\\/\\\/icomp.com.br\\\/camarim\\\/#\\\/schema\\\/logo\\\/image\\\/\",\"url\":\"https:\\\/\\\/icomp.com.br\\\/camarim\\\/wp-content\\\/uploads\\\/2017\\\/10\\\/cropped-icone.png\",\"contentUrl\":\"https:\\\/\\\/icomp.com.br\\\/camarim\\\/wp-content\\\/uploads\\\/2017\\\/10\\\/cropped-icone.png\",\"width\":512,\"height\":512,\"caption\":\"Marketing Musical com Dhiego Bicudo\"},\"image\":{\"@id\":\"https:\\\/\\\/icomp.com.br\\\/camarim\\\/#\\\/schema\\\/logo\\\/image\\\/\"},\"sameAs\":[\"https:\\\/\\\/www.facebook.com\\\/agenciaicomp\",\"https:\\\/\\\/www.instagram.com\\\/dhiegobicudo\",\"https:\\\/\\\/www.linkedin.com\\\/in\\\/dhiegobicudo\",\"https:\\\/\\\/www.youtube.com\\\/@TrilhadoCantor\"]},{\"@type\":\"Person\",\"@id\":\"https:\\\/\\\/icomp.com.br\\\/camarim\\\/#\\\/schema\\\/person\\\/d10a1b1471cde95c3738b4de07287002\",\"name\":\"Dhiego Bicudo\",\"image\":{\"@type\":\"ImageObject\",\"inLanguage\":\"pt-BR\",\"@id\":\"https:\\\/\\\/secure.gravatar.com\\\/avatar\\\/199e5081b46939e9add8e7fc06e802eb2f43ff99423ca0ef09d71f21882a5c49?s=96&d=mm&r=g\",\"url\":\"https:\\\/\\\/secure.gravatar.com\\\/avatar\\\/199e5081b46939e9add8e7fc06e802eb2f43ff99423ca0ef09d71f21882a5c49?s=96&d=mm&r=g\",\"contentUrl\":\"https:\\\/\\\/secure.gravatar.com\\\/avatar\\\/199e5081b46939e9add8e7fc06e802eb2f43ff99423ca0ef09d71f21882a5c49?s=96&d=mm&r=g\",\"caption\":\"Dhiego Bicudo\"},\"description\":\"possui muita experi\u00eancia em estrat\u00e9gias de marketing musical para cantores, duplas e bandas na Ag\u00eancia ICOMP\",\"url\":\"https:\\\/\\\/icomp.com.br\\\/camarim\\\/author\\\/d2ecf63ba8a1943f\\\/\"}]}<\/script>\n<!-- \/ Yoast SEO plugin. -->","yoast_head_json":{"title":"Redes Sociais para Artistas - Camarim Blog - Ag\u00eancia ICOMP","description":"Hoje o tema \u00e9 um assunto famoso: Redes Sociais para artistas. Bem, se voc\u00ea \u00e9 um artista ou gerencia a m\u00eddia social de um artista.","robots":{"index":"index","follow":"follow","max-snippet":"max-snippet:-1","max-image-preview":"max-image-preview:large","max-video-preview":"max-video-preview:-1"},"canonical":"https:\/\/icomp.com.br\/camarim\/redes-sociais-para-artistas\/","og_locale":"pt_BR","og_type":"article","og_title":"Redes Sociais para Artistas - Camarim Blog - Ag\u00eancia ICOMP","og_description":"Hoje o tema \u00e9 um assunto famoso: Redes Sociais para artistas. Bem, se voc\u00ea \u00e9 um artista ou gerencia a m\u00eddia social de um artista.","og_url":"https:\/\/icomp.com.br\/camarim\/redes-sociais-para-artistas\/","og_site_name":"Marketing Musical com Dhiego Bicudo","article_publisher":"https:\/\/www.facebook.com\/agenciaicomp","article_published_time":"2023-12-29T15:10:51+00:00","article_modified_time":"2025-01-24T19:45:19+00:00","og_image":[{"width":1920,"height":1280,"url":"https:\/\/icomp.com.br\/camarim\/wp-content\/uploads\/2022\/01\/camarim-calendarioeditorial.jpg","type":"image\/jpeg"}],"author":"Dhiego Bicudo","twitter_card":"summary_large_image","twitter_misc":{"Escrito por":"Dhiego Bicudo","Est. tempo de leitura":"6 minutos"},"schema":{"@context":"https:\/\/schema.org","@graph":[{"@type":"Article","@id":"https:\/\/icomp.com.br\/camarim\/redes-sociais-para-artistas\/#article","isPartOf":{"@id":"https:\/\/icomp.com.br\/camarim\/redes-sociais-para-artistas\/"},"author":{"name":"Dhiego Bicudo","@id":"https:\/\/icomp.com.br\/camarim\/#\/schema\/person\/d10a1b1471cde95c3738b4de07287002"},"headline":"M\u00eddias Sociais para Artistas: Como organizar e planejar um calend\u00e1rio de conte\u00fados?","datePublished":"2023-12-29T15:10:51+00:00","dateModified":"2025-01-24T19:45:19+00:00","mainEntityOfPage":{"@id":"https:\/\/icomp.com.br\/camarim\/redes-sociais-para-artistas\/"},"wordCount":1146,"commentCount":2,"publisher":{"@id":"https:\/\/icomp.com.br\/camarim\/#organization"},"image":{"@id":"https:\/\/icomp.com.br\/camarim\/redes-sociais-para-artistas\/#primaryimage"},"thumbnailUrl":"https:\/\/icomp.com.br\/camarim\/wp-content\/uploads\/2022\/01\/camarim-calendarioeditorial.jpg","keywords":["M\u00eddias Sociais para artistas.","Redes Sociais para Artistas"],"articleSection":["Redes Sociais para Artistas"],"inLanguage":"pt-BR","potentialAction":[{"@type":"CommentAction","name":"Comment","target":["https:\/\/icomp.com.br\/camarim\/redes-sociais-para-artistas\/#respond"]}]},{"@type":"WebPage","@id":"https:\/\/icomp.com.br\/camarim\/redes-sociais-para-artistas\/","url":"https:\/\/icomp.com.br\/camarim\/redes-sociais-para-artistas\/","name":"Redes Sociais para Artistas - Camarim Blog - Ag\u00eancia ICOMP","isPartOf":{"@id":"https:\/\/icomp.com.br\/camarim\/#website"},"primaryImageOfPage":{"@id":"https:\/\/icomp.com.br\/camarim\/redes-sociais-para-artistas\/#primaryimage"},"image":{"@id":"https:\/\/icomp.com.br\/camarim\/redes-sociais-para-artistas\/#primaryimage"},"thumbnailUrl":"https:\/\/icomp.com.br\/camarim\/wp-content\/uploads\/2022\/01\/camarim-calendarioeditorial.jpg","datePublished":"2023-12-29T15:10:51+00:00","dateModified":"2025-01-24T19:45:19+00:00","description":"Hoje o tema \u00e9 um assunto famoso: Redes Sociais para artistas. Bem, se voc\u00ea \u00e9 um artista ou gerencia a m\u00eddia social de um artista.","breadcrumb":{"@id":"https:\/\/icomp.com.br\/camarim\/redes-sociais-para-artistas\/#breadcrumb"},"inLanguage":"pt-BR","potentialAction":[{"@type":"ReadAction","target":["https:\/\/icomp.com.br\/camarim\/redes-sociais-para-artistas\/"]}]},{"@type":"ImageObject","inLanguage":"pt-BR","@id":"https:\/\/icomp.com.br\/camarim\/redes-sociais-para-artistas\/#primaryimage","url":"https:\/\/icomp.com.br\/camarim\/wp-content\/uploads\/2022\/01\/camarim-calendarioeditorial.jpg","contentUrl":"https:\/\/icomp.com.br\/camarim\/wp-content\/uploads\/2022\/01\/camarim-calendarioeditorial.jpg","width":1920,"height":1280},{"@type":"BreadcrumbList","@id":"https:\/\/icomp.com.br\/camarim\/redes-sociais-para-artistas\/#breadcrumb","itemListElement":[{"@type":"ListItem","position":1,"name":"Home","item":"https:\/\/icomp.com.br\/camarim\/"},{"@type":"ListItem","position":2,"name":"M\u00eddias Sociais para Artistas: Como organizar e planejar um calend\u00e1rio de conte\u00fados?"}]},{"@type":"WebSite","@id":"https:\/\/icomp.com.br\/camarim\/#website","url":"https:\/\/icomp.com.br\/camarim\/","name":"Marketing Musical com Dhiego Bicudo","description":"Conhe\u00e7a as estrat\u00e9gias no marketing musical que uso na Ag\u00eancia ICOMP para transformar cantores, duplas e bandas em artistas reconhecidos","publisher":{"@id":"https:\/\/icomp.com.br\/camarim\/#organization"},"potentialAction":[{"@type":"SearchAction","target":{"@type":"EntryPoint","urlTemplate":"https:\/\/icomp.com.br\/camarim\/?s={search_term_string}"},"query-input":{"@type":"PropertyValueSpecification","valueRequired":true,"valueName":"search_term_string"}}],"inLanguage":"pt-BR"},{"@type":"Organization","@id":"https:\/\/icomp.com.br\/camarim\/#organization","name":"Marketing Musical com Dhiego Bicudo","url":"https:\/\/icomp.com.br\/camarim\/","logo":{"@type":"ImageObject","inLanguage":"pt-BR","@id":"https:\/\/icomp.com.br\/camarim\/#\/schema\/logo\/image\/","url":"https:\/\/icomp.com.br\/camarim\/wp-content\/uploads\/2017\/10\/cropped-icone.png","contentUrl":"https:\/\/icomp.com.br\/camarim\/wp-content\/uploads\/2017\/10\/cropped-icone.png","width":512,"height":512,"caption":"Marketing Musical com Dhiego Bicudo"},"image":{"@id":"https:\/\/icomp.com.br\/camarim\/#\/schema\/logo\/image\/"},"sameAs":["https:\/\/www.facebook.com\/agenciaicomp","https:\/\/www.instagram.com\/dhiegobicudo","https:\/\/www.linkedin.com\/in\/dhiegobicudo","https:\/\/www.youtube.com\/@TrilhadoCantor"]},{"@type":"Person","@id":"https:\/\/icomp.com.br\/camarim\/#\/schema\/person\/d10a1b1471cde95c3738b4de07287002","name":"Dhiego Bicudo","image":{"@type":"ImageObject","inLanguage":"pt-BR","@id":"https:\/\/secure.gravatar.com\/avatar\/199e5081b46939e9add8e7fc06e802eb2f43ff99423ca0ef09d71f21882a5c49?s=96&d=mm&r=g","url":"https:\/\/secure.gravatar.com\/avatar\/199e5081b46939e9add8e7fc06e802eb2f43ff99423ca0ef09d71f21882a5c49?s=96&d=mm&r=g","contentUrl":"https:\/\/secure.gravatar.com\/avatar\/199e5081b46939e9add8e7fc06e802eb2f43ff99423ca0ef09d71f21882a5c49?s=96&d=mm&r=g","caption":"Dhiego Bicudo"},"description":"possui muita experi\u00eancia em estrat\u00e9gias de marketing musical para cantores, duplas e bandas na Ag\u00eancia ICOMP","url":"https:\/\/icomp.com.br\/camarim\/author\/d2ecf63ba8a1943f\/"}]}},"_links":{"self":[{"href":"https:\/\/icomp.com.br\/camarim\/wp-json\/wp\/v2\/posts\/491","targetHints":{"allow":["GET"]}}],"collection":[{"href":"https:\/\/icomp.com.br\/camarim\/wp-json\/wp\/v2\/posts"}],"about":[{"href":"https:\/\/icomp.com.br\/camarim\/wp-json\/wp\/v2\/types\/post"}],"author":[{"embeddable":true,"href":"https:\/\/icomp.com.br\/camarim\/wp-json\/wp\/v2\/users\/10"}],"replies":[{"embeddable":true,"href":"https:\/\/icomp.com.br\/camarim\/wp-json\/wp\/v2\/comments?post=491"}],"version-history":[{"count":0,"href":"https:\/\/icomp.com.br\/camarim\/wp-json\/wp\/v2\/posts\/491\/revisions"}],"wp:featuredmedia":[{"embeddable":true,"href":"https:\/\/icomp.com.br\/camarim\/wp-json\/wp\/v2\/media\/1317"}],"wp:attachment":[{"href":"https:\/\/icomp.com.br\/camarim\/wp-json\/wp\/v2\/media?parent=491"}],"wp:term":[{"taxonomy":"category","embeddable":true,"href":"https:\/\/icomp.com.br\/camarim\/wp-json\/wp\/v2\/categories?post=491"},{"taxonomy":"post_tag","embeddable":true,"href":"https:\/\/icomp.com.br\/camarim\/wp-json\/wp\/v2\/tags?post=491"}],"curies":[{"name":"wp","href":"https:\/\/api.w.org\/{rel}","templated":true}]}}