{"id":913,"date":"2023-03-20T15:10:53","date_gmt":"2023-03-20T18:10:53","guid":{"rendered":"http:\/\/www.icomp.com.br\/camarim\/?p=913"},"modified":"2025-01-24T17:24:11","modified_gmt":"2025-01-24T20:24:11","slug":"coronavirus-na-musica-como-nao-ser-esquecido-em-tempos-de-shows-cancelados","status":"publish","type":"post","link":"https:\/\/icomp.com.br\/camarim\/coronavirus-na-musica-como-nao-ser-esquecido-em-tempos-de-shows-cancelados\/","title":{"rendered":"Coronav\u00edrus na M\u00fasica: Como n\u00e3o ser esquecido em tempos de shows cancelados"},"content":{"rendered":"<p><span style=\"font-weight: 400;\">Ei cantor! Que come\u00e7o de temporada diferente e preocupante, n\u00e3o?<\/span><\/p>\n<p><span style=\"font-weight: 400;\">Depois das rotinas e luta pelo hit ver\u00e3o, a m\u00fasica deveria se voltar para os rodeios, exposi\u00e7\u00f5es e agenda de shows pelos diversos cantos e regi\u00f5es do Brasil. SQN \ud83d\ude15<\/span><\/p>\n<p><span style=\"font-weight: 400;\">At\u00e9 deu uma saudade de anos anteriores, n\u00e9? No entanto, o que vemos neste momento s\u00e3o adiamentos e cancelamentos de onde o ganha p\u00e3o de muitos (ou de quase todos) acontece: <\/span><b>os shows<\/b><span style=\"font-weight: 400;\">.<\/span><\/p>\n<p><span style=\"font-weight: 400;\">Existem muitas pessoas, a\u00e7\u00f5es e associa\u00e7\u00f5es preocupadas neste sentido. Pois, todos n\u00f3s sabemos da quantidade de pessoas que est\u00e3o envolvidas direta e indiretamente no entretenimento do pa\u00eds.<\/span><\/p>\n<blockquote>\n<h3><span style=\"font-size: 18pt;\"><i><span style=\"font-weight: 400;\">Mas, por onde vamos?\u00a0<\/span><\/i><i><span style=\"font-weight: 400;\">Lamentar a crise ou criar as oportunidades?<\/span><\/i><\/span><\/h3>\n<h3><span style=\"font-weight: 400; font-size: 18pt;\">Entre os adiamentos e cancelamentos, direcione seu tempo e suas a\u00e7\u00f5es para n\u00e3o cair no esquecimento.<\/span><\/h3>\n<\/blockquote>\n<p><span style=\"font-weight: 400;\">Ent\u00e3o, estou provocando voc\u00ea e que isso reflita em sua equipe e colaboradores da sua carreira para as seguintes medidas emergenciais. O artista n\u00e3o pode cair no esquecimento. Felizmente, voc\u00ea tem algumas armas para isso, a melhor delas \u00e9 o marketing.\u00a0<\/span><\/p>\n<h2><b>Quarentena e trabalho remoto \u00e9 igual aumento do consumo de m\u00fasica nas plataformas digitais\u00a0<\/b><\/h2>\n<p><span style=\"font-weight: 400;\">Imagine o que as pessoas ir\u00e3o fazer em quarentena, com poucas op\u00e7\u00f5es de entretenimento? V\u00e3o consumir muito servi\u00e7o digital.\u00a0<\/span><\/p>\n<p><span style=\"font-weight: 400;\">Qual a melhor companhia quando\u00a0 n\u00e3o se tem pessoas por perto? Netflix e m\u00fasica! Imagine se os acessos ao Youtube, Spotify, Deezer e Instagram v\u00e3o crescer ou n\u00e3o. \u00c9 uma boa oportunidade para fazer lan\u00e7amentos nas plataformas digitais, conversar com os f\u00e3s e manter sua audi\u00eancia engajada. Tudo isso d\u00e1 pra ser feito remotamente ou pela sua ag\u00eancia de marketing musical.\u00a0<\/span><\/p>\n<p><span style=\"font-weight: 400;\">Crise ou oportunidade? Depende do seu ponto de vista. Tem um ditado que diz que enquanto alguns choram, outros vendem len\u00e7os. Escolha seu lado.\u00a0<\/span><\/p>\n<p><span style=\"font-weight: 400;\">Agora, se voc\u00ea n\u00e3o fez o trabalho b\u00e1sico de ter suas m\u00fasicas nas plataformas e seu canal do Youtube bem atualizado e organizado, chore. (Ou fa\u00e7a isso urgente!)\u00a0<\/span><\/p>\n<h2><b>Campanhas de incentivo &#8220;N\u00e3o cancele, remarquem os shows!&#8221;<\/b><\/h2>\n<p><span style=\"font-weight: 400;\">Voc\u00ea j\u00e1 viu a campanha do turismo do Rio de Janeiro? \u00c9 o mote &#8220;<\/span><a href=\"https:\/\/diariodorio.com\/nao-cancele-remarque-campanha-estimula-turistas-a-reagendar-suas-viagens-para-o-rio\/\"><span style=\"font-weight: 400;\">N\u00e3o cancele, remarque&#8221;<\/span><\/a><span style=\"font-weight: 400;\">. Que tal apoiar a causa e aplicar essa campanha para seus shows agendados? Divulgue essa ideia no setor de m\u00fasica, afinal o mercado de entretenimento est\u00e1 diretamente ligado ao turismo. Para ajudar, fizemos uma arte \u00e9 s\u00f3 voc\u00ea salvar, divulgar nas suas m\u00eddias sociais e aproveitar para ver se o seu perfil est\u00e1 atualizado na plataforma para <a href=\"http:\/\/contratantes.com.br\">Contratantes<\/a> que fizemos. Conhece ela?\u00a0<\/span><\/p>\n<p><img loading=\"lazy\" decoding=\"async\" class=\"wp-image-922 aligncenter\" src=\"http:\/\/www.icomp.com.br\/camarim\/wp-content\/uploads\/2020\/03\/Contratantes-Nao-cancele-1080-1024x1024.png\" alt=\"\" width=\"750\" height=\"750\" srcset=\"https:\/\/icomp.com.br\/camarim\/wp-content\/uploads\/2020\/03\/Contratantes-Nao-cancele-1080-1024x1024.png 1024w, https:\/\/icomp.com.br\/camarim\/wp-content\/uploads\/2020\/03\/Contratantes-Nao-cancele-1080-300x300.png 300w, https:\/\/icomp.com.br\/camarim\/wp-content\/uploads\/2020\/03\/Contratantes-Nao-cancele-1080-150x150.png 150w, https:\/\/icomp.com.br\/camarim\/wp-content\/uploads\/2020\/03\/Contratantes-Nao-cancele-1080-768x768.png 768w, https:\/\/icomp.com.br\/camarim\/wp-content\/uploads\/2020\/03\/Contratantes-Nao-cancele-1080.png 1080w\" sizes=\"auto, (max-width: 750px) 100vw, 750px\" \/><\/p>\n<p><span style=\"font-weight: 400;\">Quer outra ideia legal? Que tal criar uma composi\u00e7\u00e3o sobre o assunto e ajudar a educar as pessoas na preven\u00e7\u00e3o contra o Coronav\u00edrus? Ou ainda, levar dicas do que as pessoas podem fazer neste momento de quarentena?\u00a0<\/span><\/p>\n<p><span style=\"font-weight: 400;\">Voc\u00ea \u00e9 o artista para isso e o povo aprende com ajuda da m\u00fasica. Coloque seu talento a servi\u00e7o da sociedade, isso nenhum cantor fez ainda e a can\u00e7\u00e3o pode at\u00e9 viralizar&#8230;ops&#8230;<\/span><\/p>\n<h4><b>Mais planejamento para carreira e suas a\u00e7\u00f5es<\/b><\/h4>\n<p><span style=\"font-weight: 400;\">Com seu tempo mais livre, ser\u00e1 que o planejamento n\u00e3o pode ser antecipado? Revisado ou at\u00e9 reorganizado? Para voc\u00ea que nunca fez um planejamento de verdade, pesquise sobre a t\u00e9cnica 5W2H e responda as perguntas pensando em seu segmento e regi\u00e3o. Vai l\u00e1, essa orienta\u00e7\u00e3o diz o que fazer e como fazer! Coloque em pr\u00e1tica!<\/span><\/p>\n<h4><b>Mais tempo para estudar, pesquisar e arriscar<\/b><\/h4>\n<p><span style=\"font-weight: 400;\">O que acha de n\u00e3o mais procrastinar (deixar para amanh\u00e3) o estudo em sua carreira que estava sempre para depois? Aquela aula de prepara\u00e7\u00e3o vocal? A melhoria na performance de palco? Os ensaios de novas coreografias? Talvez uma sess\u00e3o de fotos novas? Arriscar novos figurinos?<\/span><\/p>\n<h4><b>Mais tempo para os f\u00e3s, coment\u00e1rios e intera\u00e7\u00f5es com Posts e Stories<\/b><\/h4>\n<p><span style=\"font-weight: 400;\">\u00c9 verdade! \u00c9 simples isso, sabe aqueles coment\u00e1rios sem ao menos uma curtida? O que acha de dar aquela levantada no astral dos estranhos que podem se engajar com voc\u00ea? Aproveite para treinar respostas criativas, animadas e n\u00e3o se irrite com as cr\u00edticas. Se te chatear, exclua e siga.<\/span><\/p>\n<h4><b>Lives! Perguntas e Respostas! Eu disse Lives? Disse!<\/b><\/h4>\n<p><span style=\"font-weight: 400;\">Ah Dhiego, mas, n\u00e3o tenho um cen\u00e1rio grandioso, n\u00e3o tenho um viol\u00e3o legal, n\u00e3o tenho ilumina\u00e7\u00e3o. Afffff! Fa\u00e7a!\u00a0<\/span><\/p>\n<p><span style=\"font-weight: 400;\">Coloque a c\u00e2mera parada, acerte o enquadramento e fa\u00e7a! O que acha de 2 sess\u00f5es de 20min por dia? Use seu Instagram, explore ele e aproveite o Youtube. E assim, d\u00ea uma moralzinha para o Facebook Watch, acho que vai te surpreender, hein!<\/span><\/p>\n<h4><b>Grave Covers! Explore m\u00fasicas do seu Repert\u00f3rio!<\/b><\/h4>\n<p><span style=\"font-weight: 400;\">O que acha de organizar e gravar conte\u00fados para n\u00e3o deixar suas m\u00eddias sociais apenas com lan\u00e7amentos? Organize o repert\u00f3rio e explore isso com a banda, sem a banda, mas, fa\u00e7a.<\/span><\/p>\n<h4><b>Prestigie os amigos, conhecidos e desconhecidos<\/b><\/h4>\n<p><span style=\"font-weight: 400;\">Deixe de lado o ego, sua vaidade ao ficar pagando pau para as publica\u00e7\u00f5es do Gusttavo, da Anitta e afins e comece a prestigiar digitalmente os cantores amigos, os conhecidos da sua regi\u00e3o e aqueles que ainda est\u00e3o come\u00e7ando. Organizem algo juntos, um simples bate papo no whatsapp. S\u00f3 n\u00e3o vai fazer resenha presencial ein! D\u00ea o exemplo.\u00a0<\/span><\/p>\n<p><span style=\"font-weight: 400;\">Conforme for compartilhando ideias com outros artistas, isso vai permitir unir e misturar as audi\u00eancias de voc\u00eas. Sem medo! Com humildade e energia! J\u00e1 pensou em um show via live para confortar os f\u00e3s que perderam a oportunidade do presencial?\u00a0<\/span><\/p>\n<h4><b>Mexa nas mem\u00f3rias, relembre fatos, dificuldades e conquistas<\/b><\/h4>\n<p><span style=\"font-weight: 400;\">Chega de conte\u00fados maquiados, sim! Aqueles que voc\u00ea aparece com a melhor roupa, com o melhor cabelo, luz e equipamentos. Seja voc\u00ea mesmo, traga autenticidade, converse e conte boas hist\u00f3rias para alimentar com conte\u00fados relevantes. Fa\u00e7a o seu e pare de ficar pagando pau para os famosos, verdade.<\/span><\/p>\n<h4><b>Continue! Continue! N\u00e3o pare!<\/b><\/h4>\n<p><span style=\"font-weight: 400;\">N\u00e3o \u00e9 o momento de parar! Tudo isso \u00e9 novo para todos n\u00f3s e n\u00e3o pode ser uma trauma. Posso propor um desafio? COnVIDe-19 novas pessoas por dia para conhecerem sua m\u00fasica durante essa quarentena. Mas, tente ser personalizado, chame pelo nome e d\u00ea aquela olhada na linha do tempo para perceber uma conex\u00e3o boa e iniciar o papo.\u00a0<\/span><\/p>\n<p><span style=\"font-weight: 400;\">Por hoje e nos pr\u00f3ximos dias \u00e9 isso! Voc\u00ea j\u00e1 me conhece, sabe que estou junto com voc\u00ea, mas neste quero provocar voc\u00ea para fazer! Lembre-se: continue, n\u00e3o pare.\u00a0<\/span><\/p>\n<p><span style=\"font-weight: 400;\">Vai passar! E quando a crise acabar, aqueles que n\u00e3o foram esquecidos ser\u00e3o contratados para novos shows.\u00a0<\/span><\/p>\n<p><b>Ps:<\/b><span style=\"font-weight: 400;\"> Se voc\u00ea n\u00e3o quiser ser esquecido e decidir aproveitar esse momento para agir fora da caixa, me chame para um or\u00e7amento de marketing musical e a\u00e7\u00f5es espec\u00edficas para este momento.\u00a0<\/span><\/p>\n<p>[maxbutton id=&#8221;2&#8243; ]<\/p>\n<p>&nbsp;<\/p>\n<p>&nbsp;<\/p>\n","protected":false},"excerpt":{"rendered":"<p>Ei cantor! Que come\u00e7o de temporada diferente e preocupante, n\u00e3o? Depois das rotinas e luta pelo hit ver\u00e3o, a m\u00fasica deveria se voltar para os rodeios, exposi\u00e7\u00f5es e agenda de shows pelos diversos cantos e regi\u00f5es do Brasil. SQN \ud83d\ude15 At\u00e9 deu uma saudade de anos anteriores, n\u00e9? No entanto, o que vemos neste momento [&hellip;]<\/p>\n","protected":false},"author":10,"featured_media":914,"comment_status":"closed","ping_status":"closed","sticky":false,"template":"","format":"image","meta":{"ocean_post_layout":"","ocean_both_sidebars_style":"","ocean_both_sidebars_content_width":0,"ocean_both_sidebars_sidebars_width":0,"ocean_sidebar":"","ocean_second_sidebar":"","ocean_disable_margins":"enable","ocean_add_body_class":"","ocean_shortcode_before_top_bar":"","ocean_shortcode_after_top_bar":"","ocean_shortcode_before_header":"","ocean_shortcode_after_header":"","ocean_has_shortcode":"","ocean_shortcode_after_title":"","ocean_shortcode_before_footer_widgets":"","ocean_shortcode_after_footer_widgets":"","ocean_shortcode_before_footer_bottom":"","ocean_shortcode_after_footer_bottom":"","ocean_display_top_bar":"default","ocean_display_header":"default","ocean_header_style":"","ocean_center_header_left_menu":"","ocean_custom_header_template":"","ocean_custom_logo":0,"ocean_custom_retina_logo":0,"ocean_custom_logo_max_width":0,"ocean_custom_logo_tablet_max_width":0,"ocean_custom_logo_mobile_max_width":0,"ocean_custom_logo_max_height":0,"ocean_custom_logo_tablet_max_height":0,"ocean_custom_logo_mobile_max_height":0,"ocean_header_custom_menu":"","ocean_menu_typo_font_family":"","ocean_menu_typo_font_subset":"","ocean_menu_typo_font_size":0,"ocean_menu_typo_font_size_tablet":0,"ocean_menu_typo_font_size_mobile":0,"ocean_menu_typo_font_size_unit":"px","ocean_menu_typo_font_weight":"","ocean_menu_typo_font_weight_tablet":"","ocean_menu_typo_font_weight_mobile":"","ocean_menu_typo_transform":"","ocean_menu_typo_transform_tablet":"","ocean_menu_typo_transform_mobile":"","ocean_menu_typo_line_height":0,"ocean_menu_typo_line_height_tablet":0,"ocean_menu_typo_line_height_mobile":0,"ocean_menu_typo_line_height_unit":"","ocean_menu_typo_spacing":0,"ocean_menu_typo_spacing_tablet":0,"ocean_menu_typo_spacing_mobile":0,"ocean_menu_typo_spacing_unit":"","ocean_menu_link_color":"","ocean_menu_link_color_hover":"","ocean_menu_link_color_active":"","ocean_menu_link_background":"","ocean_menu_link_hover_background":"","ocean_menu_link_active_background":"","ocean_menu_social_links_bg":"","ocean_menu_social_hover_links_bg":"","ocean_menu_social_links_color":"","ocean_menu_social_hover_links_color":"","ocean_disable_title":"default","ocean_disable_heading":"default","ocean_post_title":"","ocean_post_subheading":"","ocean_post_title_style":"","ocean_post_title_background_color":"","ocean_post_title_background":0,"ocean_post_title_bg_image_position":"","ocean_post_title_bg_image_attachment":"","ocean_post_title_bg_image_repeat":"","ocean_post_title_bg_image_size":"","ocean_post_title_height":0,"ocean_post_title_bg_overlay":0.5,"ocean_post_title_bg_overlay_color":"","ocean_disable_breadcrumbs":"default","ocean_breadcrumbs_color":"","ocean_breadcrumbs_separator_color":"","ocean_breadcrumbs_links_color":"","ocean_breadcrumbs_links_hover_color":"","ocean_display_footer_widgets":"default","ocean_display_footer_bottom":"default","ocean_custom_footer_template":"","ocean_post_oembed":"","ocean_post_self_hosted_media":"","ocean_post_video_embed":"","ocean_link_format":"","ocean_link_format_target":"self","ocean_quote_format":"","ocean_quote_format_link":"post","ocean_gallery_link_images":"on","ocean_gallery_id":[],"footnotes":""},"categories":[107],"tags":[73,72,71],"class_list":["post-913","post","type-post","status-publish","format-image","has-post-thumbnail","hentry","category-gestao-de-carreira-musical","tag-cancelamento-de-shows","tag-coronavirus","tag-coronavirus-na-musica","post_format-post-format-image","entry","has-media"],"yoast_head":"<!-- This site is optimized with the Yoast SEO plugin v27.4 - https:\/\/yoast.com\/product\/yoast-seo-wordpress\/ -->\n<title>Coronav\u00edrus na M\u00fasica: Como n\u00e3o ser esquecido em tempos de shows cancelados - Marketing Musical com Dhiego Bicudo<\/title>\n<meta name=\"description\" content=\"O que fazer com todos os shows cancelados por causa do Corona V\u00edrus? Tem v\u00e1rias ideias neste artigo para voc\u00ea n\u00e3o ser esquecido nesse tempo.\" \/>\n<meta name=\"robots\" content=\"index, follow, max-snippet:-1, max-image-preview:large, max-video-preview:-1\" \/>\n<link rel=\"canonical\" href=\"https:\/\/icomp.com.br\/camarim\/coronavirus-na-musica-como-nao-ser-esquecido-em-tempos-de-shows-cancelados\/\" \/>\n<meta property=\"og:locale\" content=\"pt_BR\" \/>\n<meta property=\"og:type\" content=\"article\" \/>\n<meta property=\"og:title\" content=\"Coronav\u00edrus na M\u00fasica: Como n\u00e3o ser esquecido em tempos de shows cancelados - Marketing Musical com Dhiego Bicudo\" \/>\n<meta property=\"og:description\" content=\"O que fazer com todos os shows cancelados por causa do Corona V\u00edrus? Tem v\u00e1rias ideias neste artigo para voc\u00ea n\u00e3o ser esquecido nesse tempo.\" \/>\n<meta property=\"og:url\" content=\"https:\/\/icomp.com.br\/camarim\/coronavirus-na-musica-como-nao-ser-esquecido-em-tempos-de-shows-cancelados\/\" \/>\n<meta property=\"og:site_name\" content=\"Marketing Musical com Dhiego Bicudo\" \/>\n<meta property=\"article:publisher\" content=\"https:\/\/www.facebook.com\/agenciaicomp\" \/>\n<meta property=\"article:published_time\" content=\"2023-03-20T18:10:53+00:00\" \/>\n<meta property=\"article:modified_time\" content=\"2025-01-24T20:24:11+00:00\" \/>\n<meta property=\"og:image\" content=\"https:\/\/icomp.com.br\/camarim\/wp-content\/uploads\/2020\/03\/Coronavirus-na-musica.jpg\" \/>\n\t<meta property=\"og:image:width\" content=\"2048\" \/>\n\t<meta property=\"og:image:height\" content=\"1365\" \/>\n\t<meta property=\"og:image:type\" content=\"image\/jpeg\" \/>\n<meta name=\"author\" content=\"Dhiego Bicudo\" \/>\n<meta name=\"twitter:card\" content=\"summary_large_image\" \/>\n<meta name=\"twitter:label1\" content=\"Escrito por\" \/>\n\t<meta name=\"twitter:data1\" content=\"Dhiego Bicudo\" \/>\n\t<meta name=\"twitter:label2\" content=\"Est. tempo de leitura\" \/>\n\t<meta name=\"twitter:data2\" content=\"6 minutos\" \/>\n<script type=\"application\/ld+json\" class=\"yoast-schema-graph\">{\"@context\":\"https:\\\/\\\/schema.org\",\"@graph\":[{\"@type\":\"Article\",\"@id\":\"https:\\\/\\\/icomp.com.br\\\/camarim\\\/coronavirus-na-musica-como-nao-ser-esquecido-em-tempos-de-shows-cancelados\\\/#article\",\"isPartOf\":{\"@id\":\"https:\\\/\\\/icomp.com.br\\\/camarim\\\/coronavirus-na-musica-como-nao-ser-esquecido-em-tempos-de-shows-cancelados\\\/\"},\"author\":{\"name\":\"Dhiego Bicudo\",\"@id\":\"https:\\\/\\\/icomp.com.br\\\/camarim\\\/#\\\/schema\\\/person\\\/d10a1b1471cde95c3738b4de07287002\"},\"headline\":\"Coronav\u00edrus na M\u00fasica: Como n\u00e3o ser esquecido em tempos de shows cancelados\",\"datePublished\":\"2023-03-20T18:10:53+00:00\",\"dateModified\":\"2025-01-24T20:24:11+00:00\",\"mainEntityOfPage\":{\"@id\":\"https:\\\/\\\/icomp.com.br\\\/camarim\\\/coronavirus-na-musica-como-nao-ser-esquecido-em-tempos-de-shows-cancelados\\\/\"},\"wordCount\":1165,\"publisher\":{\"@id\":\"https:\\\/\\\/icomp.com.br\\\/camarim\\\/#organization\"},\"image\":{\"@id\":\"https:\\\/\\\/icomp.com.br\\\/camarim\\\/coronavirus-na-musica-como-nao-ser-esquecido-em-tempos-de-shows-cancelados\\\/#primaryimage\"},\"thumbnailUrl\":\"https:\\\/\\\/icomp.com.br\\\/camarim\\\/wp-content\\\/uploads\\\/2020\\\/03\\\/Coronavirus-na-musica.jpg\",\"keywords\":[\"cancelamento de shows\",\"coronavirus\",\"Coronav\u00edrus na M\u00fasica\"],\"articleSection\":[\"Gest\u00e3o de Carreira Musical\"],\"inLanguage\":\"pt-BR\"},{\"@type\":\"WebPage\",\"@id\":\"https:\\\/\\\/icomp.com.br\\\/camarim\\\/coronavirus-na-musica-como-nao-ser-esquecido-em-tempos-de-shows-cancelados\\\/\",\"url\":\"https:\\\/\\\/icomp.com.br\\\/camarim\\\/coronavirus-na-musica-como-nao-ser-esquecido-em-tempos-de-shows-cancelados\\\/\",\"name\":\"Coronav\u00edrus na M\u00fasica: Como n\u00e3o ser esquecido em tempos de shows cancelados - Marketing Musical com Dhiego Bicudo\",\"isPartOf\":{\"@id\":\"https:\\\/\\\/icomp.com.br\\\/camarim\\\/#website\"},\"primaryImageOfPage\":{\"@id\":\"https:\\\/\\\/icomp.com.br\\\/camarim\\\/coronavirus-na-musica-como-nao-ser-esquecido-em-tempos-de-shows-cancelados\\\/#primaryimage\"},\"image\":{\"@id\":\"https:\\\/\\\/icomp.com.br\\\/camarim\\\/coronavirus-na-musica-como-nao-ser-esquecido-em-tempos-de-shows-cancelados\\\/#primaryimage\"},\"thumbnailUrl\":\"https:\\\/\\\/icomp.com.br\\\/camarim\\\/wp-content\\\/uploads\\\/2020\\\/03\\\/Coronavirus-na-musica.jpg\",\"datePublished\":\"2023-03-20T18:10:53+00:00\",\"dateModified\":\"2025-01-24T20:24:11+00:00\",\"description\":\"O que fazer com todos os shows cancelados por causa do Corona V\u00edrus? Tem v\u00e1rias ideias neste artigo para voc\u00ea n\u00e3o ser esquecido nesse tempo.\",\"breadcrumb\":{\"@id\":\"https:\\\/\\\/icomp.com.br\\\/camarim\\\/coronavirus-na-musica-como-nao-ser-esquecido-em-tempos-de-shows-cancelados\\\/#breadcrumb\"},\"inLanguage\":\"pt-BR\",\"potentialAction\":[{\"@type\":\"ReadAction\",\"target\":[\"https:\\\/\\\/icomp.com.br\\\/camarim\\\/coronavirus-na-musica-como-nao-ser-esquecido-em-tempos-de-shows-cancelados\\\/\"]}]},{\"@type\":\"ImageObject\",\"inLanguage\":\"pt-BR\",\"@id\":\"https:\\\/\\\/icomp.com.br\\\/camarim\\\/coronavirus-na-musica-como-nao-ser-esquecido-em-tempos-de-shows-cancelados\\\/#primaryimage\",\"url\":\"https:\\\/\\\/icomp.com.br\\\/camarim\\\/wp-content\\\/uploads\\\/2020\\\/03\\\/Coronavirus-na-musica.jpg\",\"contentUrl\":\"https:\\\/\\\/icomp.com.br\\\/camarim\\\/wp-content\\\/uploads\\\/2020\\\/03\\\/Coronavirus-na-musica.jpg\",\"width\":2048,\"height\":1365},{\"@type\":\"BreadcrumbList\",\"@id\":\"https:\\\/\\\/icomp.com.br\\\/camarim\\\/coronavirus-na-musica-como-nao-ser-esquecido-em-tempos-de-shows-cancelados\\\/#breadcrumb\",\"itemListElement\":[{\"@type\":\"ListItem\",\"position\":1,\"name\":\"Home\",\"item\":\"https:\\\/\\\/icomp.com.br\\\/camarim\\\/\"},{\"@type\":\"ListItem\",\"position\":2,\"name\":\"Coronav\u00edrus na M\u00fasica: Como n\u00e3o ser esquecido em tempos de shows cancelados\"}]},{\"@type\":\"WebSite\",\"@id\":\"https:\\\/\\\/icomp.com.br\\\/camarim\\\/#website\",\"url\":\"https:\\\/\\\/icomp.com.br\\\/camarim\\\/\",\"name\":\"Marketing Musical com Dhiego Bicudo\",\"description\":\"Conhe\u00e7a as estrat\u00e9gias no marketing musical que uso na Ag\u00eancia ICOMP para transformar cantores, duplas e bandas em artistas reconhecidos\",\"publisher\":{\"@id\":\"https:\\\/\\\/icomp.com.br\\\/camarim\\\/#organization\"},\"potentialAction\":[{\"@type\":\"SearchAction\",\"target\":{\"@type\":\"EntryPoint\",\"urlTemplate\":\"https:\\\/\\\/icomp.com.br\\\/camarim\\\/?s={search_term_string}\"},\"query-input\":{\"@type\":\"PropertyValueSpecification\",\"valueRequired\":true,\"valueName\":\"search_term_string\"}}],\"inLanguage\":\"pt-BR\"},{\"@type\":\"Organization\",\"@id\":\"https:\\\/\\\/icomp.com.br\\\/camarim\\\/#organization\",\"name\":\"Marketing Musical com Dhiego Bicudo\",\"url\":\"https:\\\/\\\/icomp.com.br\\\/camarim\\\/\",\"logo\":{\"@type\":\"ImageObject\",\"inLanguage\":\"pt-BR\",\"@id\":\"https:\\\/\\\/icomp.com.br\\\/camarim\\\/#\\\/schema\\\/logo\\\/image\\\/\",\"url\":\"https:\\\/\\\/icomp.com.br\\\/camarim\\\/wp-content\\\/uploads\\\/2017\\\/10\\\/cropped-icone.png\",\"contentUrl\":\"https:\\\/\\\/icomp.com.br\\\/camarim\\\/wp-content\\\/uploads\\\/2017\\\/10\\\/cropped-icone.png\",\"width\":512,\"height\":512,\"caption\":\"Marketing Musical com Dhiego Bicudo\"},\"image\":{\"@id\":\"https:\\\/\\\/icomp.com.br\\\/camarim\\\/#\\\/schema\\\/logo\\\/image\\\/\"},\"sameAs\":[\"https:\\\/\\\/www.facebook.com\\\/agenciaicomp\",\"https:\\\/\\\/www.instagram.com\\\/dhiegobicudo\",\"https:\\\/\\\/www.linkedin.com\\\/in\\\/dhiegobicudo\",\"https:\\\/\\\/www.youtube.com\\\/@TrilhadoCantor\"]},{\"@type\":\"Person\",\"@id\":\"https:\\\/\\\/icomp.com.br\\\/camarim\\\/#\\\/schema\\\/person\\\/d10a1b1471cde95c3738b4de07287002\",\"name\":\"Dhiego Bicudo\",\"image\":{\"@type\":\"ImageObject\",\"inLanguage\":\"pt-BR\",\"@id\":\"https:\\\/\\\/secure.gravatar.com\\\/avatar\\\/199e5081b46939e9add8e7fc06e802eb2f43ff99423ca0ef09d71f21882a5c49?s=96&d=mm&r=g\",\"url\":\"https:\\\/\\\/secure.gravatar.com\\\/avatar\\\/199e5081b46939e9add8e7fc06e802eb2f43ff99423ca0ef09d71f21882a5c49?s=96&d=mm&r=g\",\"contentUrl\":\"https:\\\/\\\/secure.gravatar.com\\\/avatar\\\/199e5081b46939e9add8e7fc06e802eb2f43ff99423ca0ef09d71f21882a5c49?s=96&d=mm&r=g\",\"caption\":\"Dhiego Bicudo\"},\"description\":\"possui muita experi\u00eancia em estrat\u00e9gias de marketing musical para cantores, duplas e bandas na Ag\u00eancia ICOMP\",\"url\":\"https:\\\/\\\/icomp.com.br\\\/camarim\\\/author\\\/d2ecf63ba8a1943f\\\/\"}]}<\/script>\n<!-- \/ Yoast SEO plugin. -->","yoast_head_json":{"title":"Coronav\u00edrus na M\u00fasica: Como n\u00e3o ser esquecido em tempos de shows cancelados - Marketing Musical com Dhiego Bicudo","description":"O que fazer com todos os shows cancelados por causa do Corona V\u00edrus? Tem v\u00e1rias ideias neste artigo para voc\u00ea n\u00e3o ser esquecido nesse tempo.","robots":{"index":"index","follow":"follow","max-snippet":"max-snippet:-1","max-image-preview":"max-image-preview:large","max-video-preview":"max-video-preview:-1"},"canonical":"https:\/\/icomp.com.br\/camarim\/coronavirus-na-musica-como-nao-ser-esquecido-em-tempos-de-shows-cancelados\/","og_locale":"pt_BR","og_type":"article","og_title":"Coronav\u00edrus na M\u00fasica: Como n\u00e3o ser esquecido em tempos de shows cancelados - Marketing Musical com Dhiego Bicudo","og_description":"O que fazer com todos os shows cancelados por causa do Corona V\u00edrus? Tem v\u00e1rias ideias neste artigo para voc\u00ea n\u00e3o ser esquecido nesse tempo.","og_url":"https:\/\/icomp.com.br\/camarim\/coronavirus-na-musica-como-nao-ser-esquecido-em-tempos-de-shows-cancelados\/","og_site_name":"Marketing Musical com Dhiego Bicudo","article_publisher":"https:\/\/www.facebook.com\/agenciaicomp","article_published_time":"2023-03-20T18:10:53+00:00","article_modified_time":"2025-01-24T20:24:11+00:00","og_image":[{"width":2048,"height":1365,"url":"https:\/\/icomp.com.br\/camarim\/wp-content\/uploads\/2020\/03\/Coronavirus-na-musica.jpg","type":"image\/jpeg"}],"author":"Dhiego Bicudo","twitter_card":"summary_large_image","twitter_misc":{"Escrito por":"Dhiego Bicudo","Est. tempo de leitura":"6 minutos"},"schema":{"@context":"https:\/\/schema.org","@graph":[{"@type":"Article","@id":"https:\/\/icomp.com.br\/camarim\/coronavirus-na-musica-como-nao-ser-esquecido-em-tempos-de-shows-cancelados\/#article","isPartOf":{"@id":"https:\/\/icomp.com.br\/camarim\/coronavirus-na-musica-como-nao-ser-esquecido-em-tempos-de-shows-cancelados\/"},"author":{"name":"Dhiego Bicudo","@id":"https:\/\/icomp.com.br\/camarim\/#\/schema\/person\/d10a1b1471cde95c3738b4de07287002"},"headline":"Coronav\u00edrus na M\u00fasica: Como n\u00e3o ser esquecido em tempos de shows cancelados","datePublished":"2023-03-20T18:10:53+00:00","dateModified":"2025-01-24T20:24:11+00:00","mainEntityOfPage":{"@id":"https:\/\/icomp.com.br\/camarim\/coronavirus-na-musica-como-nao-ser-esquecido-em-tempos-de-shows-cancelados\/"},"wordCount":1165,"publisher":{"@id":"https:\/\/icomp.com.br\/camarim\/#organization"},"image":{"@id":"https:\/\/icomp.com.br\/camarim\/coronavirus-na-musica-como-nao-ser-esquecido-em-tempos-de-shows-cancelados\/#primaryimage"},"thumbnailUrl":"https:\/\/icomp.com.br\/camarim\/wp-content\/uploads\/2020\/03\/Coronavirus-na-musica.jpg","keywords":["cancelamento de shows","coronavirus","Coronav\u00edrus na M\u00fasica"],"articleSection":["Gest\u00e3o de Carreira Musical"],"inLanguage":"pt-BR"},{"@type":"WebPage","@id":"https:\/\/icomp.com.br\/camarim\/coronavirus-na-musica-como-nao-ser-esquecido-em-tempos-de-shows-cancelados\/","url":"https:\/\/icomp.com.br\/camarim\/coronavirus-na-musica-como-nao-ser-esquecido-em-tempos-de-shows-cancelados\/","name":"Coronav\u00edrus na M\u00fasica: Como n\u00e3o ser esquecido em tempos de shows cancelados - Marketing Musical com Dhiego Bicudo","isPartOf":{"@id":"https:\/\/icomp.com.br\/camarim\/#website"},"primaryImageOfPage":{"@id":"https:\/\/icomp.com.br\/camarim\/coronavirus-na-musica-como-nao-ser-esquecido-em-tempos-de-shows-cancelados\/#primaryimage"},"image":{"@id":"https:\/\/icomp.com.br\/camarim\/coronavirus-na-musica-como-nao-ser-esquecido-em-tempos-de-shows-cancelados\/#primaryimage"},"thumbnailUrl":"https:\/\/icomp.com.br\/camarim\/wp-content\/uploads\/2020\/03\/Coronavirus-na-musica.jpg","datePublished":"2023-03-20T18:10:53+00:00","dateModified":"2025-01-24T20:24:11+00:00","description":"O que fazer com todos os shows cancelados por causa do Corona V\u00edrus? Tem v\u00e1rias ideias neste artigo para voc\u00ea n\u00e3o ser esquecido nesse tempo.","breadcrumb":{"@id":"https:\/\/icomp.com.br\/camarim\/coronavirus-na-musica-como-nao-ser-esquecido-em-tempos-de-shows-cancelados\/#breadcrumb"},"inLanguage":"pt-BR","potentialAction":[{"@type":"ReadAction","target":["https:\/\/icomp.com.br\/camarim\/coronavirus-na-musica-como-nao-ser-esquecido-em-tempos-de-shows-cancelados\/"]}]},{"@type":"ImageObject","inLanguage":"pt-BR","@id":"https:\/\/icomp.com.br\/camarim\/coronavirus-na-musica-como-nao-ser-esquecido-em-tempos-de-shows-cancelados\/#primaryimage","url":"https:\/\/icomp.com.br\/camarim\/wp-content\/uploads\/2020\/03\/Coronavirus-na-musica.jpg","contentUrl":"https:\/\/icomp.com.br\/camarim\/wp-content\/uploads\/2020\/03\/Coronavirus-na-musica.jpg","width":2048,"height":1365},{"@type":"BreadcrumbList","@id":"https:\/\/icomp.com.br\/camarim\/coronavirus-na-musica-como-nao-ser-esquecido-em-tempos-de-shows-cancelados\/#breadcrumb","itemListElement":[{"@type":"ListItem","position":1,"name":"Home","item":"https:\/\/icomp.com.br\/camarim\/"},{"@type":"ListItem","position":2,"name":"Coronav\u00edrus na M\u00fasica: Como n\u00e3o ser esquecido em tempos de shows cancelados"}]},{"@type":"WebSite","@id":"https:\/\/icomp.com.br\/camarim\/#website","url":"https:\/\/icomp.com.br\/camarim\/","name":"Marketing Musical com Dhiego Bicudo","description":"Conhe\u00e7a as estrat\u00e9gias no marketing musical que uso na Ag\u00eancia ICOMP para transformar cantores, duplas e bandas em artistas reconhecidos","publisher":{"@id":"https:\/\/icomp.com.br\/camarim\/#organization"},"potentialAction":[{"@type":"SearchAction","target":{"@type":"EntryPoint","urlTemplate":"https:\/\/icomp.com.br\/camarim\/?s={search_term_string}"},"query-input":{"@type":"PropertyValueSpecification","valueRequired":true,"valueName":"search_term_string"}}],"inLanguage":"pt-BR"},{"@type":"Organization","@id":"https:\/\/icomp.com.br\/camarim\/#organization","name":"Marketing Musical com Dhiego Bicudo","url":"https:\/\/icomp.com.br\/camarim\/","logo":{"@type":"ImageObject","inLanguage":"pt-BR","@id":"https:\/\/icomp.com.br\/camarim\/#\/schema\/logo\/image\/","url":"https:\/\/icomp.com.br\/camarim\/wp-content\/uploads\/2017\/10\/cropped-icone.png","contentUrl":"https:\/\/icomp.com.br\/camarim\/wp-content\/uploads\/2017\/10\/cropped-icone.png","width":512,"height":512,"caption":"Marketing Musical com Dhiego Bicudo"},"image":{"@id":"https:\/\/icomp.com.br\/camarim\/#\/schema\/logo\/image\/"},"sameAs":["https:\/\/www.facebook.com\/agenciaicomp","https:\/\/www.instagram.com\/dhiegobicudo","https:\/\/www.linkedin.com\/in\/dhiegobicudo","https:\/\/www.youtube.com\/@TrilhadoCantor"]},{"@type":"Person","@id":"https:\/\/icomp.com.br\/camarim\/#\/schema\/person\/d10a1b1471cde95c3738b4de07287002","name":"Dhiego Bicudo","image":{"@type":"ImageObject","inLanguage":"pt-BR","@id":"https:\/\/secure.gravatar.com\/avatar\/199e5081b46939e9add8e7fc06e802eb2f43ff99423ca0ef09d71f21882a5c49?s=96&d=mm&r=g","url":"https:\/\/secure.gravatar.com\/avatar\/199e5081b46939e9add8e7fc06e802eb2f43ff99423ca0ef09d71f21882a5c49?s=96&d=mm&r=g","contentUrl":"https:\/\/secure.gravatar.com\/avatar\/199e5081b46939e9add8e7fc06e802eb2f43ff99423ca0ef09d71f21882a5c49?s=96&d=mm&r=g","caption":"Dhiego Bicudo"},"description":"possui muita experi\u00eancia em estrat\u00e9gias de marketing musical para cantores, duplas e bandas na Ag\u00eancia ICOMP","url":"https:\/\/icomp.com.br\/camarim\/author\/d2ecf63ba8a1943f\/"}]}},"_links":{"self":[{"href":"https:\/\/icomp.com.br\/camarim\/wp-json\/wp\/v2\/posts\/913","targetHints":{"allow":["GET"]}}],"collection":[{"href":"https:\/\/icomp.com.br\/camarim\/wp-json\/wp\/v2\/posts"}],"about":[{"href":"https:\/\/icomp.com.br\/camarim\/wp-json\/wp\/v2\/types\/post"}],"author":[{"embeddable":true,"href":"https:\/\/icomp.com.br\/camarim\/wp-json\/wp\/v2\/users\/10"}],"replies":[{"embeddable":true,"href":"https:\/\/icomp.com.br\/camarim\/wp-json\/wp\/v2\/comments?post=913"}],"version-history":[{"count":0,"href":"https:\/\/icomp.com.br\/camarim\/wp-json\/wp\/v2\/posts\/913\/revisions"}],"wp:featuredmedia":[{"embeddable":true,"href":"https:\/\/icomp.com.br\/camarim\/wp-json\/wp\/v2\/media\/914"}],"wp:attachment":[{"href":"https:\/\/icomp.com.br\/camarim\/wp-json\/wp\/v2\/media?parent=913"}],"wp:term":[{"taxonomy":"category","embeddable":true,"href":"https:\/\/icomp.com.br\/camarim\/wp-json\/wp\/v2\/categories?post=913"},{"taxonomy":"post_tag","embeddable":true,"href":"https:\/\/icomp.com.br\/camarim\/wp-json\/wp\/v2\/tags?post=913"}],"curies":[{"name":"wp","href":"https:\/\/api.w.org\/{rel}","templated":true}]}}