{"id":972,"date":"2023-08-26T14:35:40","date_gmt":"2023-08-26T17:35:40","guid":{"rendered":"http:\/\/www.icomp.com.br\/camarim\/?p=972"},"modified":"2025-01-24T17:18:29","modified_gmt":"2025-01-24T20:18:29","slug":"bastidores-do-mercado-da-musica-coisas-que-nunca-te-contaram","status":"publish","type":"post","link":"https:\/\/icomp.com.br\/camarim\/bastidores-do-mercado-da-musica-coisas-que-nunca-te-contaram\/","title":{"rendered":"Bastidores do mercado da m\u00fasica: coisas que nunca te contaram"},"content":{"rendered":"<p><span style=\"font-weight: 400;\">Opa! O que rola no backstage da sua carreira?\u00a0\u00a0<\/span><\/p>\n<p><span style=\"font-weight: 400;\">Voc\u00ea que \u00e9 artista provavelmente sabe o quanto os bastidores do <\/span><b>mercado da m\u00fasica<\/b><span style=\"font-weight: 400;\">\u00a0mudam rapidamente. Tudo rola de uma hora para outra e voc\u00ea precisa estar preparado para o que pode acontecer.\u00a0<\/span><\/p>\n<p><span style=\"font-weight: 400;\">Afinal, o show \u00e9 algo muito importante para sua carreira, para toda a equipe e para quem pagou para estar ali.\u00a0<\/span><\/p>\n<p><span style=\"font-weight: 400;\">H\u00e1 muuuitas pessoas envolvidas no backstage de um show, grava\u00e7\u00e3o de m\u00fasica ou qualquer outro projeto do cen\u00e1rio m\u00fasical. S\u00f3 quem viveu essa experi\u00eancia consegue transmitir um testemunho genu\u00edno de como funciona toda a loucura do mercado da m\u00fasica sem todo o glamour que o p\u00fablico conhece.\u00a0<\/span><\/p>\n<p><span style=\"font-weight: 400;\">Ent\u00e3o o assunto de hoje \u00e9: coisas que n\u00e3o te contaram sobre os bastidores no mercado da m\u00fasica. Aqui, voc\u00ea vai conferir algumas dicas valiosas que v\u00e3o fazer toda a diferen\u00e7a nos seus pr\u00f3ximos projetos que envolverem uma equipe maior.\u00a0<\/span><\/p>\n<p><span style=\"font-weight: 400;\">O convidado para este conte\u00fado foi o <\/span><a href=\"https:\/\/www.instagram.com\/tiba_bem\/\"><span style=\"font-weight: 400;\">Cleber Tiba<\/span><\/a><span style=\"font-weight: 400;\">, empres\u00e1rio musical experiente, atualmente na gest\u00e3o da dupla <\/span><a href=\"https:\/\/sl.onerpm.com\/7872878589?_ga=2.67768209.1823032696.1574103893-1997621087.1511788317\"><span style=\"font-weight: 400;\">Brenno e Matheus<\/span><\/a><span style=\"font-weight: 400;\">\u00a0<\/span><\/p>\n<p><span style=\"font-weight: 400;\">N\u00f3s tivemos uma conversa de quase 2 horas em 2 lives no meu perfil do Instagram. O conte\u00fado abaixo \u00e9 apenas um recorte desse tema, mas se voc\u00ea quiser ir mais fundo <\/span><a href=\"https:\/\/www.instagram.com\/tv\/CAvu-W7js03\/\"><span style=\"font-weight: 400;\">assista a live completa neste link<\/span><\/a><span style=\"font-weight: 400;\">. Combinado?<\/span><span style=\"font-weight: 400;\">\u00a0<\/span><\/p>\n<p><span style=\"font-weight: 400;\">Bora conferir, ent\u00e3o? Acompanha comigo e aprenda tudo sobre os bastidores do mercado da m\u00fasica.<\/span><\/p>\n<h2><span style=\"font-weight: 400;\">Tudo tem que ser pensado no coletivo!<\/span><\/h2>\n<p><span style=\"font-weight: 400;\">Ter um olhar cuidadoso com a equipe \u00e9 uma das coisas mais importantes no cen\u00e1rio musical, tanto na hora de organizar um show quanto na hora de gravar uma m\u00fasica no est\u00fadio.\u00a0<\/span><\/p>\n<p><span style=\"font-weight: 400;\">Uma coisa que eu gosto sempre de lembrar a todos os colaboradores envolvidos em um projeto musical \u00e9 que a equipe \u00e9 um coletivo. Esque\u00e7a essa hist\u00f3ria de manter o foco apenas no cantor ou na dupla! Obviamente eles s\u00e3o o grande destaque de qualquer evento, mas as outras pessoas envolvidas tamb\u00e9m s\u00e3o de extrema import\u00e2ncia para que tudo d\u00ea certo.\u00a0<\/span><\/p>\n<p><span style=\"font-weight: 400;\">Quando voc\u00ea entende da ponta inicial at\u00e9 a ponta final dos seus bastidores, \u00e9 poss\u00edvel conduzir tudo com tranquilidade e seguran\u00e7a.\u00a0<\/span><\/p>\n<h2><span style=\"font-weight: 400;\">Saiba lidar com pessoas<\/span><\/h2>\n<p><span style=\"font-weight: 400;\">Eu sou eu e voc\u00ea \u00e9 voc\u00ea \ud83d\ude02\u00a0<\/span><\/p>\n<p><span style=\"font-weight: 400;\">Apesar de conduzir a equipe como um coletivo, uma das caracter\u00edsticas mais importantes que um profissional da m\u00fasica deve ter \u00e9 saber analisar as peculiaridades de cada pessoa da equipe.\u00a0<\/span><\/p>\n<p><span style=\"font-weight: 400;\">Afinal, cada indiv\u00edduo tem suas limita\u00e7\u00f5es, talentos e caracter\u00edsticas que devem ser aprimoradas e coordenadas. Somente dessa forma \u00e9 poss\u00edvel elevar o crescimento da equipe a um novo patamar.\u00a0<\/span><\/p>\n<p><span style=\"font-weight: 400;\">Al\u00e9m disso, voc\u00ea deve reconhecer os seus profissionais e traz\u00ea-los para perto sempre que necess\u00e1rio, beleza?<\/span><\/p>\n<h2><span style=\"font-weight: 400;\">Amigos, amigos&#8230;<\/span><\/h2>\n<p><span style=\"font-weight: 400;\">Voc\u00ea j\u00e1 ouviu aquela frase: <\/span><i><span style=\"font-weight: 400;\">\u201cAmigos, amigos\u2026 Neg\u00f3cios \u00e0 parte\u201d<\/span><\/i><span style=\"font-weight: 400;\">? \ud83d\udc40 Pois, ent\u00e3o, no mundo da m\u00fasica isso n\u00e3o \u00e9 diferente.\u00a0<\/span><\/p>\n<p><span style=\"font-weight: 400;\">Na verdade, depende da forma como voc\u00ea enxerga a situa\u00e7\u00e3o.<\/span><\/p>\n<p><span style=\"font-weight: 400;\">Eu, por exemplo, acho que aquele seu amigo que pede credenciais em todo show n\u00e3o \u00e9 uma pessoa que acredita no seu potencial na m\u00fasica. Pode at\u00e9 doer uma verdade como essa\u2026 Mas distribuir credenciais para \u201camigos\u201d n\u00e3o ajuda a pagar o seu sal\u00e1rio, certo?<\/span><\/p>\n<p><span style=\"font-weight: 400;\">Amigo de verdade \u00e9 aquele que paga o seu show e ainda divulga para quem ele conhece. Essa pessoa sabe o valor envolvido no projeto e acredita no valor do seu trabalho.\u00a0<\/span><\/p>\n<p><span style=\"font-weight: 400;\">Ent\u00e3o, esteja sempre atento com esses pontos.\u00a0<\/span><\/p>\n<p><span style=\"font-weight: 400;\">Se quiser uma consultoria com algu\u00e9m de confian\u00e7a e que entenda muito sobre os bastidores do mercado da m\u00fasica, n\u00e3o deixe de <\/span><a href=\"http:\/\/conteudo.icomp.com.br\/consultoria\"><span style=\"font-weight: 400;\">agendar uma consultoria comigo<\/span><\/a><span style=\"font-weight: 400;\">.\u00a0<\/span><\/p>\n<h2><span style=\"font-weight: 400;\">D\u00ea votos de confian\u00e7a<\/span><\/h2>\n<p><span style=\"font-weight: 400;\">Calma, a dica anterior n\u00e3o foi para te deixar pirado com tudo e com todos!\u00a0<\/span><\/p>\n<p><span style=\"font-weight: 400;\">Profissionais da m\u00fasica precisam entender que existem pessoas de confian\u00e7a dispostas a apoiar e trabalhar em diferentes projetos musicais. Por isso, uma dica valiosa que eu tenho pra te dar \u00e9: d\u00ea votos de confian\u00e7a para aquelas pessoas que se mostram verdadeiramente engajadas com seu talento.<\/span><\/p>\n<p><span style=\"font-weight: 400;\">Perder um funcion\u00e1rio de ouro pode ser extremamente prejudicial no mercado da m\u00fasica, e voc\u00ea s\u00f3 vai sentir falta quando ele j\u00e1 tiver ido embora&#8230;<\/span><\/p>\n<h2><span style=\"font-weight: 400;\">A verdade precisa ser di\u00e1ria<\/span><\/h2>\n<p><span style=\"font-weight: 400;\">Como eu j\u00e1 disse no come\u00e7o deste conte\u00fado, todo mundo da equipe \u00e9 importante nos bastidores da m\u00fasica. Seja aquele cara que organiza os cabos, a mo\u00e7a da limpeza dos camarins, o cantor\u2026 TODO MUNDO!<\/span><\/p>\n<p><span style=\"font-weight: 400;\">Para que essa equipe continue trabalhando da maneira que voc\u00ea precisa, \u00e9 necess\u00e1rio que aconte\u00e7a entregas di\u00e1rias que todas as pessoas envolvidas sintam.\u00a0<\/span><\/p>\n<p><i><span style=\"font-weight: 400;\">\u201cComo assim entregas di\u00e1rias, Dhiego?\u201d<\/span><\/i><\/p>\n<p><span style=\"font-weight: 400;\">Quando eu digo entregas di\u00e1rias estou me referindo a emo\u00e7\u00e3o e alegria que a equipe precisa sentir a cada show novo, <a href=\"http:\/\/www.icomp.com.br\/camarim\/deezer-youtube-music-ou-spotify-qual-e-melhor-para-o-artista-divulgar-suas-musicas\/\">grava\u00e7\u00e3o de m\u00fasica<\/a> ou qualquer outro trampo. Quando a galera est\u00e1 animada e sente a energia coletiva, o projeto flui numa boa e todo mundo mergulha de cabe\u00e7a.\u00a0<\/span><\/p>\n<p><span style=\"font-weight: 400;\">Ent\u00e3o, esteja sempre preparado para transformar cada dia em uma nova experi\u00eancia. Afinal, a felicidade da galera \u00e9 o seu escrit\u00f3rio!<\/span><\/p>\n<h2><span style=\"font-weight: 400;\">N\u00e3o existe receita para o sucesso<\/span><\/h2>\n<p><span style=\"font-weight: 400;\">Se existisse uma receita para o sucesso, voc\u00ea provavelmente n\u00e3o estaria conferindo esse conte\u00fado do meu blog, n\u00e9? \ud83d\ude01<\/span><\/p>\n<p><span style=\"font-weight: 400;\">N\u00e3o existe e provavelmente nunca vai existir uma receita efetiva para o sucesso no mundo da m\u00fasica. Existem caminhos que voc\u00ea pode seguir, mas, sem analisar o mercado, dificilmente chegar\u00e1 perto de fazer sucesso.\u00a0<\/span><\/p>\n<p><span style=\"font-weight: 400;\">Cada artista tem sua maneira de tocar a equipe e tudo depender\u00e1 da forma como voc\u00ea deseja conduzir os trabalhos.\u00a0<\/span><\/p>\n<h2><span style=\"font-weight: 400;\">Sua base \u00e9 seu ref\u00fagio<\/span><\/h2>\n<p><span style=\"font-weight: 400;\">Uma das coisas que provavelmente n\u00e3o te contaram sobre os bastidores no mundo da m\u00fasica \u00e9 que voc\u00ea precisa ter uma base longe dessa loucura que \u00e9 o mercado onde atuamos.\u00a0<\/span><\/p>\n<p><span style=\"font-weight: 400;\">Uma coisa \u00e9 voc\u00ea contar com a anima\u00e7\u00e3o di\u00e1ria da sua equipe na estrada e outra \u00e9 chegar em casa e encontrar uma pessoa da sua fam\u00edlia que voc\u00ea n\u00e3o v\u00ea a dias. Isso vai ajudar voc\u00ea a revigorar a energia para novos projetos e ideias, j\u00e1 que voc\u00ea tem uma base que sempre vai acreditar nos seus sonhos!\u00a0<\/span><\/p>\n<p><span style=\"font-weight: 400;\">E a\u00ed, deu pra entender um pouquinho sobre os bastidores do <\/span><b>mercado da m\u00fasica<\/b><span style=\"font-weight: 400;\">? Espero que essas dicas tenham servido para te incentivar a buscar o melhor da sua equipe e colaboradores! \ud83d\ude42<\/span><\/p>\n<p><span style=\"font-weight: 400;\">Caso queira marcar um papo cabe\u00e7a sobre tudo isso e mais um pouco, \u00e9 s\u00f3 <\/span><strong><a href=\"http:\/\/conteudo.icomp.com.br\/consultoria\">agendar por meio deste link.\u00a0\u00a0<\/a><\/strong><\/p>\n<p><span style=\"font-weight: 400;\">Valeu e at\u00e9 o pr\u00f3ximo conte\u00fado.\u00a0<\/span><\/p>\n","protected":false},"excerpt":{"rendered":"<p>Opa! O que rola no backstage da sua carreira?\u00a0\u00a0 Voc\u00ea que \u00e9 artista provavelmente sabe o quanto os bastidores do mercado da m\u00fasica\u00a0mudam rapidamente. Tudo rola de uma hora para outra e voc\u00ea precisa estar preparado para o que pode acontecer.\u00a0 Afinal, o show \u00e9 algo muito importante para sua carreira, para toda a equipe [&hellip;]<\/p>\n","protected":false},"author":10,"featured_media":981,"comment_status":"closed","ping_status":"closed","sticky":false,"template":"","format":"standard","meta":{"ocean_post_layout":"","ocean_both_sidebars_style":"","ocean_both_sidebars_content_width":0,"ocean_both_sidebars_sidebars_width":0,"ocean_sidebar":"","ocean_second_sidebar":"","ocean_disable_margins":"enable","ocean_add_body_class":"","ocean_shortcode_before_top_bar":"","ocean_shortcode_after_top_bar":"","ocean_shortcode_before_header":"","ocean_shortcode_after_header":"","ocean_has_shortcode":"","ocean_shortcode_after_title":"","ocean_shortcode_before_footer_widgets":"","ocean_shortcode_after_footer_widgets":"","ocean_shortcode_before_footer_bottom":"","ocean_shortcode_after_footer_bottom":"","ocean_display_top_bar":"default","ocean_display_header":"default","ocean_header_style":"","ocean_center_header_left_menu":"","ocean_custom_header_template":"","ocean_custom_logo":0,"ocean_custom_retina_logo":0,"ocean_custom_logo_max_width":0,"ocean_custom_logo_tablet_max_width":0,"ocean_custom_logo_mobile_max_width":0,"ocean_custom_logo_max_height":0,"ocean_custom_logo_tablet_max_height":0,"ocean_custom_logo_mobile_max_height":0,"ocean_header_custom_menu":"","ocean_menu_typo_font_family":"","ocean_menu_typo_font_subset":"","ocean_menu_typo_font_size":0,"ocean_menu_typo_font_size_tablet":0,"ocean_menu_typo_font_size_mobile":0,"ocean_menu_typo_font_size_unit":"px","ocean_menu_typo_font_weight":"","ocean_menu_typo_font_weight_tablet":"","ocean_menu_typo_font_weight_mobile":"","ocean_menu_typo_transform":"","ocean_menu_typo_transform_tablet":"","ocean_menu_typo_transform_mobile":"","ocean_menu_typo_line_height":0,"ocean_menu_typo_line_height_tablet":0,"ocean_menu_typo_line_height_mobile":0,"ocean_menu_typo_line_height_unit":"","ocean_menu_typo_spacing":0,"ocean_menu_typo_spacing_tablet":0,"ocean_menu_typo_spacing_mobile":0,"ocean_menu_typo_spacing_unit":"","ocean_menu_link_color":"","ocean_menu_link_color_hover":"","ocean_menu_link_color_active":"","ocean_menu_link_background":"","ocean_menu_link_hover_background":"","ocean_menu_link_active_background":"","ocean_menu_social_links_bg":"","ocean_menu_social_hover_links_bg":"","ocean_menu_social_links_color":"","ocean_menu_social_hover_links_color":"","ocean_disable_title":"default","ocean_disable_heading":"default","ocean_post_title":"","ocean_post_subheading":"","ocean_post_title_style":"","ocean_post_title_background_color":"","ocean_post_title_background":0,"ocean_post_title_bg_image_position":"","ocean_post_title_bg_image_attachment":"","ocean_post_title_bg_image_repeat":"","ocean_post_title_bg_image_size":"","ocean_post_title_height":0,"ocean_post_title_bg_overlay":0.5,"ocean_post_title_bg_overlay_color":"","ocean_disable_breadcrumbs":"default","ocean_breadcrumbs_color":"","ocean_breadcrumbs_separator_color":"","ocean_breadcrumbs_links_color":"","ocean_breadcrumbs_links_hover_color":"","ocean_display_footer_widgets":"default","ocean_display_footer_bottom":"default","ocean_custom_footer_template":"","ocean_post_oembed":"","ocean_post_self_hosted_media":"","ocean_post_video_embed":"","ocean_link_format":"","ocean_link_format_target":"self","ocean_quote_format":"","ocean_quote_format_link":"post","ocean_gallery_link_images":"on","ocean_gallery_id":[],"footnotes":""},"categories":[109],"tags":[77],"class_list":["post-972","post","type-post","status-publish","format-standard","has-post-thumbnail","hentry","category-show-business","tag-mercado-da-musica","entry","has-media"],"yoast_head":"<!-- This site is optimized with the Yoast SEO plugin v27.4 - https:\/\/yoast.com\/product\/yoast-seo-wordpress\/ -->\n<title>Bastidores do mercado da m\u00fasica - Camarim da ICOMP<\/title>\n<meta name=\"description\" content=\"Empres\u00e1rio musical Cleber Tiba conta o que acontece nos bastidores do mercado da m\u00fasica e que o p\u00fablico nem fica sabendo.\" \/>\n<meta name=\"robots\" content=\"index, follow, max-snippet:-1, max-image-preview:large, max-video-preview:-1\" \/>\n<link rel=\"canonical\" href=\"https:\/\/icomp.com.br\/camarim\/bastidores-do-mercado-da-musica-coisas-que-nunca-te-contaram\/\" \/>\n<meta property=\"og:locale\" content=\"pt_BR\" \/>\n<meta property=\"og:type\" content=\"article\" \/>\n<meta property=\"og:title\" content=\"Bastidores do mercado da m\u00fasica - Camarim da ICOMP\" \/>\n<meta property=\"og:description\" content=\"Empres\u00e1rio musical Cleber Tiba conta o que acontece nos bastidores do mercado da m\u00fasica e que o p\u00fablico nem fica sabendo.\" \/>\n<meta property=\"og:url\" content=\"https:\/\/icomp.com.br\/camarim\/bastidores-do-mercado-da-musica-coisas-que-nunca-te-contaram\/\" \/>\n<meta property=\"og:site_name\" content=\"Marketing Musical com Dhiego Bicudo\" \/>\n<meta property=\"article:publisher\" content=\"https:\/\/www.facebook.com\/agenciaicomp\" \/>\n<meta property=\"article:published_time\" content=\"2023-08-26T17:35:40+00:00\" \/>\n<meta property=\"article:modified_time\" content=\"2025-01-24T20:18:29+00:00\" \/>\n<meta property=\"og:image\" content=\"https:\/\/icomp.com.br\/camarim\/wp-content\/uploads\/2020\/08\/camarim-bastidoresdamusica-1024x683.jpg\" \/>\n\t<meta property=\"og:image:width\" content=\"1024\" \/>\n\t<meta property=\"og:image:height\" content=\"683\" \/>\n\t<meta property=\"og:image:type\" content=\"image\/jpeg\" \/>\n<meta name=\"author\" content=\"Dhiego Bicudo\" \/>\n<meta name=\"twitter:card\" content=\"summary_large_image\" \/>\n<meta name=\"twitter:label1\" content=\"Escrito por\" \/>\n\t<meta name=\"twitter:data1\" content=\"Dhiego Bicudo\" \/>\n\t<meta name=\"twitter:label2\" content=\"Est. tempo de leitura\" \/>\n\t<meta name=\"twitter:data2\" content=\"6 minutos\" \/>\n<script type=\"application\/ld+json\" class=\"yoast-schema-graph\">{\"@context\":\"https:\\\/\\\/schema.org\",\"@graph\":[{\"@type\":\"Article\",\"@id\":\"https:\\\/\\\/icomp.com.br\\\/camarim\\\/bastidores-do-mercado-da-musica-coisas-que-nunca-te-contaram\\\/#article\",\"isPartOf\":{\"@id\":\"https:\\\/\\\/icomp.com.br\\\/camarim\\\/bastidores-do-mercado-da-musica-coisas-que-nunca-te-contaram\\\/\"},\"author\":{\"name\":\"Dhiego Bicudo\",\"@id\":\"https:\\\/\\\/icomp.com.br\\\/camarim\\\/#\\\/schema\\\/person\\\/d10a1b1471cde95c3738b4de07287002\"},\"headline\":\"Bastidores do mercado da m\u00fasica: coisas que nunca te contaram\",\"datePublished\":\"2023-08-26T17:35:40+00:00\",\"dateModified\":\"2025-01-24T20:18:29+00:00\",\"mainEntityOfPage\":{\"@id\":\"https:\\\/\\\/icomp.com.br\\\/camarim\\\/bastidores-do-mercado-da-musica-coisas-que-nunca-te-contaram\\\/\"},\"wordCount\":1112,\"publisher\":{\"@id\":\"https:\\\/\\\/icomp.com.br\\\/camarim\\\/#organization\"},\"image\":{\"@id\":\"https:\\\/\\\/icomp.com.br\\\/camarim\\\/bastidores-do-mercado-da-musica-coisas-que-nunca-te-contaram\\\/#primaryimage\"},\"thumbnailUrl\":\"https:\\\/\\\/icomp.com.br\\\/camarim\\\/wp-content\\\/uploads\\\/2020\\\/08\\\/camarim-bastidoresdamusica.jpg\",\"keywords\":[\"mercado da m\u00fasica\"],\"articleSection\":[\"Show Business\"],\"inLanguage\":\"pt-BR\"},{\"@type\":\"WebPage\",\"@id\":\"https:\\\/\\\/icomp.com.br\\\/camarim\\\/bastidores-do-mercado-da-musica-coisas-que-nunca-te-contaram\\\/\",\"url\":\"https:\\\/\\\/icomp.com.br\\\/camarim\\\/bastidores-do-mercado-da-musica-coisas-que-nunca-te-contaram\\\/\",\"name\":\"Bastidores do mercado da m\u00fasica - Camarim da ICOMP\",\"isPartOf\":{\"@id\":\"https:\\\/\\\/icomp.com.br\\\/camarim\\\/#website\"},\"primaryImageOfPage\":{\"@id\":\"https:\\\/\\\/icomp.com.br\\\/camarim\\\/bastidores-do-mercado-da-musica-coisas-que-nunca-te-contaram\\\/#primaryimage\"},\"image\":{\"@id\":\"https:\\\/\\\/icomp.com.br\\\/camarim\\\/bastidores-do-mercado-da-musica-coisas-que-nunca-te-contaram\\\/#primaryimage\"},\"thumbnailUrl\":\"https:\\\/\\\/icomp.com.br\\\/camarim\\\/wp-content\\\/uploads\\\/2020\\\/08\\\/camarim-bastidoresdamusica.jpg\",\"datePublished\":\"2023-08-26T17:35:40+00:00\",\"dateModified\":\"2025-01-24T20:18:29+00:00\",\"description\":\"Empres\u00e1rio musical Cleber Tiba conta o que acontece nos bastidores do mercado da m\u00fasica e que o p\u00fablico nem fica sabendo.\",\"breadcrumb\":{\"@id\":\"https:\\\/\\\/icomp.com.br\\\/camarim\\\/bastidores-do-mercado-da-musica-coisas-que-nunca-te-contaram\\\/#breadcrumb\"},\"inLanguage\":\"pt-BR\",\"potentialAction\":[{\"@type\":\"ReadAction\",\"target\":[\"https:\\\/\\\/icomp.com.br\\\/camarim\\\/bastidores-do-mercado-da-musica-coisas-que-nunca-te-contaram\\\/\"]}]},{\"@type\":\"ImageObject\",\"inLanguage\":\"pt-BR\",\"@id\":\"https:\\\/\\\/icomp.com.br\\\/camarim\\\/bastidores-do-mercado-da-musica-coisas-que-nunca-te-contaram\\\/#primaryimage\",\"url\":\"https:\\\/\\\/icomp.com.br\\\/camarim\\\/wp-content\\\/uploads\\\/2020\\\/08\\\/camarim-bastidoresdamusica.jpg\",\"contentUrl\":\"https:\\\/\\\/icomp.com.br\\\/camarim\\\/wp-content\\\/uploads\\\/2020\\\/08\\\/camarim-bastidoresdamusica.jpg\",\"width\":1920,\"height\":1281,\"caption\":\"mercado da m\u00fasica\"},{\"@type\":\"BreadcrumbList\",\"@id\":\"https:\\\/\\\/icomp.com.br\\\/camarim\\\/bastidores-do-mercado-da-musica-coisas-que-nunca-te-contaram\\\/#breadcrumb\",\"itemListElement\":[{\"@type\":\"ListItem\",\"position\":1,\"name\":\"Home\",\"item\":\"https:\\\/\\\/icomp.com.br\\\/camarim\\\/\"},{\"@type\":\"ListItem\",\"position\":2,\"name\":\"Bastidores do mercado da m\u00fasica: coisas que nunca te contaram\"}]},{\"@type\":\"WebSite\",\"@id\":\"https:\\\/\\\/icomp.com.br\\\/camarim\\\/#website\",\"url\":\"https:\\\/\\\/icomp.com.br\\\/camarim\\\/\",\"name\":\"Marketing Musical com Dhiego Bicudo\",\"description\":\"Conhe\u00e7a as estrat\u00e9gias no marketing musical que uso na Ag\u00eancia ICOMP para transformar cantores, duplas e bandas em artistas reconhecidos\",\"publisher\":{\"@id\":\"https:\\\/\\\/icomp.com.br\\\/camarim\\\/#organization\"},\"potentialAction\":[{\"@type\":\"SearchAction\",\"target\":{\"@type\":\"EntryPoint\",\"urlTemplate\":\"https:\\\/\\\/icomp.com.br\\\/camarim\\\/?s={search_term_string}\"},\"query-input\":{\"@type\":\"PropertyValueSpecification\",\"valueRequired\":true,\"valueName\":\"search_term_string\"}}],\"inLanguage\":\"pt-BR\"},{\"@type\":\"Organization\",\"@id\":\"https:\\\/\\\/icomp.com.br\\\/camarim\\\/#organization\",\"name\":\"Marketing Musical com Dhiego Bicudo\",\"url\":\"https:\\\/\\\/icomp.com.br\\\/camarim\\\/\",\"logo\":{\"@type\":\"ImageObject\",\"inLanguage\":\"pt-BR\",\"@id\":\"https:\\\/\\\/icomp.com.br\\\/camarim\\\/#\\\/schema\\\/logo\\\/image\\\/\",\"url\":\"https:\\\/\\\/icomp.com.br\\\/camarim\\\/wp-content\\\/uploads\\\/2017\\\/10\\\/cropped-icone.png\",\"contentUrl\":\"https:\\\/\\\/icomp.com.br\\\/camarim\\\/wp-content\\\/uploads\\\/2017\\\/10\\\/cropped-icone.png\",\"width\":512,\"height\":512,\"caption\":\"Marketing Musical com Dhiego Bicudo\"},\"image\":{\"@id\":\"https:\\\/\\\/icomp.com.br\\\/camarim\\\/#\\\/schema\\\/logo\\\/image\\\/\"},\"sameAs\":[\"https:\\\/\\\/www.facebook.com\\\/agenciaicomp\",\"https:\\\/\\\/www.instagram.com\\\/dhiegobicudo\",\"https:\\\/\\\/www.linkedin.com\\\/in\\\/dhiegobicudo\",\"https:\\\/\\\/www.youtube.com\\\/@TrilhadoCantor\"]},{\"@type\":\"Person\",\"@id\":\"https:\\\/\\\/icomp.com.br\\\/camarim\\\/#\\\/schema\\\/person\\\/d10a1b1471cde95c3738b4de07287002\",\"name\":\"Dhiego Bicudo\",\"image\":{\"@type\":\"ImageObject\",\"inLanguage\":\"pt-BR\",\"@id\":\"https:\\\/\\\/secure.gravatar.com\\\/avatar\\\/199e5081b46939e9add8e7fc06e802eb2f43ff99423ca0ef09d71f21882a5c49?s=96&d=mm&r=g\",\"url\":\"https:\\\/\\\/secure.gravatar.com\\\/avatar\\\/199e5081b46939e9add8e7fc06e802eb2f43ff99423ca0ef09d71f21882a5c49?s=96&d=mm&r=g\",\"contentUrl\":\"https:\\\/\\\/secure.gravatar.com\\\/avatar\\\/199e5081b46939e9add8e7fc06e802eb2f43ff99423ca0ef09d71f21882a5c49?s=96&d=mm&r=g\",\"caption\":\"Dhiego Bicudo\"},\"description\":\"possui muita experi\u00eancia em estrat\u00e9gias de marketing musical para cantores, duplas e bandas na Ag\u00eancia ICOMP\",\"url\":\"https:\\\/\\\/icomp.com.br\\\/camarim\\\/author\\\/d2ecf63ba8a1943f\\\/\"}]}<\/script>\n<!-- \/ Yoast SEO plugin. -->","yoast_head_json":{"title":"Bastidores do mercado da m\u00fasica - Camarim da ICOMP","description":"Empres\u00e1rio musical Cleber Tiba conta o que acontece nos bastidores do mercado da m\u00fasica e que o p\u00fablico nem fica sabendo.","robots":{"index":"index","follow":"follow","max-snippet":"max-snippet:-1","max-image-preview":"max-image-preview:large","max-video-preview":"max-video-preview:-1"},"canonical":"https:\/\/icomp.com.br\/camarim\/bastidores-do-mercado-da-musica-coisas-que-nunca-te-contaram\/","og_locale":"pt_BR","og_type":"article","og_title":"Bastidores do mercado da m\u00fasica - Camarim da ICOMP","og_description":"Empres\u00e1rio musical Cleber Tiba conta o que acontece nos bastidores do mercado da m\u00fasica e que o p\u00fablico nem fica sabendo.","og_url":"https:\/\/icomp.com.br\/camarim\/bastidores-do-mercado-da-musica-coisas-que-nunca-te-contaram\/","og_site_name":"Marketing Musical com Dhiego Bicudo","article_publisher":"https:\/\/www.facebook.com\/agenciaicomp","article_published_time":"2023-08-26T17:35:40+00:00","article_modified_time":"2025-01-24T20:18:29+00:00","og_image":[{"width":1024,"height":683,"url":"https:\/\/icomp.com.br\/camarim\/wp-content\/uploads\/2020\/08\/camarim-bastidoresdamusica-1024x683.jpg","type":"image\/jpeg"}],"author":"Dhiego Bicudo","twitter_card":"summary_large_image","twitter_misc":{"Escrito por":"Dhiego Bicudo","Est. tempo de leitura":"6 minutos"},"schema":{"@context":"https:\/\/schema.org","@graph":[{"@type":"Article","@id":"https:\/\/icomp.com.br\/camarim\/bastidores-do-mercado-da-musica-coisas-que-nunca-te-contaram\/#article","isPartOf":{"@id":"https:\/\/icomp.com.br\/camarim\/bastidores-do-mercado-da-musica-coisas-que-nunca-te-contaram\/"},"author":{"name":"Dhiego Bicudo","@id":"https:\/\/icomp.com.br\/camarim\/#\/schema\/person\/d10a1b1471cde95c3738b4de07287002"},"headline":"Bastidores do mercado da m\u00fasica: coisas que nunca te contaram","datePublished":"2023-08-26T17:35:40+00:00","dateModified":"2025-01-24T20:18:29+00:00","mainEntityOfPage":{"@id":"https:\/\/icomp.com.br\/camarim\/bastidores-do-mercado-da-musica-coisas-que-nunca-te-contaram\/"},"wordCount":1112,"publisher":{"@id":"https:\/\/icomp.com.br\/camarim\/#organization"},"image":{"@id":"https:\/\/icomp.com.br\/camarim\/bastidores-do-mercado-da-musica-coisas-que-nunca-te-contaram\/#primaryimage"},"thumbnailUrl":"https:\/\/icomp.com.br\/camarim\/wp-content\/uploads\/2020\/08\/camarim-bastidoresdamusica.jpg","keywords":["mercado da m\u00fasica"],"articleSection":["Show Business"],"inLanguage":"pt-BR"},{"@type":"WebPage","@id":"https:\/\/icomp.com.br\/camarim\/bastidores-do-mercado-da-musica-coisas-que-nunca-te-contaram\/","url":"https:\/\/icomp.com.br\/camarim\/bastidores-do-mercado-da-musica-coisas-que-nunca-te-contaram\/","name":"Bastidores do mercado da m\u00fasica - Camarim da ICOMP","isPartOf":{"@id":"https:\/\/icomp.com.br\/camarim\/#website"},"primaryImageOfPage":{"@id":"https:\/\/icomp.com.br\/camarim\/bastidores-do-mercado-da-musica-coisas-que-nunca-te-contaram\/#primaryimage"},"image":{"@id":"https:\/\/icomp.com.br\/camarim\/bastidores-do-mercado-da-musica-coisas-que-nunca-te-contaram\/#primaryimage"},"thumbnailUrl":"https:\/\/icomp.com.br\/camarim\/wp-content\/uploads\/2020\/08\/camarim-bastidoresdamusica.jpg","datePublished":"2023-08-26T17:35:40+00:00","dateModified":"2025-01-24T20:18:29+00:00","description":"Empres\u00e1rio musical Cleber Tiba conta o que acontece nos bastidores do mercado da m\u00fasica e que o p\u00fablico nem fica sabendo.","breadcrumb":{"@id":"https:\/\/icomp.com.br\/camarim\/bastidores-do-mercado-da-musica-coisas-que-nunca-te-contaram\/#breadcrumb"},"inLanguage":"pt-BR","potentialAction":[{"@type":"ReadAction","target":["https:\/\/icomp.com.br\/camarim\/bastidores-do-mercado-da-musica-coisas-que-nunca-te-contaram\/"]}]},{"@type":"ImageObject","inLanguage":"pt-BR","@id":"https:\/\/icomp.com.br\/camarim\/bastidores-do-mercado-da-musica-coisas-que-nunca-te-contaram\/#primaryimage","url":"https:\/\/icomp.com.br\/camarim\/wp-content\/uploads\/2020\/08\/camarim-bastidoresdamusica.jpg","contentUrl":"https:\/\/icomp.com.br\/camarim\/wp-content\/uploads\/2020\/08\/camarim-bastidoresdamusica.jpg","width":1920,"height":1281,"caption":"mercado da m\u00fasica"},{"@type":"BreadcrumbList","@id":"https:\/\/icomp.com.br\/camarim\/bastidores-do-mercado-da-musica-coisas-que-nunca-te-contaram\/#breadcrumb","itemListElement":[{"@type":"ListItem","position":1,"name":"Home","item":"https:\/\/icomp.com.br\/camarim\/"},{"@type":"ListItem","position":2,"name":"Bastidores do mercado da m\u00fasica: coisas que nunca te contaram"}]},{"@type":"WebSite","@id":"https:\/\/icomp.com.br\/camarim\/#website","url":"https:\/\/icomp.com.br\/camarim\/","name":"Marketing Musical com Dhiego Bicudo","description":"Conhe\u00e7a as estrat\u00e9gias no marketing musical que uso na Ag\u00eancia ICOMP para transformar cantores, duplas e bandas em artistas reconhecidos","publisher":{"@id":"https:\/\/icomp.com.br\/camarim\/#organization"},"potentialAction":[{"@type":"SearchAction","target":{"@type":"EntryPoint","urlTemplate":"https:\/\/icomp.com.br\/camarim\/?s={search_term_string}"},"query-input":{"@type":"PropertyValueSpecification","valueRequired":true,"valueName":"search_term_string"}}],"inLanguage":"pt-BR"},{"@type":"Organization","@id":"https:\/\/icomp.com.br\/camarim\/#organization","name":"Marketing Musical com Dhiego Bicudo","url":"https:\/\/icomp.com.br\/camarim\/","logo":{"@type":"ImageObject","inLanguage":"pt-BR","@id":"https:\/\/icomp.com.br\/camarim\/#\/schema\/logo\/image\/","url":"https:\/\/icomp.com.br\/camarim\/wp-content\/uploads\/2017\/10\/cropped-icone.png","contentUrl":"https:\/\/icomp.com.br\/camarim\/wp-content\/uploads\/2017\/10\/cropped-icone.png","width":512,"height":512,"caption":"Marketing Musical com Dhiego Bicudo"},"image":{"@id":"https:\/\/icomp.com.br\/camarim\/#\/schema\/logo\/image\/"},"sameAs":["https:\/\/www.facebook.com\/agenciaicomp","https:\/\/www.instagram.com\/dhiegobicudo","https:\/\/www.linkedin.com\/in\/dhiegobicudo","https:\/\/www.youtube.com\/@TrilhadoCantor"]},{"@type":"Person","@id":"https:\/\/icomp.com.br\/camarim\/#\/schema\/person\/d10a1b1471cde95c3738b4de07287002","name":"Dhiego Bicudo","image":{"@type":"ImageObject","inLanguage":"pt-BR","@id":"https:\/\/secure.gravatar.com\/avatar\/199e5081b46939e9add8e7fc06e802eb2f43ff99423ca0ef09d71f21882a5c49?s=96&d=mm&r=g","url":"https:\/\/secure.gravatar.com\/avatar\/199e5081b46939e9add8e7fc06e802eb2f43ff99423ca0ef09d71f21882a5c49?s=96&d=mm&r=g","contentUrl":"https:\/\/secure.gravatar.com\/avatar\/199e5081b46939e9add8e7fc06e802eb2f43ff99423ca0ef09d71f21882a5c49?s=96&d=mm&r=g","caption":"Dhiego Bicudo"},"description":"possui muita experi\u00eancia em estrat\u00e9gias de marketing musical para cantores, duplas e bandas na Ag\u00eancia ICOMP","url":"https:\/\/icomp.com.br\/camarim\/author\/d2ecf63ba8a1943f\/"}]}},"_links":{"self":[{"href":"https:\/\/icomp.com.br\/camarim\/wp-json\/wp\/v2\/posts\/972","targetHints":{"allow":["GET"]}}],"collection":[{"href":"https:\/\/icomp.com.br\/camarim\/wp-json\/wp\/v2\/posts"}],"about":[{"href":"https:\/\/icomp.com.br\/camarim\/wp-json\/wp\/v2\/types\/post"}],"author":[{"embeddable":true,"href":"https:\/\/icomp.com.br\/camarim\/wp-json\/wp\/v2\/users\/10"}],"replies":[{"embeddable":true,"href":"https:\/\/icomp.com.br\/camarim\/wp-json\/wp\/v2\/comments?post=972"}],"version-history":[{"count":0,"href":"https:\/\/icomp.com.br\/camarim\/wp-json\/wp\/v2\/posts\/972\/revisions"}],"wp:featuredmedia":[{"embeddable":true,"href":"https:\/\/icomp.com.br\/camarim\/wp-json\/wp\/v2\/media\/981"}],"wp:attachment":[{"href":"https:\/\/icomp.com.br\/camarim\/wp-json\/wp\/v2\/media?parent=972"}],"wp:term":[{"taxonomy":"category","embeddable":true,"href":"https:\/\/icomp.com.br\/camarim\/wp-json\/wp\/v2\/categories?post=972"},{"taxonomy":"post_tag","embeddable":true,"href":"https:\/\/icomp.com.br\/camarim\/wp-json\/wp\/v2\/tags?post=972"}],"curies":[{"name":"wp","href":"https:\/\/api.w.org\/{rel}","templated":true}]}}